{"id":990,"date":"2021-09-15T22:26:08","date_gmt":"2021-09-16T01:26:08","guid":{"rendered":"http:\/\/educacao.cambe.pr.gov.br\/?p=990"},"modified":"2024-10-08T08:26:23","modified_gmt":"2024-10-08T11:26:23","slug":"990","status":"publish","type":"post","link":"https:\/\/educacao.cambe.pr.gov.br\/index.php\/990\/","title":{"rendered":"Processo de Consulta \u00e0 Comunidade Escolar para Designa\u00e7\u00e3o de Diretores das Unidades Escolares"},"content":{"rendered":"<p style=\"text-align: justify;\">Na data de hoje, 15 de setembro de 2021, o Prefeito Municipal de Camb\u00e9, no uso de suas atribui\u00e7\u00f5es estabelece as normas para o Processo de Consulta \u00e0 Comunidade Escolar para Designa\u00e7\u00e3o de Diretores das Unidades Escolares, da Rede Municipal de Educa\u00e7\u00e3o de Camb\u00e9, a partir da publica\u00e7\u00e3o do Decreto n.\u00ba 518.<\/p>\n<p>O download do arquivo com o Decreto completo pode ser realizado <a href=\"https:\/\/drive.google.com\/file\/d\/1y8ZtnrDadoHTCHrLexa3oX4xmtKjrP5N\/view?usp=sharing\">clicando aqui.<\/a><\/p>\n<p><span class=\"JsGRdQ\">A seguir, compartilhamos&nbsp; o&nbsp; cronograma com todas as datas e etapas que os interessados em participar do processo de elei\u00e7\u00e3o escolar devem se atentar.<\/span><\/p>\n<p>&nbsp;<\/p>\n<p><img fetchpriority=\"high\" decoding=\"async\" class=\"alignnone size-medium wp-image-1000\" src=\"https:\/\/educacao.cambe.pr.gov.br\/wp-content\/uploads\/2021\/09\/2-300x300.png\" alt=\"\" width=\"300\" height=\"300\" srcset=\"https:\/\/educacao.cambe.pr.gov.br\/wp-content\/uploads\/2021\/09\/2-300x300.png 300w, https:\/\/educacao.cambe.pr.gov.br\/wp-content\/uploads\/2021\/09\/2-1024x1024.png 1024w, https:\/\/educacao.cambe.pr.gov.br\/wp-content\/uploads\/2021\/09\/2-150x150.png 150w, https:\/\/educacao.cambe.pr.gov.br\/wp-content\/uploads\/2021\/09\/2-768x768.png 768w, https:\/\/educacao.cambe.pr.gov.br\/wp-content\/uploads\/2021\/09\/2-50x50.png 50w, https:\/\/educacao.cambe.pr.gov.br\/wp-content\/uploads\/2021\/09\/2-80x80.png 80w, https:\/\/educacao.cambe.pr.gov.br\/wp-content\/uploads\/2021\/09\/2.png 1080w\" sizes=\"(max-width: 300px) 100vw, 300px\" \/> <img decoding=\"async\" class=\"alignnone size-medium wp-image-1001\" src=\"https:\/\/educacao.cambe.pr.gov.br\/wp-content\/uploads\/2021\/09\/3-300x300.png\" alt=\"\" width=\"300\" height=\"300\" srcset=\"https:\/\/educacao.cambe.pr.gov.br\/wp-content\/uploads\/2021\/09\/3-300x300.png 300w, https:\/\/educacao.cambe.pr.gov.br\/wp-content\/uploads\/2021\/09\/3-1024x1024.png 1024w, https:\/\/educacao.cambe.pr.gov.br\/wp-content\/uploads\/2021\/09\/3-150x150.png 150w, https:\/\/educacao.cambe.pr.gov.br\/wp-content\/uploads\/2021\/09\/3-768x768.png 768w, https:\/\/educacao.cambe.pr.gov.br\/wp-content\/uploads\/2021\/09\/3-50x50.png 50w, https:\/\/educacao.cambe.pr.gov.br\/wp-content\/uploads\/2021\/09\/3-80x80.png 80w, https:\/\/educacao.cambe.pr.gov.br\/wp-content\/uploads\/2021\/09\/3.png 1080w\" sizes=\"(max-width: 300px) 100vw, 300px\" \/> <img decoding=\"async\" class=\"alignnone size-medium wp-image-1002\" src=\"https:\/\/educacao.cambe.pr.gov.br\/wp-content\/uploads\/2021\/09\/4-300x300.png\" alt=\"\" width=\"300\" height=\"300\" srcset=\"https:\/\/educacao.cambe.pr.gov.br\/wp-content\/uploads\/2021\/09\/4-300x300.png 300w, https:\/\/educacao.cambe.pr.gov.br\/wp-content\/uploads\/2021\/09\/4-1024x1024.png 1024w, https:\/\/educacao.cambe.pr.gov.br\/wp-content\/uploads\/2021\/09\/4-150x150.png 150w, https:\/\/educacao.cambe.pr.gov.br\/wp-content\/uploads\/2021\/09\/4-768x768.png 768w, https:\/\/educacao.cambe.pr.gov.br\/wp-content\/uploads\/2021\/09\/4-50x50.png 50w, https:\/\/educacao.cambe.pr.gov.br\/wp-content\/uploads\/2021\/09\/4-80x80.png 80w, https:\/\/educacao.cambe.pr.gov.br\/wp-content\/uploads\/2021\/09\/4.png 1080w\" sizes=\"(max-width: 300px) 100vw, 300px\" \/> <img loading=\"lazy\" decoding=\"async\" class=\"alignnone size-medium wp-image-1003\" src=\"https:\/\/educacao.cambe.pr.gov.br\/wp-content\/uploads\/2021\/09\/5-300x300.png\" alt=\"\" width=\"300\" height=\"300\" srcset=\"https:\/\/educacao.cambe.pr.gov.br\/wp-content\/uploads\/2021\/09\/5-300x300.png 300w, https:\/\/educacao.cambe.pr.gov.br\/wp-content\/uploads\/2021\/09\/5-1024x1024.png 1024w, https:\/\/educacao.cambe.pr.gov.br\/wp-content\/uploads\/2021\/09\/5-150x150.png 150w, https:\/\/educacao.cambe.pr.gov.br\/wp-content\/uploads\/2021\/09\/5-768x768.png 768w, https:\/\/educacao.cambe.pr.gov.br\/wp-content\/uploads\/2021\/09\/5-50x50.png 50w, https:\/\/educacao.cambe.pr.gov.br\/wp-content\/uploads\/2021\/09\/5-80x80.png 80w, https:\/\/educacao.cambe.pr.gov.br\/wp-content\/uploads\/2021\/09\/5.png 1080w\" sizes=\"(max-width: 300px) 100vw, 300px\" \/><\/p>\n<p>&nbsp;<\/p>\n<p>&nbsp;<\/p>\n","protected":false},"excerpt":{"rendered":"<p>Na data de hoje, 15 de setembro de 2021, o Prefeito Municipal de Camb\u00e9, no uso de suas atribui\u00e7\u00f5es estabelece as normas para o Processo de Consulta \u00e0 Comunidade Escolar para Designa\u00e7\u00e3o de Diretores das Unidades Escolares, da Rede Municipal de Educa\u00e7\u00e3o de Camb\u00e9, a partir da publica\u00e7\u00e3o do Decreto n.\u00ba 518. O download do [&hellip;]<\/p>\n","protected":false},"author":7,"featured_media":1005,"comment_status":"closed","ping_status":"open","sticky":false,"template":"","format":"standard","meta":{"ngg_post_thumbnail":0,"footnotes":""},"categories":[1],"tags":[],"class_list":["post-990","post","type-post","status-publish","format-standard","has-post-thumbnail","hentry","category-educacao"],"yoast_head":"<!-- This site is optimized with the Yoast SEO plugin v24.4 - https:\/\/yoast.com\/wordpress\/plugins\/seo\/ -->\n<title>Processo de Consulta \u00e0 Comunidade Escolar para Designa\u00e7\u00e3o de Diretores das Unidades Escolares - Secretaria de Educa\u00e7\u00e3o e Cultura<\/title>\n<meta name=\"robots\" content=\"index, follow, max-snippet:-1, max-image-preview:large, max-video-preview:-1\" \/>\n<link rel=\"canonical\" href=\"https:\/\/educacao.cambe.pr.gov.br\/index.php\/990\/\" \/>\n<meta property=\"og:locale\" content=\"pt_BR\" \/>\n<meta property=\"og:type\" content=\"article\" \/>\n<meta property=\"og:title\" content=\"Processo de Consulta \u00e0 Comunidade Escolar para Designa\u00e7\u00e3o de Diretores das Unidades Escolares - Secretaria de Educa\u00e7\u00e3o e Cultura\" \/>\n<meta property=\"og:description\" content=\"Na data de hoje, 15 de setembro de 2021, o Prefeito Municipal de Camb\u00e9, no uso de suas atribui\u00e7\u00f5es estabelece as normas para o Processo de Consulta \u00e0 Comunidade Escolar para Designa\u00e7\u00e3o de Diretores das Unidades Escolares, da Rede Municipal de Educa\u00e7\u00e3o de Camb\u00e9, a partir da publica\u00e7\u00e3o do Decreto n.\u00ba 518. O download do [&hellip;]\" \/>\n<meta property=\"og:url\" content=\"https:\/\/educacao.cambe.pr.gov.br\/index.php\/990\/\" \/>\n<meta property=\"og:site_name\" content=\"Secretaria de Educa\u00e7\u00e3o e Cultura\" \/>\n<meta property=\"article:published_time\" content=\"2021-09-16T01:26:08+00:00\" \/>\n<meta property=\"article:modified_time\" content=\"2024-10-08T11:26:23+00:00\" \/>\n<meta property=\"og:image\" content=\"https:\/\/educacao.cambe.pr.gov.br\/wp-content\/uploads\/2021\/09\/1.png\" \/>\n\t<meta property=\"og:image:width\" content=\"1080\" \/>\n\t<meta property=\"og:image:height\" content=\"1080\" \/>\n\t<meta property=\"og:image:type\" content=\"image\/png\" \/>\n<meta name=\"author\" content=\"Juliano Lopes da Silva\" \/>\n<meta name=\"twitter:card\" content=\"summary_large_image\" \/>\n<meta name=\"twitter:label1\" content=\"Escrito por\" \/>\n\t<meta name=\"twitter:data1\" content=\"Juliano Lopes da Silva\" \/>\n<script type=\"application\/ld+json\" class=\"yoast-schema-graph\">{\"@context\":\"https:\/\/schema.org\",\"@graph\":[{\"@type\":\"Article\",\"@id\":\"https:\/\/educacao.cambe.pr.gov.br\/index.php\/990\/#article\",\"isPartOf\":{\"@id\":\"https:\/\/educacao.cambe.pr.gov.br\/index.php\/990\/\"},\"author\":{\"name\":\"Juliano Lopes da Silva\",\"@id\":\"https:\/\/educacao.cambe.pr.gov.br\/#\/schema\/person\/a194ff5a99ad942628443f37e7b98c85\"},\"headline\":\"Processo de Consulta \u00e0 Comunidade Escolar para Designa\u00e7\u00e3o de Diretores das Unidades Escolares\",\"datePublished\":\"2021-09-16T01:26:08+00:00\",\"dateModified\":\"2024-10-08T11:26:23+00:00\",\"mainEntityOfPage\":{\"@id\":\"https:\/\/educacao.cambe.pr.gov.br\/index.php\/990\/\"},\"wordCount\":108,\"publisher\":{\"@id\":\"https:\/\/educacao.cambe.pr.gov.br\/#organization\"},\"image\":{\"@id\":\"https:\/\/educacao.cambe.pr.gov.br\/index.php\/990\/#primaryimage\"},\"thumbnailUrl\":\"https:\/\/educacao.cambe.pr.gov.br\/wp-content\/uploads\/2021\/09\/1.png\",\"articleSection\":[\"Educa\u00e7\u00e3o\"],\"inLanguage\":\"pt-BR\"},{\"@type\":\"WebPage\",\"@id\":\"https:\/\/educacao.cambe.pr.gov.br\/index.php\/990\/\",\"url\":\"https:\/\/educacao.cambe.pr.gov.br\/index.php\/990\/\",\"name\":\"Processo de Consulta \u00e0 Comunidade Escolar para Designa\u00e7\u00e3o de Diretores das Unidades Escolares - Secretaria de Educa\u00e7\u00e3o e Cultura\",\"isPartOf\":{\"@id\":\"https:\/\/educacao.cambe.pr.gov.br\/#website\"},\"primaryImageOfPage\":{\"@id\":\"https:\/\/educacao.cambe.pr.gov.br\/index.php\/990\/#primaryimage\"},\"image\":{\"@id\":\"https:\/\/educacao.cambe.pr.gov.br\/index.php\/990\/#primaryimage\"},\"thumbnailUrl\":\"https:\/\/educacao.cambe.pr.gov.br\/wp-content\/uploads\/2021\/09\/1.png\",\"datePublished\":\"2021-09-16T01:26:08+00:00\",\"dateModified\":\"2024-10-08T11:26:23+00:00\",\"breadcrumb\":{\"@id\":\"https:\/\/educacao.cambe.pr.gov.br\/index.php\/990\/#breadcrumb\"},\"inLanguage\":\"pt-BR\",\"potentialAction\":[{\"@type\":\"ReadAction\",\"target\":[\"https:\/\/educacao.cambe.pr.gov.br\/index.php\/990\/\"]}]},{\"@type\":\"ImageObject\",\"inLanguage\":\"pt-BR\",\"@id\":\"https:\/\/educacao.cambe.pr.gov.br\/index.php\/990\/#primaryimage\",\"url\":\"https:\/\/educacao.cambe.pr.gov.br\/wp-content\/uploads\/2021\/09\/1.png\",\"contentUrl\":\"https:\/\/educacao.cambe.pr.gov.br\/wp-content\/uploads\/2021\/09\/1.png\",\"width\":1080,\"height\":1080},{\"@type\":\"BreadcrumbList\",\"@id\":\"https:\/\/educacao.cambe.pr.gov.br\/index.php\/990\/#breadcrumb\",\"itemListElement\":[{\"@type\":\"ListItem\",\"position\":1,\"name\":\"In\u00edcio\",\"item\":\"https:\/\/educacao.cambe.pr.gov.br\/\"},{\"@type\":\"ListItem\",\"position\":2,\"name\":\"Processo de Consulta \u00e0 Comunidade Escolar para Designa\u00e7\u00e3o de Diretores das Unidades Escolares\"}]},{\"@type\":\"WebSite\",\"@id\":\"https:\/\/educacao.cambe.pr.gov.br\/#website\",\"url\":\"https:\/\/educacao.cambe.pr.gov.br\/\",\"name\":\"Secretaria de Educa\u00e7\u00e3o e Cultura\",\"description\":\"Prefeitura de Camb\u00e9\",\"publisher\":{\"@id\":\"https:\/\/educacao.cambe.pr.gov.br\/#organization\"},\"potentialAction\":[{\"@type\":\"SearchAction\",\"target\":{\"@type\":\"EntryPoint\",\"urlTemplate\":\"https:\/\/educacao.cambe.pr.gov.br\/?s={search_term_string}\"},\"query-input\":{\"@type\":\"PropertyValueSpecification\",\"valueRequired\":true,\"valueName\":\"search_term_string\"}}],\"inLanguage\":\"pt-BR\"},{\"@type\":\"Organization\",\"@id\":\"https:\/\/educacao.cambe.pr.gov.br\/#organization\",\"name\":\"Secretaria de Educa\u00e7\u00e3o e Cultura\",\"url\":\"https:\/\/educacao.cambe.pr.gov.br\/\",\"logo\":{\"@type\":\"ImageObject\",\"inLanguage\":\"pt-BR\",\"@id\":\"https:\/\/educacao.cambe.pr.gov.br\/#\/schema\/logo\/image\/\",\"url\":\"https:\/\/educacao.cambe.pr.gov.br\/wp-content\/uploads\/2020\/08\/cambe_rural_brazao-pq.png\",\"contentUrl\":\"https:\/\/educacao.cambe.pr.gov.br\/wp-content\/uploads\/2020\/08\/cambe_rural_brazao-pq.png\",\"width\":150,\"height\":150,\"caption\":\"Secretaria de Educa\u00e7\u00e3o e Cultura\"},\"image\":{\"@id\":\"https:\/\/educacao.cambe.pr.gov.br\/#\/schema\/logo\/image\/\"}},{\"@type\":\"Person\",\"@id\":\"https:\/\/educacao.cambe.pr.gov.br\/#\/schema\/person\/a194ff5a99ad942628443f37e7b98c85\",\"name\":\"Juliano Lopes da Silva\",\"image\":{\"@type\":\"ImageObject\",\"inLanguage\":\"pt-BR\",\"@id\":\"https:\/\/educacao.cambe.pr.gov.br\/#\/schema\/person\/image\/\",\"url\":\"https:\/\/secure.gravatar.com\/avatar\/6b2019b8516158d7cb6416618a3a2b45?s=96&d=mm&r=g\",\"contentUrl\":\"https:\/\/secure.gravatar.com\/avatar\/6b2019b8516158d7cb6416618a3a2b45?s=96&d=mm&r=g\",\"caption\":\"Juliano Lopes da Silva\"},\"url\":\"https:\/\/educacao.cambe.pr.gov.br\/index.php\/author\/jlsilva\/\"}]}<\/script>\n<!-- \/ Yoast SEO plugin. -->","yoast_head_json":{"title":"Processo de Consulta \u00e0 Comunidade Escolar para Designa\u00e7\u00e3o de Diretores das Unidades Escolares - Secretaria de Educa\u00e7\u00e3o e Cultura","robots":{"index":"index","follow":"follow","max-snippet":"max-snippet:-1","max-image-preview":"max-image-preview:large","max-video-preview":"max-video-preview:-1"},"canonical":"https:\/\/educacao.cambe.pr.gov.br\/index.php\/990\/","og_locale":"pt_BR","og_type":"article","og_title":"Processo de Consulta \u00e0 Comunidade Escolar para Designa\u00e7\u00e3o de Diretores das Unidades Escolares - Secretaria de Educa\u00e7\u00e3o e Cultura","og_description":"Na data de hoje, 15 de setembro de 2021, o Prefeito Municipal de Camb\u00e9, no uso de suas atribui\u00e7\u00f5es estabelece as normas para o Processo de Consulta \u00e0 Comunidade Escolar para Designa\u00e7\u00e3o de Diretores das Unidades Escolares, da Rede Municipal de Educa\u00e7\u00e3o de Camb\u00e9, a partir da publica\u00e7\u00e3o do Decreto n.\u00ba 518. O download do [&hellip;]","og_url":"https:\/\/educacao.cambe.pr.gov.br\/index.php\/990\/","og_site_name":"Secretaria de Educa\u00e7\u00e3o e Cultura","article_published_time":"2021-09-16T01:26:08+00:00","article_modified_time":"2024-10-08T11:26:23+00:00","og_image":[{"width":1080,"height":1080,"url":"https:\/\/educacao.cambe.pr.gov.br\/wp-content\/uploads\/2021\/09\/1.png","type":"image\/png"}],"author":"Juliano Lopes da Silva","twitter_card":"summary_large_image","twitter_misc":{"Escrito por":"Juliano Lopes da Silva"},"schema":{"@context":"https:\/\/schema.org","@graph":[{"@type":"Article","@id":"https:\/\/educacao.cambe.pr.gov.br\/index.php\/990\/#article","isPartOf":{"@id":"https:\/\/educacao.cambe.pr.gov.br\/index.php\/990\/"},"author":{"name":"Juliano Lopes da Silva","@id":"https:\/\/educacao.cambe.pr.gov.br\/#\/schema\/person\/a194ff5a99ad942628443f37e7b98c85"},"headline":"Processo de Consulta \u00e0 Comunidade Escolar para Designa\u00e7\u00e3o de Diretores das Unidades Escolares","datePublished":"2021-09-16T01:26:08+00:00","dateModified":"2024-10-08T11:26:23+00:00","mainEntityOfPage":{"@id":"https:\/\/educacao.cambe.pr.gov.br\/index.php\/990\/"},"wordCount":108,"publisher":{"@id":"https:\/\/educacao.cambe.pr.gov.br\/#organization"},"image":{"@id":"https:\/\/educacao.cambe.pr.gov.br\/index.php\/990\/#primaryimage"},"thumbnailUrl":"https:\/\/educacao.cambe.pr.gov.br\/wp-content\/uploads\/2021\/09\/1.png","articleSection":["Educa\u00e7\u00e3o"],"inLanguage":"pt-BR"},{"@type":"WebPage","@id":"https:\/\/educacao.cambe.pr.gov.br\/index.php\/990\/","url":"https:\/\/educacao.cambe.pr.gov.br\/index.php\/990\/","name":"Processo de Consulta \u00e0 Comunidade Escolar para Designa\u00e7\u00e3o de Diretores das Unidades Escolares - Secretaria de Educa\u00e7\u00e3o e Cultura","isPartOf":{"@id":"https:\/\/educacao.cambe.pr.gov.br\/#website"},"primaryImageOfPage":{"@id":"https:\/\/educacao.cambe.pr.gov.br\/index.php\/990\/#primaryimage"},"image":{"@id":"https:\/\/educacao.cambe.pr.gov.br\/index.php\/990\/#primaryimage"},"thumbnailUrl":"https:\/\/educacao.cambe.pr.gov.br\/wp-content\/uploads\/2021\/09\/1.png","datePublished":"2021-09-16T01:26:08+00:00","dateModified":"2024-10-08T11:26:23+00:00","breadcrumb":{"@id":"https:\/\/educacao.cambe.pr.gov.br\/index.php\/990\/#breadcrumb"},"inLanguage":"pt-BR","potentialAction":[{"@type":"ReadAction","target":["https:\/\/educacao.cambe.pr.gov.br\/index.php\/990\/"]}]},{"@type":"ImageObject","inLanguage":"pt-BR","@id":"https:\/\/educacao.cambe.pr.gov.br\/index.php\/990\/#primaryimage","url":"https:\/\/educacao.cambe.pr.gov.br\/wp-content\/uploads\/2021\/09\/1.png","contentUrl":"https:\/\/educacao.cambe.pr.gov.br\/wp-content\/uploads\/2021\/09\/1.png","width":1080,"height":1080},{"@type":"BreadcrumbList","@id":"https:\/\/educacao.cambe.pr.gov.br\/index.php\/990\/#breadcrumb","itemListElement":[{"@type":"ListItem","position":1,"name":"In\u00edcio","item":"https:\/\/educacao.cambe.pr.gov.br\/"},{"@type":"ListItem","position":2,"name":"Processo de Consulta \u00e0 Comunidade Escolar para Designa\u00e7\u00e3o de Diretores das Unidades Escolares"}]},{"@type":"WebSite","@id":"https:\/\/educacao.cambe.pr.gov.br\/#website","url":"https:\/\/educacao.cambe.pr.gov.br\/","name":"Secretaria de Educa\u00e7\u00e3o e Cultura","description":"Prefeitura de Camb\u00e9","publisher":{"@id":"https:\/\/educacao.cambe.pr.gov.br\/#organization"},"potentialAction":[{"@type":"SearchAction","target":{"@type":"EntryPoint","urlTemplate":"https:\/\/educacao.cambe.pr.gov.br\/?s={search_term_string}"},"query-input":{"@type":"PropertyValueSpecification","valueRequired":true,"valueName":"search_term_string"}}],"inLanguage":"pt-BR"},{"@type":"Organization","@id":"https:\/\/educacao.cambe.pr.gov.br\/#organization","name":"Secretaria de Educa\u00e7\u00e3o e Cultura","url":"https:\/\/educacao.cambe.pr.gov.br\/","logo":{"@type":"ImageObject","inLanguage":"pt-BR","@id":"https:\/\/educacao.cambe.pr.gov.br\/#\/schema\/logo\/image\/","url":"https:\/\/educacao.cambe.pr.gov.br\/wp-content\/uploads\/2020\/08\/cambe_rural_brazao-pq.png","contentUrl":"https:\/\/educacao.cambe.pr.gov.br\/wp-content\/uploads\/2020\/08\/cambe_rural_brazao-pq.png","width":150,"height":150,"caption":"Secretaria de Educa\u00e7\u00e3o e Cultura"},"image":{"@id":"https:\/\/educacao.cambe.pr.gov.br\/#\/schema\/logo\/image\/"}},{"@type":"Person","@id":"https:\/\/educacao.cambe.pr.gov.br\/#\/schema\/person\/a194ff5a99ad942628443f37e7b98c85","name":"Juliano Lopes da Silva","image":{"@type":"ImageObject","inLanguage":"pt-BR","@id":"https:\/\/educacao.cambe.pr.gov.br\/#\/schema\/person\/image\/","url":"https:\/\/secure.gravatar.com\/avatar\/6b2019b8516158d7cb6416618a3a2b45?s=96&d=mm&r=g","contentUrl":"https:\/\/secure.gravatar.com\/avatar\/6b2019b8516158d7cb6416618a3a2b45?s=96&d=mm&r=g","caption":"Juliano Lopes da Silva"},"url":"https:\/\/educacao.cambe.pr.gov.br\/index.php\/author\/jlsilva\/"}]}},"_links":{"self":[{"href":"https:\/\/educacao.cambe.pr.gov.br\/index.php\/wp-json\/wp\/v2\/posts\/990","targetHints":{"allow":["GET"]}}],"collection":[{"href":"https:\/\/educacao.cambe.pr.gov.br\/index.php\/wp-json\/wp\/v2\/posts"}],"about":[{"href":"https:\/\/educacao.cambe.pr.gov.br\/index.php\/wp-json\/wp\/v2\/types\/post"}],"author":[{"embeddable":true,"href":"https:\/\/educacao.cambe.pr.gov.br\/index.php\/wp-json\/wp\/v2\/users\/7"}],"replies":[{"embeddable":true,"href":"https:\/\/educacao.cambe.pr.gov.br\/index.php\/wp-json\/wp\/v2\/comments?post=990"}],"version-history":[{"count":11,"href":"https:\/\/educacao.cambe.pr.gov.br\/index.php\/wp-json\/wp\/v2\/posts\/990\/revisions"}],"predecessor-version":[{"id":1010,"href":"https:\/\/educacao.cambe.pr.gov.br\/index.php\/wp-json\/wp\/v2\/posts\/990\/revisions\/1010"}],"wp:featuredmedia":[{"embeddable":true,"href":"https:\/\/educacao.cambe.pr.gov.br\/index.php\/wp-json\/wp\/v2\/media\/1005"}],"wp:attachment":[{"href":"https:\/\/educacao.cambe.pr.gov.br\/index.php\/wp-json\/wp\/v2\/media?parent=990"}],"wp:term":[{"taxonomy":"category","embeddable":true,"href":"https:\/\/educacao.cambe.pr.gov.br\/index.php\/wp-json\/wp\/v2\/categories?post=990"},{"taxonomy":"post_tag","embeddable":true,"href":"https:\/\/educacao.cambe.pr.gov.br\/index.php\/wp-json\/wp\/v2\/tags?post=990"}],"curies":[{"name":"wp","href":"https:\/\/api.w.org\/{rel}","templated":true}]}}