{"id":984,"date":"2021-09-15T08:55:48","date_gmt":"2021-09-15T11:55:48","guid":{"rendered":"http:\/\/educacao.cambe.pr.gov.br\/?p=984"},"modified":"2024-10-08T08:26:24","modified_gmt":"2024-10-08T11:26:24","slug":"inscricoes-do-pss-tempo-de-aprender","status":"publish","type":"post","link":"https:\/\/educacao.cambe.pr.gov.br\/index.php\/inscricoes-do-pss-tempo-de-aprender\/","title":{"rendered":"Inscri\u00e7\u00f5es do PSS &#8211; Tempo de Aprender"},"content":{"rendered":"<p style=\"text-align: justify;\">A Secretaria Municipal de Educa\u00e7\u00e3o torna publica a abertura de inscri\u00e7\u00f5es para a de Processo Seletivo destinado a sele\u00e7\u00e3o e constitui\u00e7\u00e3o de banco de Assistentes de Alfabetiza\u00e7\u00e3o, sob o regime de voluntariado, destinado ao atendimento do Programa Tempo de Aprender.&nbsp;<\/p>\n<p style=\"text-align: justify;\">A inscri\u00e7\u00e3o \u00e9 gratuita e estar\u00e1 aberta no per\u00edodo de 15\/09\/2021 a 24\/09\/2021, pelo Formul\u00e1rio Eletr\u00f4nico &#8211; <a href=\"https:\/\/forms.gle\/y75TYVVVkgXFscEU7\">acesse aqui<\/a><\/p>\n<p style=\"text-align: justify;\">Conforme Edital, n\u00e3o ser\u00e3o aceitas inscri\u00e7\u00f5es por via postal, fax, condicional, provis\u00f3ria, ou fora do per\u00edodo estabelecido. Os interessados, no ato da inscri\u00e7\u00e3o dever\u00e3o preencher o formul\u00e1rio eletr\u00f4nico disponibilizado e anexar os documentos listados a seguir, sendo estes obrigatoriamente salvos em formato PDF e nomeados com o nome completo do candidato:<\/p>\n<ol style=\"text-align: justify;\">\n<li>C\u00f3pia do Registro Geral (RG) e Cadastro de pessoa f\u00edsica (CPF);<\/li>\n<li>Fotoc\u00f3pia leg\u00edvel (frente e verso) dos Diplomas ou documentos equivalentes para comprova\u00e7\u00e3o de escolaridade (no caso de candidato graduando apresentar o comprovante de matr\u00edcula da Institui\u00e7\u00e3o de Ensino Superior);<\/li>\n<li>C\u00f3pia autenticada dos documentos comprobat\u00f3rios por Experi\u00eancia e Tempo de Atua\u00e7\u00e3o Docente (correspondentes ao item 6.1, II).<\/li>\n<\/ol>\n<p style=\"text-align: justify;\">O resultado final ser\u00e1 publicado no site da Secretaria Municipal de Educa\u00e7\u00e3o, no dia 01 de outubro de 2021. Todos os candidatos habilitados ser\u00e3o considerados aprovados, constituindo assim o banco de reserva de Assistentes de Alfabetiza\u00e7\u00e3o do Programa Tempo de Aprender.&nbsp;<\/p>\n<p style=\"text-align: justify;\">Os classificados dever\u00e3o comparecer na Secretaria Municipal de Educa\u00e7\u00e3o, em data e hor\u00e1rio a serem publicados, tamb\u00e9m divulgados no site da Secretaria.&nbsp;<\/p>\n","protected":false},"excerpt":{"rendered":"<p>A Secretaria Municipal de Educa\u00e7\u00e3o torna publica a abertura de inscri\u00e7\u00f5es para a de Processo Seletivo destinado a sele\u00e7\u00e3o e constitui\u00e7\u00e3o de banco de Assistentes de Alfabetiza\u00e7\u00e3o, sob o regime de voluntariado, destinado ao atendimento do Programa Tempo de Aprender.&nbsp; A inscri\u00e7\u00e3o \u00e9 gratuita e estar\u00e1 aberta no per\u00edodo de 15\/09\/2021 a 24\/09\/2021, pelo Formul\u00e1rio [&hellip;]<\/p>\n","protected":false},"author":7,"featured_media":0,"comment_status":"closed","ping_status":"open","sticky":false,"template":"","format":"standard","meta":{"ngg_post_thumbnail":0,"footnotes":""},"categories":[1],"tags":[],"class_list":["post-984","post","type-post","status-publish","format-standard","hentry","category-educacao"],"yoast_head":"<!-- This site is optimized with the Yoast SEO plugin v24.4 - https:\/\/yoast.com\/wordpress\/plugins\/seo\/ -->\n<title>Inscri\u00e7\u00f5es do PSS - Tempo de Aprender - Secretaria de Educa\u00e7\u00e3o e Cultura<\/title>\n<meta name=\"robots\" content=\"index, follow, max-snippet:-1, max-image-preview:large, max-video-preview:-1\" \/>\n<link rel=\"canonical\" href=\"https:\/\/educacao.cambe.pr.gov.br\/index.php\/inscricoes-do-pss-tempo-de-aprender\/\" \/>\n<meta property=\"og:locale\" content=\"pt_BR\" \/>\n<meta property=\"og:type\" content=\"article\" \/>\n<meta property=\"og:title\" content=\"Inscri\u00e7\u00f5es do PSS - Tempo de Aprender - Secretaria de Educa\u00e7\u00e3o e Cultura\" \/>\n<meta property=\"og:description\" content=\"A Secretaria Municipal de Educa\u00e7\u00e3o torna publica a abertura de inscri\u00e7\u00f5es para a de Processo Seletivo destinado a sele\u00e7\u00e3o e constitui\u00e7\u00e3o de banco de Assistentes de Alfabetiza\u00e7\u00e3o, sob o regime de voluntariado, destinado ao atendimento do Programa Tempo de Aprender.&nbsp; A inscri\u00e7\u00e3o \u00e9 gratuita e estar\u00e1 aberta no per\u00edodo de 15\/09\/2021 a 24\/09\/2021, pelo Formul\u00e1rio [&hellip;]\" \/>\n<meta property=\"og:url\" content=\"https:\/\/educacao.cambe.pr.gov.br\/index.php\/inscricoes-do-pss-tempo-de-aprender\/\" \/>\n<meta property=\"og:site_name\" content=\"Secretaria de Educa\u00e7\u00e3o e Cultura\" \/>\n<meta property=\"article:published_time\" content=\"2021-09-15T11:55:48+00:00\" \/>\n<meta property=\"article:modified_time\" content=\"2024-10-08T11:26:24+00:00\" \/>\n<meta name=\"author\" content=\"Juliano Lopes da Silva\" \/>\n<meta name=\"twitter:card\" content=\"summary_large_image\" \/>\n<meta name=\"twitter:label1\" content=\"Escrito por\" \/>\n\t<meta name=\"twitter:data1\" content=\"Juliano Lopes da Silva\" \/>\n\t<meta name=\"twitter:label2\" content=\"Est. tempo de leitura\" \/>\n\t<meta name=\"twitter:data2\" content=\"1 minuto\" \/>\n<script type=\"application\/ld+json\" class=\"yoast-schema-graph\">{\"@context\":\"https:\/\/schema.org\",\"@graph\":[{\"@type\":\"Article\",\"@id\":\"https:\/\/educacao.cambe.pr.gov.br\/index.php\/inscricoes-do-pss-tempo-de-aprender\/#article\",\"isPartOf\":{\"@id\":\"https:\/\/educacao.cambe.pr.gov.br\/index.php\/inscricoes-do-pss-tempo-de-aprender\/\"},\"author\":{\"name\":\"Juliano Lopes da Silva\",\"@id\":\"https:\/\/educacao.cambe.pr.gov.br\/#\/schema\/person\/a194ff5a99ad942628443f37e7b98c85\"},\"headline\":\"Inscri\u00e7\u00f5es do PSS &#8211; Tempo de Aprender\",\"datePublished\":\"2021-09-15T11:55:48+00:00\",\"dateModified\":\"2024-10-08T11:26:24+00:00\",\"mainEntityOfPage\":{\"@id\":\"https:\/\/educacao.cambe.pr.gov.br\/index.php\/inscricoes-do-pss-tempo-de-aprender\/\"},\"wordCount\":271,\"publisher\":{\"@id\":\"https:\/\/educacao.cambe.pr.gov.br\/#organization\"},\"articleSection\":[\"Educa\u00e7\u00e3o\"],\"inLanguage\":\"pt-BR\"},{\"@type\":\"WebPage\",\"@id\":\"https:\/\/educacao.cambe.pr.gov.br\/index.php\/inscricoes-do-pss-tempo-de-aprender\/\",\"url\":\"https:\/\/educacao.cambe.pr.gov.br\/index.php\/inscricoes-do-pss-tempo-de-aprender\/\",\"name\":\"Inscri\u00e7\u00f5es do PSS - Tempo de Aprender - Secretaria de Educa\u00e7\u00e3o e Cultura\",\"isPartOf\":{\"@id\":\"https:\/\/educacao.cambe.pr.gov.br\/#website\"},\"datePublished\":\"2021-09-15T11:55:48+00:00\",\"dateModified\":\"2024-10-08T11:26:24+00:00\",\"breadcrumb\":{\"@id\":\"https:\/\/educacao.cambe.pr.gov.br\/index.php\/inscricoes-do-pss-tempo-de-aprender\/#breadcrumb\"},\"inLanguage\":\"pt-BR\",\"potentialAction\":[{\"@type\":\"ReadAction\",\"target\":[\"https:\/\/educacao.cambe.pr.gov.br\/index.php\/inscricoes-do-pss-tempo-de-aprender\/\"]}]},{\"@type\":\"BreadcrumbList\",\"@id\":\"https:\/\/educacao.cambe.pr.gov.br\/index.php\/inscricoes-do-pss-tempo-de-aprender\/#breadcrumb\",\"itemListElement\":[{\"@type\":\"ListItem\",\"position\":1,\"name\":\"In\u00edcio\",\"item\":\"https:\/\/educacao.cambe.pr.gov.br\/\"},{\"@type\":\"ListItem\",\"position\":2,\"name\":\"Inscri\u00e7\u00f5es do PSS &#8211; Tempo de Aprender\"}]},{\"@type\":\"WebSite\",\"@id\":\"https:\/\/educacao.cambe.pr.gov.br\/#website\",\"url\":\"https:\/\/educacao.cambe.pr.gov.br\/\",\"name\":\"Secretaria de Educa\u00e7\u00e3o e Cultura\",\"description\":\"Prefeitura de Camb\u00e9\",\"publisher\":{\"@id\":\"https:\/\/educacao.cambe.pr.gov.br\/#organization\"},\"potentialAction\":[{\"@type\":\"SearchAction\",\"target\":{\"@type\":\"EntryPoint\",\"urlTemplate\":\"https:\/\/educacao.cambe.pr.gov.br\/?s={search_term_string}\"},\"query-input\":{\"@type\":\"PropertyValueSpecification\",\"valueRequired\":true,\"valueName\":\"search_term_string\"}}],\"inLanguage\":\"pt-BR\"},{\"@type\":\"Organization\",\"@id\":\"https:\/\/educacao.cambe.pr.gov.br\/#organization\",\"name\":\"Secretaria de Educa\u00e7\u00e3o e Cultura\",\"url\":\"https:\/\/educacao.cambe.pr.gov.br\/\",\"logo\":{\"@type\":\"ImageObject\",\"inLanguage\":\"pt-BR\",\"@id\":\"https:\/\/educacao.cambe.pr.gov.br\/#\/schema\/logo\/image\/\",\"url\":\"https:\/\/educacao.cambe.pr.gov.br\/wp-content\/uploads\/2020\/08\/cambe_rural_brazao-pq.png\",\"contentUrl\":\"https:\/\/educacao.cambe.pr.gov.br\/wp-content\/uploads\/2020\/08\/cambe_rural_brazao-pq.png\",\"width\":150,\"height\":150,\"caption\":\"Secretaria de Educa\u00e7\u00e3o e Cultura\"},\"image\":{\"@id\":\"https:\/\/educacao.cambe.pr.gov.br\/#\/schema\/logo\/image\/\"}},{\"@type\":\"Person\",\"@id\":\"https:\/\/educacao.cambe.pr.gov.br\/#\/schema\/person\/a194ff5a99ad942628443f37e7b98c85\",\"name\":\"Juliano Lopes da Silva\",\"image\":{\"@type\":\"ImageObject\",\"inLanguage\":\"pt-BR\",\"@id\":\"https:\/\/educacao.cambe.pr.gov.br\/#\/schema\/person\/image\/\",\"url\":\"https:\/\/secure.gravatar.com\/avatar\/6b2019b8516158d7cb6416618a3a2b45?s=96&d=mm&r=g\",\"contentUrl\":\"https:\/\/secure.gravatar.com\/avatar\/6b2019b8516158d7cb6416618a3a2b45?s=96&d=mm&r=g\",\"caption\":\"Juliano Lopes da Silva\"},\"url\":\"https:\/\/educacao.cambe.pr.gov.br\/index.php\/author\/jlsilva\/\"}]}<\/script>\n<!-- \/ Yoast SEO plugin. -->","yoast_head_json":{"title":"Inscri\u00e7\u00f5es do PSS - Tempo de Aprender - Secretaria de Educa\u00e7\u00e3o e Cultura","robots":{"index":"index","follow":"follow","max-snippet":"max-snippet:-1","max-image-preview":"max-image-preview:large","max-video-preview":"max-video-preview:-1"},"canonical":"https:\/\/educacao.cambe.pr.gov.br\/index.php\/inscricoes-do-pss-tempo-de-aprender\/","og_locale":"pt_BR","og_type":"article","og_title":"Inscri\u00e7\u00f5es do PSS - Tempo de Aprender - Secretaria de Educa\u00e7\u00e3o e Cultura","og_description":"A Secretaria Municipal de Educa\u00e7\u00e3o torna publica a abertura de inscri\u00e7\u00f5es para a de Processo Seletivo destinado a sele\u00e7\u00e3o e constitui\u00e7\u00e3o de banco de Assistentes de Alfabetiza\u00e7\u00e3o, sob o regime de voluntariado, destinado ao atendimento do Programa Tempo de Aprender.&nbsp; A inscri\u00e7\u00e3o \u00e9 gratuita e estar\u00e1 aberta no per\u00edodo de 15\/09\/2021 a 24\/09\/2021, pelo Formul\u00e1rio [&hellip;]","og_url":"https:\/\/educacao.cambe.pr.gov.br\/index.php\/inscricoes-do-pss-tempo-de-aprender\/","og_site_name":"Secretaria de Educa\u00e7\u00e3o e Cultura","article_published_time":"2021-09-15T11:55:48+00:00","article_modified_time":"2024-10-08T11:26:24+00:00","author":"Juliano Lopes da Silva","twitter_card":"summary_large_image","twitter_misc":{"Escrito por":"Juliano Lopes da Silva","Est. tempo de leitura":"1 minuto"},"schema":{"@context":"https:\/\/schema.org","@graph":[{"@type":"Article","@id":"https:\/\/educacao.cambe.pr.gov.br\/index.php\/inscricoes-do-pss-tempo-de-aprender\/#article","isPartOf":{"@id":"https:\/\/educacao.cambe.pr.gov.br\/index.php\/inscricoes-do-pss-tempo-de-aprender\/"},"author":{"name":"Juliano Lopes da Silva","@id":"https:\/\/educacao.cambe.pr.gov.br\/#\/schema\/person\/a194ff5a99ad942628443f37e7b98c85"},"headline":"Inscri\u00e7\u00f5es do PSS &#8211; Tempo de Aprender","datePublished":"2021-09-15T11:55:48+00:00","dateModified":"2024-10-08T11:26:24+00:00","mainEntityOfPage":{"@id":"https:\/\/educacao.cambe.pr.gov.br\/index.php\/inscricoes-do-pss-tempo-de-aprender\/"},"wordCount":271,"publisher":{"@id":"https:\/\/educacao.cambe.pr.gov.br\/#organization"},"articleSection":["Educa\u00e7\u00e3o"],"inLanguage":"pt-BR"},{"@type":"WebPage","@id":"https:\/\/educacao.cambe.pr.gov.br\/index.php\/inscricoes-do-pss-tempo-de-aprender\/","url":"https:\/\/educacao.cambe.pr.gov.br\/index.php\/inscricoes-do-pss-tempo-de-aprender\/","name":"Inscri\u00e7\u00f5es do PSS - Tempo de Aprender - Secretaria de Educa\u00e7\u00e3o e Cultura","isPartOf":{"@id":"https:\/\/educacao.cambe.pr.gov.br\/#website"},"datePublished":"2021-09-15T11:55:48+00:00","dateModified":"2024-10-08T11:26:24+00:00","breadcrumb":{"@id":"https:\/\/educacao.cambe.pr.gov.br\/index.php\/inscricoes-do-pss-tempo-de-aprender\/#breadcrumb"},"inLanguage":"pt-BR","potentialAction":[{"@type":"ReadAction","target":["https:\/\/educacao.cambe.pr.gov.br\/index.php\/inscricoes-do-pss-tempo-de-aprender\/"]}]},{"@type":"BreadcrumbList","@id":"https:\/\/educacao.cambe.pr.gov.br\/index.php\/inscricoes-do-pss-tempo-de-aprender\/#breadcrumb","itemListElement":[{"@type":"ListItem","position":1,"name":"In\u00edcio","item":"https:\/\/educacao.cambe.pr.gov.br\/"},{"@type":"ListItem","position":2,"name":"Inscri\u00e7\u00f5es do PSS &#8211; Tempo de Aprender"}]},{"@type":"WebSite","@id":"https:\/\/educacao.cambe.pr.gov.br\/#website","url":"https:\/\/educacao.cambe.pr.gov.br\/","name":"Secretaria de Educa\u00e7\u00e3o e Cultura","description":"Prefeitura de Camb\u00e9","publisher":{"@id":"https:\/\/educacao.cambe.pr.gov.br\/#organization"},"potentialAction":[{"@type":"SearchAction","target":{"@type":"EntryPoint","urlTemplate":"https:\/\/educacao.cambe.pr.gov.br\/?s={search_term_string}"},"query-input":{"@type":"PropertyValueSpecification","valueRequired":true,"valueName":"search_term_string"}}],"inLanguage":"pt-BR"},{"@type":"Organization","@id":"https:\/\/educacao.cambe.pr.gov.br\/#organization","name":"Secretaria de Educa\u00e7\u00e3o e Cultura","url":"https:\/\/educacao.cambe.pr.gov.br\/","logo":{"@type":"ImageObject","inLanguage":"pt-BR","@id":"https:\/\/educacao.cambe.pr.gov.br\/#\/schema\/logo\/image\/","url":"https:\/\/educacao.cambe.pr.gov.br\/wp-content\/uploads\/2020\/08\/cambe_rural_brazao-pq.png","contentUrl":"https:\/\/educacao.cambe.pr.gov.br\/wp-content\/uploads\/2020\/08\/cambe_rural_brazao-pq.png","width":150,"height":150,"caption":"Secretaria de Educa\u00e7\u00e3o e Cultura"},"image":{"@id":"https:\/\/educacao.cambe.pr.gov.br\/#\/schema\/logo\/image\/"}},{"@type":"Person","@id":"https:\/\/educacao.cambe.pr.gov.br\/#\/schema\/person\/a194ff5a99ad942628443f37e7b98c85","name":"Juliano Lopes da Silva","image":{"@type":"ImageObject","inLanguage":"pt-BR","@id":"https:\/\/educacao.cambe.pr.gov.br\/#\/schema\/person\/image\/","url":"https:\/\/secure.gravatar.com\/avatar\/6b2019b8516158d7cb6416618a3a2b45?s=96&d=mm&r=g","contentUrl":"https:\/\/secure.gravatar.com\/avatar\/6b2019b8516158d7cb6416618a3a2b45?s=96&d=mm&r=g","caption":"Juliano Lopes da Silva"},"url":"https:\/\/educacao.cambe.pr.gov.br\/index.php\/author\/jlsilva\/"}]}},"_links":{"self":[{"href":"https:\/\/educacao.cambe.pr.gov.br\/index.php\/wp-json\/wp\/v2\/posts\/984","targetHints":{"allow":["GET"]}}],"collection":[{"href":"https:\/\/educacao.cambe.pr.gov.br\/index.php\/wp-json\/wp\/v2\/posts"}],"about":[{"href":"https:\/\/educacao.cambe.pr.gov.br\/index.php\/wp-json\/wp\/v2\/types\/post"}],"author":[{"embeddable":true,"href":"https:\/\/educacao.cambe.pr.gov.br\/index.php\/wp-json\/wp\/v2\/users\/7"}],"replies":[{"embeddable":true,"href":"https:\/\/educacao.cambe.pr.gov.br\/index.php\/wp-json\/wp\/v2\/comments?post=984"}],"version-history":[{"count":3,"href":"https:\/\/educacao.cambe.pr.gov.br\/index.php\/wp-json\/wp\/v2\/posts\/984\/revisions"}],"predecessor-version":[{"id":987,"href":"https:\/\/educacao.cambe.pr.gov.br\/index.php\/wp-json\/wp\/v2\/posts\/984\/revisions\/987"}],"wp:attachment":[{"href":"https:\/\/educacao.cambe.pr.gov.br\/index.php\/wp-json\/wp\/v2\/media?parent=984"}],"wp:term":[{"taxonomy":"category","embeddable":true,"href":"https:\/\/educacao.cambe.pr.gov.br\/index.php\/wp-json\/wp\/v2\/categories?post=984"},{"taxonomy":"post_tag","embeddable":true,"href":"https:\/\/educacao.cambe.pr.gov.br\/index.php\/wp-json\/wp\/v2\/tags?post=984"}],"curies":[{"name":"wp","href":"https:\/\/api.w.org\/{rel}","templated":true}]}}