{"id":949,"date":"2021-09-06T10:37:08","date_gmt":"2021-09-06T13:37:08","guid":{"rendered":"http:\/\/educacao.cambe.pr.gov.br\/?p=949"},"modified":"2024-10-08T08:26:24","modified_gmt":"2024-10-08T11:26:24","slug":"atrativos-turisticos-de-cambe-e-as-aulas-de-arte","status":"publish","type":"post","link":"https:\/\/educacao.cambe.pr.gov.br\/index.php\/atrativos-turisticos-de-cambe-e-as-aulas-de-arte\/","title":{"rendered":"Atrativos tur\u00edsticos de Camb\u00e9 e as aulas de Arte"},"content":{"rendered":"<p style=\"text-align: justify;\">Na \u00faltima ter\u00e7a-feira (31\/08), os alunos do per\u00edodo vespertino da Escola Municipal Roberto Concei\u00e7\u00e3o receberam a visita da bibliotec\u00e1ria Maria Luiza Peres.&nbsp;O momento organizado foi pensado como introdu\u00e7\u00e3o ao &#8220;Projeto Camb\u00e9 Somos Todos N\u00f3s&#8221;, que integra as a\u00e7\u00f5es&nbsp; das disciplinas de Arte, Educa\u00e7\u00e3o F\u00edsica e Hist\u00f3ria em comemora\u00e7\u00e3o aos 74 anos do munic\u00edpio.&nbsp;<\/p>\n<p style=\"text-align: justify;\">Em sua fala, Maria Luiza destacou os principais Atrativos Tur\u00edsticos da nossa cidade apresentando aos alunos alguns materiais disponibilizados pela Secretaria de Cultura para que eles pudessem conhecer e visualizar um pouco mais sobre cada um desses lugares.<\/p>\n<p style=\"text-align: justify;\">O atrativo que mais encantou a crian\u00e7ada foi a casa da fam\u00edlia Tkotz, a r\u00e9plica levada at\u00e9 a escola despertou a curiosidade dos pequenos de imediato. E, \u00e9 claro que ao saberem que a casa foi transportada em um caminh\u00e3o sem ser desmontada deixou tudo mais interessante. O Museu Hist\u00f3rico, a Biblioteca Municipal e o Parque Hist\u00f3rico Danziger Hof, tamb\u00e9m foram explorados nesta breve conversa como possibilidades de Lazer para toda a fam\u00edlia.<\/p>\n<p>A proposta foi planejada pela professora Glaucia A. de Carvalho Werpachowski junto a equipe gestora da Escola, que prontamente entrou em contato com a Secretaria de Educa\u00e7\u00e3o para que tudo pudesse ser organizado.&nbsp; Ap\u00f3s este momento, os alunos continuar\u00e3o os estudos sobre o munic\u00edpio e realizar\u00e3o as atividades de cria\u00e7\u00e3o nas aulas de Arte tendo como refer\u00eancia alguns dos materiais observados.<\/p>\n<p style=\"text-align: justify;\">Confira a seguir alguns registros desse evento, que respeitou todos os protocolos de biosseguran\u00e7a.<\/p>\n\n\t\t<style type=\"text\/css\">\n\t\t\t#gallery-1 {\n\t\t\t\tmargin: auto;\n\t\t\t}\n\t\t\t#gallery-1 .gallery-item {\n\t\t\t\tfloat: left;\n\t\t\t\tmargin-top: 10px;\n\t\t\t\ttext-align: center;\n\t\t\t\twidth: 33%;\n\t\t\t}\n\t\t\t#gallery-1 img {\n\t\t\t\tborder: 2px solid #cfcfcf;\n\t\t\t}\n\t\t\t#gallery-1 .gallery-caption {\n\t\t\t\tmargin-left: 0;\n\t\t\t}\n\t\t\t\/* see gallery_shortcode() in wp-includes\/media.php *\/\n\t\t<\/style>\n\t\t<div id='gallery-1' class='gallery galleryid-949 gallery-columns-3 gallery-size-medium'><dl class='gallery-item'>\n\t\t\t<dt class='gallery-icon portrait'>\n\t\t\t\t<a href='https:\/\/educacao.cambe.pr.gov.br\/index.php\/atrativos-turisticos-de-cambe-e-as-aulas-de-arte\/attachment\/1\/'><img fetchpriority=\"high\" decoding=\"async\" width=\"225\" height=\"300\" src=\"https:\/\/educacao.cambe.pr.gov.br\/wp-content\/uploads\/2021\/09\/1-225x300.jpg\" class=\"attachment-medium size-medium\" alt=\"\" srcset=\"https:\/\/educacao.cambe.pr.gov.br\/wp-content\/uploads\/2021\/09\/1-225x300.jpg 225w, https:\/\/educacao.cambe.pr.gov.br\/wp-content\/uploads\/2021\/09\/1-768x1024.jpg 768w, https:\/\/educacao.cambe.pr.gov.br\/wp-content\/uploads\/2021\/09\/1-1152x1536.jpg 1152w, https:\/\/educacao.cambe.pr.gov.br\/wp-content\/uploads\/2021\/09\/1-1536x2048.jpg 1536w, https:\/\/educacao.cambe.pr.gov.br\/wp-content\/uploads\/2021\/09\/1-scaled.jpg 1920w\" sizes=\"(max-width: 225px) 100vw, 225px\" \/><\/a>\n\t\t\t<\/dt><\/dl><dl class='gallery-item'>\n\t\t\t<dt class='gallery-icon portrait'>\n\t\t\t\t<a href='https:\/\/educacao.cambe.pr.gov.br\/index.php\/atrativos-turisticos-de-cambe-e-as-aulas-de-arte\/attachment\/2\/'><img decoding=\"async\" width=\"225\" height=\"300\" src=\"https:\/\/educacao.cambe.pr.gov.br\/wp-content\/uploads\/2021\/09\/2-225x300.jpg\" class=\"attachment-medium size-medium\" alt=\"\" srcset=\"https:\/\/educacao.cambe.pr.gov.br\/wp-content\/uploads\/2021\/09\/2-225x300.jpg 225w, https:\/\/educacao.cambe.pr.gov.br\/wp-content\/uploads\/2021\/09\/2-768x1024.jpg 768w, https:\/\/educacao.cambe.pr.gov.br\/wp-content\/uploads\/2021\/09\/2-1152x1536.jpg 1152w, https:\/\/educacao.cambe.pr.gov.br\/wp-content\/uploads\/2021\/09\/2-1536x2048.jpg 1536w, https:\/\/educacao.cambe.pr.gov.br\/wp-content\/uploads\/2021\/09\/2-scaled.jpg 1920w\" sizes=\"(max-width: 225px) 100vw, 225px\" \/><\/a>\n\t\t\t<\/dt><\/dl><dl class='gallery-item'>\n\t\t\t<dt class='gallery-icon portrait'>\n\t\t\t\t<a href='https:\/\/educacao.cambe.pr.gov.br\/index.php\/atrativos-turisticos-de-cambe-e-as-aulas-de-arte\/attachment\/4\/'><img decoding=\"async\" width=\"225\" height=\"300\" src=\"https:\/\/educacao.cambe.pr.gov.br\/wp-content\/uploads\/2021\/09\/4-225x300.jpg\" class=\"attachment-medium size-medium\" alt=\"\" srcset=\"https:\/\/educacao.cambe.pr.gov.br\/wp-content\/uploads\/2021\/09\/4-225x300.jpg 225w, https:\/\/educacao.cambe.pr.gov.br\/wp-content\/uploads\/2021\/09\/4-768x1024.jpg 768w, https:\/\/educacao.cambe.pr.gov.br\/wp-content\/uploads\/2021\/09\/4-1152x1536.jpg 1152w, https:\/\/educacao.cambe.pr.gov.br\/wp-content\/uploads\/2021\/09\/4-1536x2048.jpg 1536w, https:\/\/educacao.cambe.pr.gov.br\/wp-content\/uploads\/2021\/09\/4-scaled.jpg 1920w\" sizes=\"(max-width: 225px) 100vw, 225px\" \/><\/a>\n\t\t\t<\/dt><\/dl><br style=\"clear: both\" \/><dl class='gallery-item'>\n\t\t\t<dt class='gallery-icon portrait'>\n\t\t\t\t<a href='https:\/\/educacao.cambe.pr.gov.br\/index.php\/atrativos-turisticos-de-cambe-e-as-aulas-de-arte\/attachment\/7\/'><img loading=\"lazy\" decoding=\"async\" width=\"225\" height=\"300\" src=\"https:\/\/educacao.cambe.pr.gov.br\/wp-content\/uploads\/2021\/09\/7-225x300.jpg\" class=\"attachment-medium size-medium\" alt=\"\" srcset=\"https:\/\/educacao.cambe.pr.gov.br\/wp-content\/uploads\/2021\/09\/7-225x300.jpg 225w, https:\/\/educacao.cambe.pr.gov.br\/wp-content\/uploads\/2021\/09\/7-768x1024.jpg 768w, https:\/\/educacao.cambe.pr.gov.br\/wp-content\/uploads\/2021\/09\/7-1152x1536.jpg 1152w, https:\/\/educacao.cambe.pr.gov.br\/wp-content\/uploads\/2021\/09\/7-1536x2048.jpg 1536w, https:\/\/educacao.cambe.pr.gov.br\/wp-content\/uploads\/2021\/09\/7-scaled.jpg 1920w\" sizes=\"(max-width: 225px) 100vw, 225px\" \/><\/a>\n\t\t\t<\/dt><\/dl><dl class='gallery-item'>\n\t\t\t<dt class='gallery-icon portrait'>\n\t\t\t\t<a href='https:\/\/educacao.cambe.pr.gov.br\/index.php\/atrativos-turisticos-de-cambe-e-as-aulas-de-arte\/attachment\/1630893235739\/'><img loading=\"lazy\" decoding=\"async\" width=\"225\" height=\"300\" src=\"https:\/\/educacao.cambe.pr.gov.br\/wp-content\/uploads\/2021\/09\/1630893235739-225x300.jpg\" class=\"attachment-medium size-medium\" alt=\"\" srcset=\"https:\/\/educacao.cambe.pr.gov.br\/wp-content\/uploads\/2021\/09\/1630893235739-225x300.jpg 225w, https:\/\/educacao.cambe.pr.gov.br\/wp-content\/uploads\/2021\/09\/1630893235739-768x1024.jpg 768w, https:\/\/educacao.cambe.pr.gov.br\/wp-content\/uploads\/2021\/09\/1630893235739-1152x1536.jpg 1152w, https:\/\/educacao.cambe.pr.gov.br\/wp-content\/uploads\/2021\/09\/1630893235739-1536x2048.jpg 1536w, https:\/\/educacao.cambe.pr.gov.br\/wp-content\/uploads\/2021\/09\/1630893235739-scaled.jpg 1920w\" sizes=\"(max-width: 225px) 100vw, 225px\" \/><\/a>\n\t\t\t<\/dt><\/dl><dl class='gallery-item'>\n\t\t\t<dt class='gallery-icon portrait'>\n\t\t\t\t<a href='https:\/\/educacao.cambe.pr.gov.br\/index.php\/atrativos-turisticos-de-cambe-e-as-aulas-de-arte\/attachment\/8\/'><img loading=\"lazy\" decoding=\"async\" width=\"225\" height=\"300\" src=\"https:\/\/educacao.cambe.pr.gov.br\/wp-content\/uploads\/2021\/09\/8-225x300.jpg\" class=\"attachment-medium size-medium\" alt=\"\" srcset=\"https:\/\/educacao.cambe.pr.gov.br\/wp-content\/uploads\/2021\/09\/8-225x300.jpg 225w, https:\/\/educacao.cambe.pr.gov.br\/wp-content\/uploads\/2021\/09\/8-768x1024.jpg 768w, https:\/\/educacao.cambe.pr.gov.br\/wp-content\/uploads\/2021\/09\/8-1152x1536.jpg 1152w, https:\/\/educacao.cambe.pr.gov.br\/wp-content\/uploads\/2021\/09\/8-1536x2048.jpg 1536w, https:\/\/educacao.cambe.pr.gov.br\/wp-content\/uploads\/2021\/09\/8-scaled.jpg 1920w\" sizes=\"(max-width: 225px) 100vw, 225px\" \/><\/a>\n\t\t\t<\/dt><\/dl><br style=\"clear: both\" \/><dl class='gallery-item'>\n\t\t\t<dt class='gallery-icon landscape'>\n\t\t\t\t<a href='https:\/\/educacao.cambe.pr.gov.br\/index.php\/atrativos-turisticos-de-cambe-e-as-aulas-de-arte\/attachment\/9\/'><img loading=\"lazy\" decoding=\"async\" width=\"300\" height=\"217\" src=\"https:\/\/educacao.cambe.pr.gov.br\/wp-content\/uploads\/2021\/09\/9-300x217.jpg\" class=\"attachment-medium size-medium\" alt=\"\" srcset=\"https:\/\/educacao.cambe.pr.gov.br\/wp-content\/uploads\/2021\/09\/9-300x217.jpg 300w, https:\/\/educacao.cambe.pr.gov.br\/wp-content\/uploads\/2021\/09\/9-1024x739.jpg 1024w, https:\/\/educacao.cambe.pr.gov.br\/wp-content\/uploads\/2021\/09\/9-768x554.jpg 768w, https:\/\/educacao.cambe.pr.gov.br\/wp-content\/uploads\/2021\/09\/9-1536x1109.jpg 1536w, https:\/\/educacao.cambe.pr.gov.br\/wp-content\/uploads\/2021\/09\/9-2048x1478.jpg 2048w\" sizes=\"(max-width: 300px) 100vw, 300px\" \/><\/a>\n\t\t\t<\/dt><\/dl><dl class='gallery-item'>\n\t\t\t<dt class='gallery-icon landscape'>\n\t\t\t\t<a href='https:\/\/educacao.cambe.pr.gov.br\/index.php\/atrativos-turisticos-de-cambe-e-as-aulas-de-arte\/attachment\/10\/'><img loading=\"lazy\" decoding=\"async\" width=\"300\" height=\"225\" src=\"https:\/\/educacao.cambe.pr.gov.br\/wp-content\/uploads\/2021\/09\/10-300x225.jpg\" class=\"attachment-medium size-medium\" alt=\"\" srcset=\"https:\/\/educacao.cambe.pr.gov.br\/wp-content\/uploads\/2021\/09\/10-300x225.jpg 300w, https:\/\/educacao.cambe.pr.gov.br\/wp-content\/uploads\/2021\/09\/10-1024x768.jpg 1024w, https:\/\/educacao.cambe.pr.gov.br\/wp-content\/uploads\/2021\/09\/10-768x576.jpg 768w, https:\/\/educacao.cambe.pr.gov.br\/wp-content\/uploads\/2021\/09\/10-1536x1152.jpg 1536w, https:\/\/educacao.cambe.pr.gov.br\/wp-content\/uploads\/2021\/09\/10-2048x1536.jpg 2048w, https:\/\/educacao.cambe.pr.gov.br\/wp-content\/uploads\/2021\/09\/10-400x300.jpg 400w\" sizes=\"(max-width: 300px) 100vw, 300px\" \/><\/a>\n\t\t\t<\/dt><\/dl><dl class='gallery-item'>\n\t\t\t<dt class='gallery-icon landscape'>\n\t\t\t\t<a href='https:\/\/educacao.cambe.pr.gov.br\/index.php\/atrativos-turisticos-de-cambe-e-as-aulas-de-arte\/attachment\/1630893235743\/'><img loading=\"lazy\" decoding=\"async\" width=\"300\" height=\"217\" src=\"https:\/\/educacao.cambe.pr.gov.br\/wp-content\/uploads\/2021\/09\/1630893235743-300x217.jpg\" class=\"attachment-medium size-medium\" alt=\"\" srcset=\"https:\/\/educacao.cambe.pr.gov.br\/wp-content\/uploads\/2021\/09\/1630893235743-300x217.jpg 300w, https:\/\/educacao.cambe.pr.gov.br\/wp-content\/uploads\/2021\/09\/1630893235743-1024x739.jpg 1024w, https:\/\/educacao.cambe.pr.gov.br\/wp-content\/uploads\/2021\/09\/1630893235743-768x554.jpg 768w, https:\/\/educacao.cambe.pr.gov.br\/wp-content\/uploads\/2021\/09\/1630893235743-1536x1109.jpg 1536w, https:\/\/educacao.cambe.pr.gov.br\/wp-content\/uploads\/2021\/09\/1630893235743-2048x1478.jpg 2048w\" sizes=\"(max-width: 300px) 100vw, 300px\" \/><\/a>\n\t\t\t<\/dt><\/dl><br style=\"clear: both\" \/>\n\t\t<\/div>\n\n<p>&nbsp;<\/p>\n","protected":false},"excerpt":{"rendered":"<p>Na \u00faltima ter\u00e7a-feira (31\/08), os alunos do per\u00edodo vespertino da Escola Municipal Roberto Concei\u00e7\u00e3o receberam a visita da bibliotec\u00e1ria Maria Luiza Peres.&nbsp;O momento organizado foi pensado como introdu\u00e7\u00e3o ao &#8220;Projeto Camb\u00e9 Somos Todos N\u00f3s&#8221;, que integra as a\u00e7\u00f5es&nbsp; das disciplinas de Arte, Educa\u00e7\u00e3o F\u00edsica e Hist\u00f3ria em comemora\u00e7\u00e3o aos 74 anos do munic\u00edpio.&nbsp; Em sua [&hellip;]<\/p>\n","protected":false},"author":7,"featured_media":961,"comment_status":"closed","ping_status":"open","sticky":false,"template":"","format":"standard","meta":{"ngg_post_thumbnail":0,"footnotes":""},"categories":[1,5],"tags":[],"class_list":["post-949","post","type-post","status-publish","format-standard","has-post-thumbnail","hentry","category-educacao","category-informativo-geral"],"yoast_head":"<!-- This site is optimized with the Yoast SEO plugin v24.4 - https:\/\/yoast.com\/wordpress\/plugins\/seo\/ -->\n<title>Atrativos tur\u00edsticos de Camb\u00e9 e as aulas de Arte - Secretaria de Educa\u00e7\u00e3o e Cultura<\/title>\n<meta name=\"robots\" content=\"index, follow, max-snippet:-1, max-image-preview:large, max-video-preview:-1\" \/>\n<link rel=\"canonical\" href=\"https:\/\/educacao.cambe.pr.gov.br\/index.php\/atrativos-turisticos-de-cambe-e-as-aulas-de-arte\/\" \/>\n<meta property=\"og:locale\" content=\"pt_BR\" \/>\n<meta property=\"og:type\" content=\"article\" \/>\n<meta property=\"og:title\" content=\"Atrativos tur\u00edsticos de Camb\u00e9 e as aulas de Arte - Secretaria de Educa\u00e7\u00e3o e Cultura\" \/>\n<meta property=\"og:description\" content=\"Na \u00faltima ter\u00e7a-feira (31\/08), os alunos do per\u00edodo vespertino da Escola Municipal Roberto Concei\u00e7\u00e3o receberam a visita da bibliotec\u00e1ria Maria Luiza Peres.&nbsp;O momento organizado foi pensado como introdu\u00e7\u00e3o ao &#8220;Projeto Camb\u00e9 Somos Todos N\u00f3s&#8221;, que integra as a\u00e7\u00f5es&nbsp; das disciplinas de Arte, Educa\u00e7\u00e3o F\u00edsica e Hist\u00f3ria em comemora\u00e7\u00e3o aos 74 anos do munic\u00edpio.&nbsp; Em sua [&hellip;]\" \/>\n<meta property=\"og:url\" content=\"https:\/\/educacao.cambe.pr.gov.br\/index.php\/atrativos-turisticos-de-cambe-e-as-aulas-de-arte\/\" \/>\n<meta property=\"og:site_name\" content=\"Secretaria de Educa\u00e7\u00e3o e Cultura\" \/>\n<meta property=\"article:published_time\" content=\"2021-09-06T13:37:08+00:00\" \/>\n<meta property=\"article:modified_time\" content=\"2024-10-08T11:26:24+00:00\" \/>\n<meta property=\"og:image\" content=\"https:\/\/educacao.cambe.pr.gov.br\/wp-content\/uploads\/2021\/09\/1630893235743-scaled.jpg\" \/>\n\t<meta property=\"og:image:width\" content=\"2560\" \/>\n\t<meta property=\"og:image:height\" content=\"1848\" \/>\n\t<meta property=\"og:image:type\" content=\"image\/jpeg\" \/>\n<meta name=\"author\" content=\"Juliano Lopes da Silva\" \/>\n<meta name=\"twitter:card\" content=\"summary_large_image\" \/>\n<meta name=\"twitter:label1\" content=\"Escrito por\" \/>\n\t<meta name=\"twitter:data1\" content=\"Juliano Lopes da Silva\" \/>\n\t<meta name=\"twitter:label2\" content=\"Est. tempo de leitura\" \/>\n\t<meta name=\"twitter:data2\" content=\"1 minuto\" \/>\n<script type=\"application\/ld+json\" class=\"yoast-schema-graph\">{\"@context\":\"https:\/\/schema.org\",\"@graph\":[{\"@type\":\"Article\",\"@id\":\"https:\/\/educacao.cambe.pr.gov.br\/index.php\/atrativos-turisticos-de-cambe-e-as-aulas-de-arte\/#article\",\"isPartOf\":{\"@id\":\"https:\/\/educacao.cambe.pr.gov.br\/index.php\/atrativos-turisticos-de-cambe-e-as-aulas-de-arte\/\"},\"author\":{\"name\":\"Juliano Lopes da Silva\",\"@id\":\"https:\/\/educacao.cambe.pr.gov.br\/#\/schema\/person\/a194ff5a99ad942628443f37e7b98c85\"},\"headline\":\"Atrativos tur\u00edsticos de Camb\u00e9 e as aulas de Arte\",\"datePublished\":\"2021-09-06T13:37:08+00:00\",\"dateModified\":\"2024-10-08T11:26:24+00:00\",\"mainEntityOfPage\":{\"@id\":\"https:\/\/educacao.cambe.pr.gov.br\/index.php\/atrativos-turisticos-de-cambe-e-as-aulas-de-arte\/\"},\"wordCount\":285,\"publisher\":{\"@id\":\"https:\/\/educacao.cambe.pr.gov.br\/#organization\"},\"image\":{\"@id\":\"https:\/\/educacao.cambe.pr.gov.br\/index.php\/atrativos-turisticos-de-cambe-e-as-aulas-de-arte\/#primaryimage\"},\"thumbnailUrl\":\"https:\/\/educacao.cambe.pr.gov.br\/wp-content\/uploads\/2021\/09\/1630893235743-scaled.jpg\",\"articleSection\":[\"Educa\u00e7\u00e3o\",\"Informativo Geral\"],\"inLanguage\":\"pt-BR\"},{\"@type\":\"WebPage\",\"@id\":\"https:\/\/educacao.cambe.pr.gov.br\/index.php\/atrativos-turisticos-de-cambe-e-as-aulas-de-arte\/\",\"url\":\"https:\/\/educacao.cambe.pr.gov.br\/index.php\/atrativos-turisticos-de-cambe-e-as-aulas-de-arte\/\",\"name\":\"Atrativos tur\u00edsticos de Camb\u00e9 e as aulas de Arte - Secretaria de Educa\u00e7\u00e3o e Cultura\",\"isPartOf\":{\"@id\":\"https:\/\/educacao.cambe.pr.gov.br\/#website\"},\"primaryImageOfPage\":{\"@id\":\"https:\/\/educacao.cambe.pr.gov.br\/index.php\/atrativos-turisticos-de-cambe-e-as-aulas-de-arte\/#primaryimage\"},\"image\":{\"@id\":\"https:\/\/educacao.cambe.pr.gov.br\/index.php\/atrativos-turisticos-de-cambe-e-as-aulas-de-arte\/#primaryimage\"},\"thumbnailUrl\":\"https:\/\/educacao.cambe.pr.gov.br\/wp-content\/uploads\/2021\/09\/1630893235743-scaled.jpg\",\"datePublished\":\"2021-09-06T13:37:08+00:00\",\"dateModified\":\"2024-10-08T11:26:24+00:00\",\"breadcrumb\":{\"@id\":\"https:\/\/educacao.cambe.pr.gov.br\/index.php\/atrativos-turisticos-de-cambe-e-as-aulas-de-arte\/#breadcrumb\"},\"inLanguage\":\"pt-BR\",\"potentialAction\":[{\"@type\":\"ReadAction\",\"target\":[\"https:\/\/educacao.cambe.pr.gov.br\/index.php\/atrativos-turisticos-de-cambe-e-as-aulas-de-arte\/\"]}]},{\"@type\":\"ImageObject\",\"inLanguage\":\"pt-BR\",\"@id\":\"https:\/\/educacao.cambe.pr.gov.br\/index.php\/atrativos-turisticos-de-cambe-e-as-aulas-de-arte\/#primaryimage\",\"url\":\"https:\/\/educacao.cambe.pr.gov.br\/wp-content\/uploads\/2021\/09\/1630893235743-scaled.jpg\",\"contentUrl\":\"https:\/\/educacao.cambe.pr.gov.br\/wp-content\/uploads\/2021\/09\/1630893235743-scaled.jpg\",\"width\":2560,\"height\":1848},{\"@type\":\"BreadcrumbList\",\"@id\":\"https:\/\/educacao.cambe.pr.gov.br\/index.php\/atrativos-turisticos-de-cambe-e-as-aulas-de-arte\/#breadcrumb\",\"itemListElement\":[{\"@type\":\"ListItem\",\"position\":1,\"name\":\"In\u00edcio\",\"item\":\"https:\/\/educacao.cambe.pr.gov.br\/\"},{\"@type\":\"ListItem\",\"position\":2,\"name\":\"Atrativos tur\u00edsticos de Camb\u00e9 e as aulas de Arte\"}]},{\"@type\":\"WebSite\",\"@id\":\"https:\/\/educacao.cambe.pr.gov.br\/#website\",\"url\":\"https:\/\/educacao.cambe.pr.gov.br\/\",\"name\":\"Secretaria de Educa\u00e7\u00e3o e Cultura\",\"description\":\"Prefeitura de Camb\u00e9\",\"publisher\":{\"@id\":\"https:\/\/educacao.cambe.pr.gov.br\/#organization\"},\"potentialAction\":[{\"@type\":\"SearchAction\",\"target\":{\"@type\":\"EntryPoint\",\"urlTemplate\":\"https:\/\/educacao.cambe.pr.gov.br\/?s={search_term_string}\"},\"query-input\":{\"@type\":\"PropertyValueSpecification\",\"valueRequired\":true,\"valueName\":\"search_term_string\"}}],\"inLanguage\":\"pt-BR\"},{\"@type\":\"Organization\",\"@id\":\"https:\/\/educacao.cambe.pr.gov.br\/#organization\",\"name\":\"Secretaria de Educa\u00e7\u00e3o e Cultura\",\"url\":\"https:\/\/educacao.cambe.pr.gov.br\/\",\"logo\":{\"@type\":\"ImageObject\",\"inLanguage\":\"pt-BR\",\"@id\":\"https:\/\/educacao.cambe.pr.gov.br\/#\/schema\/logo\/image\/\",\"url\":\"https:\/\/educacao.cambe.pr.gov.br\/wp-content\/uploads\/2020\/08\/cambe_rural_brazao-pq.png\",\"contentUrl\":\"https:\/\/educacao.cambe.pr.gov.br\/wp-content\/uploads\/2020\/08\/cambe_rural_brazao-pq.png\",\"width\":150,\"height\":150,\"caption\":\"Secretaria de Educa\u00e7\u00e3o e Cultura\"},\"image\":{\"@id\":\"https:\/\/educacao.cambe.pr.gov.br\/#\/schema\/logo\/image\/\"}},{\"@type\":\"Person\",\"@id\":\"https:\/\/educacao.cambe.pr.gov.br\/#\/schema\/person\/a194ff5a99ad942628443f37e7b98c85\",\"name\":\"Juliano Lopes da Silva\",\"image\":{\"@type\":\"ImageObject\",\"inLanguage\":\"pt-BR\",\"@id\":\"https:\/\/educacao.cambe.pr.gov.br\/#\/schema\/person\/image\/\",\"url\":\"https:\/\/secure.gravatar.com\/avatar\/6b2019b8516158d7cb6416618a3a2b45?s=96&d=mm&r=g\",\"contentUrl\":\"https:\/\/secure.gravatar.com\/avatar\/6b2019b8516158d7cb6416618a3a2b45?s=96&d=mm&r=g\",\"caption\":\"Juliano Lopes da Silva\"},\"url\":\"https:\/\/educacao.cambe.pr.gov.br\/index.php\/author\/jlsilva\/\"}]}<\/script>\n<!-- \/ Yoast SEO plugin. -->","yoast_head_json":{"title":"Atrativos tur\u00edsticos de Camb\u00e9 e as aulas de Arte - Secretaria de Educa\u00e7\u00e3o e Cultura","robots":{"index":"index","follow":"follow","max-snippet":"max-snippet:-1","max-image-preview":"max-image-preview:large","max-video-preview":"max-video-preview:-1"},"canonical":"https:\/\/educacao.cambe.pr.gov.br\/index.php\/atrativos-turisticos-de-cambe-e-as-aulas-de-arte\/","og_locale":"pt_BR","og_type":"article","og_title":"Atrativos tur\u00edsticos de Camb\u00e9 e as aulas de Arte - Secretaria de Educa\u00e7\u00e3o e Cultura","og_description":"Na \u00faltima ter\u00e7a-feira (31\/08), os alunos do per\u00edodo vespertino da Escola Municipal Roberto Concei\u00e7\u00e3o receberam a visita da bibliotec\u00e1ria Maria Luiza Peres.&nbsp;O momento organizado foi pensado como introdu\u00e7\u00e3o ao &#8220;Projeto Camb\u00e9 Somos Todos N\u00f3s&#8221;, que integra as a\u00e7\u00f5es&nbsp; das disciplinas de Arte, Educa\u00e7\u00e3o F\u00edsica e Hist\u00f3ria em comemora\u00e7\u00e3o aos 74 anos do munic\u00edpio.&nbsp; Em sua [&hellip;]","og_url":"https:\/\/educacao.cambe.pr.gov.br\/index.php\/atrativos-turisticos-de-cambe-e-as-aulas-de-arte\/","og_site_name":"Secretaria de Educa\u00e7\u00e3o e Cultura","article_published_time":"2021-09-06T13:37:08+00:00","article_modified_time":"2024-10-08T11:26:24+00:00","og_image":[{"width":2560,"height":1848,"url":"https:\/\/educacao.cambe.pr.gov.br\/wp-content\/uploads\/2021\/09\/1630893235743-scaled.jpg","type":"image\/jpeg"}],"author":"Juliano Lopes da Silva","twitter_card":"summary_large_image","twitter_misc":{"Escrito por":"Juliano Lopes da Silva","Est. tempo de leitura":"1 minuto"},"schema":{"@context":"https:\/\/schema.org","@graph":[{"@type":"Article","@id":"https:\/\/educacao.cambe.pr.gov.br\/index.php\/atrativos-turisticos-de-cambe-e-as-aulas-de-arte\/#article","isPartOf":{"@id":"https:\/\/educacao.cambe.pr.gov.br\/index.php\/atrativos-turisticos-de-cambe-e-as-aulas-de-arte\/"},"author":{"name":"Juliano Lopes da Silva","@id":"https:\/\/educacao.cambe.pr.gov.br\/#\/schema\/person\/a194ff5a99ad942628443f37e7b98c85"},"headline":"Atrativos tur\u00edsticos de Camb\u00e9 e as aulas de Arte","datePublished":"2021-09-06T13:37:08+00:00","dateModified":"2024-10-08T11:26:24+00:00","mainEntityOfPage":{"@id":"https:\/\/educacao.cambe.pr.gov.br\/index.php\/atrativos-turisticos-de-cambe-e-as-aulas-de-arte\/"},"wordCount":285,"publisher":{"@id":"https:\/\/educacao.cambe.pr.gov.br\/#organization"},"image":{"@id":"https:\/\/educacao.cambe.pr.gov.br\/index.php\/atrativos-turisticos-de-cambe-e-as-aulas-de-arte\/#primaryimage"},"thumbnailUrl":"https:\/\/educacao.cambe.pr.gov.br\/wp-content\/uploads\/2021\/09\/1630893235743-scaled.jpg","articleSection":["Educa\u00e7\u00e3o","Informativo Geral"],"inLanguage":"pt-BR"},{"@type":"WebPage","@id":"https:\/\/educacao.cambe.pr.gov.br\/index.php\/atrativos-turisticos-de-cambe-e-as-aulas-de-arte\/","url":"https:\/\/educacao.cambe.pr.gov.br\/index.php\/atrativos-turisticos-de-cambe-e-as-aulas-de-arte\/","name":"Atrativos tur\u00edsticos de Camb\u00e9 e as aulas de Arte - Secretaria de Educa\u00e7\u00e3o e Cultura","isPartOf":{"@id":"https:\/\/educacao.cambe.pr.gov.br\/#website"},"primaryImageOfPage":{"@id":"https:\/\/educacao.cambe.pr.gov.br\/index.php\/atrativos-turisticos-de-cambe-e-as-aulas-de-arte\/#primaryimage"},"image":{"@id":"https:\/\/educacao.cambe.pr.gov.br\/index.php\/atrativos-turisticos-de-cambe-e-as-aulas-de-arte\/#primaryimage"},"thumbnailUrl":"https:\/\/educacao.cambe.pr.gov.br\/wp-content\/uploads\/2021\/09\/1630893235743-scaled.jpg","datePublished":"2021-09-06T13:37:08+00:00","dateModified":"2024-10-08T11:26:24+00:00","breadcrumb":{"@id":"https:\/\/educacao.cambe.pr.gov.br\/index.php\/atrativos-turisticos-de-cambe-e-as-aulas-de-arte\/#breadcrumb"},"inLanguage":"pt-BR","potentialAction":[{"@type":"ReadAction","target":["https:\/\/educacao.cambe.pr.gov.br\/index.php\/atrativos-turisticos-de-cambe-e-as-aulas-de-arte\/"]}]},{"@type":"ImageObject","inLanguage":"pt-BR","@id":"https:\/\/educacao.cambe.pr.gov.br\/index.php\/atrativos-turisticos-de-cambe-e-as-aulas-de-arte\/#primaryimage","url":"https:\/\/educacao.cambe.pr.gov.br\/wp-content\/uploads\/2021\/09\/1630893235743-scaled.jpg","contentUrl":"https:\/\/educacao.cambe.pr.gov.br\/wp-content\/uploads\/2021\/09\/1630893235743-scaled.jpg","width":2560,"height":1848},{"@type":"BreadcrumbList","@id":"https:\/\/educacao.cambe.pr.gov.br\/index.php\/atrativos-turisticos-de-cambe-e-as-aulas-de-arte\/#breadcrumb","itemListElement":[{"@type":"ListItem","position":1,"name":"In\u00edcio","item":"https:\/\/educacao.cambe.pr.gov.br\/"},{"@type":"ListItem","position":2,"name":"Atrativos tur\u00edsticos de Camb\u00e9 e as aulas de Arte"}]},{"@type":"WebSite","@id":"https:\/\/educacao.cambe.pr.gov.br\/#website","url":"https:\/\/educacao.cambe.pr.gov.br\/","name":"Secretaria de Educa\u00e7\u00e3o e Cultura","description":"Prefeitura de Camb\u00e9","publisher":{"@id":"https:\/\/educacao.cambe.pr.gov.br\/#organization"},"potentialAction":[{"@type":"SearchAction","target":{"@type":"EntryPoint","urlTemplate":"https:\/\/educacao.cambe.pr.gov.br\/?s={search_term_string}"},"query-input":{"@type":"PropertyValueSpecification","valueRequired":true,"valueName":"search_term_string"}}],"inLanguage":"pt-BR"},{"@type":"Organization","@id":"https:\/\/educacao.cambe.pr.gov.br\/#organization","name":"Secretaria de Educa\u00e7\u00e3o e Cultura","url":"https:\/\/educacao.cambe.pr.gov.br\/","logo":{"@type":"ImageObject","inLanguage":"pt-BR","@id":"https:\/\/educacao.cambe.pr.gov.br\/#\/schema\/logo\/image\/","url":"https:\/\/educacao.cambe.pr.gov.br\/wp-content\/uploads\/2020\/08\/cambe_rural_brazao-pq.png","contentUrl":"https:\/\/educacao.cambe.pr.gov.br\/wp-content\/uploads\/2020\/08\/cambe_rural_brazao-pq.png","width":150,"height":150,"caption":"Secretaria de Educa\u00e7\u00e3o e Cultura"},"image":{"@id":"https:\/\/educacao.cambe.pr.gov.br\/#\/schema\/logo\/image\/"}},{"@type":"Person","@id":"https:\/\/educacao.cambe.pr.gov.br\/#\/schema\/person\/a194ff5a99ad942628443f37e7b98c85","name":"Juliano Lopes da Silva","image":{"@type":"ImageObject","inLanguage":"pt-BR","@id":"https:\/\/educacao.cambe.pr.gov.br\/#\/schema\/person\/image\/","url":"https:\/\/secure.gravatar.com\/avatar\/6b2019b8516158d7cb6416618a3a2b45?s=96&d=mm&r=g","contentUrl":"https:\/\/secure.gravatar.com\/avatar\/6b2019b8516158d7cb6416618a3a2b45?s=96&d=mm&r=g","caption":"Juliano Lopes da Silva"},"url":"https:\/\/educacao.cambe.pr.gov.br\/index.php\/author\/jlsilva\/"}]}},"_links":{"self":[{"href":"https:\/\/educacao.cambe.pr.gov.br\/index.php\/wp-json\/wp\/v2\/posts\/949","targetHints":{"allow":["GET"]}}],"collection":[{"href":"https:\/\/educacao.cambe.pr.gov.br\/index.php\/wp-json\/wp\/v2\/posts"}],"about":[{"href":"https:\/\/educacao.cambe.pr.gov.br\/index.php\/wp-json\/wp\/v2\/types\/post"}],"author":[{"embeddable":true,"href":"https:\/\/educacao.cambe.pr.gov.br\/index.php\/wp-json\/wp\/v2\/users\/7"}],"replies":[{"embeddable":true,"href":"https:\/\/educacao.cambe.pr.gov.br\/index.php\/wp-json\/wp\/v2\/comments?post=949"}],"version-history":[{"count":10,"href":"https:\/\/educacao.cambe.pr.gov.br\/index.php\/wp-json\/wp\/v2\/posts\/949\/revisions"}],"predecessor-version":[{"id":970,"href":"https:\/\/educacao.cambe.pr.gov.br\/index.php\/wp-json\/wp\/v2\/posts\/949\/revisions\/970"}],"wp:featuredmedia":[{"embeddable":true,"href":"https:\/\/educacao.cambe.pr.gov.br\/index.php\/wp-json\/wp\/v2\/media\/961"}],"wp:attachment":[{"href":"https:\/\/educacao.cambe.pr.gov.br\/index.php\/wp-json\/wp\/v2\/media?parent=949"}],"wp:term":[{"taxonomy":"category","embeddable":true,"href":"https:\/\/educacao.cambe.pr.gov.br\/index.php\/wp-json\/wp\/v2\/categories?post=949"},{"taxonomy":"post_tag","embeddable":true,"href":"https:\/\/educacao.cambe.pr.gov.br\/index.php\/wp-json\/wp\/v2\/tags?post=949"}],"curies":[{"name":"wp","href":"https:\/\/api.w.org\/{rel}","templated":true}]}}