{"id":720,"date":"2021-04-06T14:29:44","date_gmt":"2021-04-06T17:29:44","guid":{"rendered":"http:\/\/educacao.cambe.pr.gov.br\/?p=720"},"modified":"2024-10-08T08:26:23","modified_gmt":"2024-10-08T11:26:23","slug":"kit-alimentacao","status":"publish","type":"post","link":"https:\/\/educacao.cambe.pr.gov.br\/index.php\/kit-alimentacao\/","title":{"rendered":"Kit Alimenta\u00e7\u00e3o"},"content":{"rendered":"<p style=\"text-align: justify;\"><span style=\"font-weight: 400;\"><img fetchpriority=\"high\" decoding=\"async\" class=\"alignnone size-medium wp-image-743\" src=\"https:\/\/educacao.cambe.pr.gov.br\/wp-content\/uploads\/2021\/04\/WhatsApp-Image-2021-04-23-at-15.46.17-300x300.jpeg\" alt=\"\" width=\"300\" height=\"300\"> <img decoding=\"async\" class=\"alignnone size-medium wp-image-744\" src=\"https:\/\/educacao.cambe.pr.gov.br\/wp-content\/uploads\/2021\/04\/WhatsApp-Image-2021-04-23-at-15.46.11-300x300.jpeg\" alt=\"\" width=\"300\" height=\"300\"><\/span><\/p>\n<p style=\"text-align: justify;\"><span style=\"font-weight: 400;\">Diante da Pandemia da Covid-19, os alunos em situa\u00e7\u00e3o de vulnerabilidade da Rede P\u00fablica Municipal ser\u00e3o beneficiados com g\u00eaneros aliment\u00edcios do Programa Nacional de Alimenta\u00e7\u00e3o Escolar (PNAE), conforme o Decreto Municipal n\u00ba 150, publicada no dia 19 de mar\u00e7o.<\/span><\/p>\n<p style=\"text-align: justify;\"><span style=\"font-weight: 400;\">Uma pesquisa foi realizada com as fam\u00edlias dos alunos da Educa\u00e7\u00e3o Infantil e Ensino Fundamental da rede p\u00fablica municipal, para selecionar os beneficiados de acordo com os crit\u00e9rios do decreto.<\/span><\/p>\n<p style=\"text-align: justify;\"><span style=\"font-weight: 400;\">Os alimentos ser\u00e3o adquiridos com recursos do governo federal e municipal, conforme planejamento das nutricionistas da Secretaria de Educa\u00e7\u00e3o, e utilizando os procedimentos licitat\u00f3rios j\u00e1 existentes, incluindo os produtos da agricultura familiar.<\/span><\/p>\n<p style=\"text-align: justify;\"><span style=\"font-weight: 400;\">A entrega desses kits est\u00e1 planejada para as pr\u00f3ximas semanas e ser\u00e1 realizada conforme unidade escolar em que o aluno est\u00e1 matriculado, seguindo as recomenda\u00e7\u00f5es necess\u00e1rias de higiene, evitando sempre a aglomera\u00e7\u00f5es.<\/span><\/p>\n","protected":false},"excerpt":{"rendered":"<p>Diante da Pandemia da Covid-19, os alunos em situa\u00e7\u00e3o de vulnerabilidade da Rede P\u00fablica Municipal ser\u00e3o beneficiados com g\u00eaneros aliment\u00edcios do Programa Nacional de Alimenta\u00e7\u00e3o Escolar (PNAE), conforme o Decreto Municipal n\u00ba 150, publicada no dia 19 de mar\u00e7o. Uma pesquisa foi realizada com as fam\u00edlias dos alunos da Educa\u00e7\u00e3o Infantil e Ensino Fundamental da [&hellip;]<\/p>\n","protected":false},"author":7,"featured_media":0,"comment_status":"closed","ping_status":"open","sticky":false,"template":"","format":"standard","meta":{"ngg_post_thumbnail":0,"footnotes":""},"categories":[1],"tags":[],"class_list":["post-720","post","type-post","status-publish","format-standard","hentry","category-educacao"],"yoast_head":"<!-- This site is optimized with the Yoast SEO plugin v24.4 - https:\/\/yoast.com\/wordpress\/plugins\/seo\/ -->\n<title>Kit Alimenta\u00e7\u00e3o - Secretaria de Educa\u00e7\u00e3o e Cultura<\/title>\n<meta name=\"robots\" content=\"index, follow, max-snippet:-1, max-image-preview:large, max-video-preview:-1\" \/>\n<link rel=\"canonical\" href=\"https:\/\/educacao.cambe.pr.gov.br\/index.php\/kit-alimentacao\/\" \/>\n<meta property=\"og:locale\" content=\"pt_BR\" \/>\n<meta property=\"og:type\" content=\"article\" \/>\n<meta property=\"og:title\" content=\"Kit Alimenta\u00e7\u00e3o - Secretaria de Educa\u00e7\u00e3o e Cultura\" \/>\n<meta property=\"og:description\" content=\"Diante da Pandemia da Covid-19, os alunos em situa\u00e7\u00e3o de vulnerabilidade da Rede P\u00fablica Municipal ser\u00e3o beneficiados com g\u00eaneros aliment\u00edcios do Programa Nacional de Alimenta\u00e7\u00e3o Escolar (PNAE), conforme o Decreto Municipal n\u00ba 150, publicada no dia 19 de mar\u00e7o. Uma pesquisa foi realizada com as fam\u00edlias dos alunos da Educa\u00e7\u00e3o Infantil e Ensino Fundamental da [&hellip;]\" \/>\n<meta property=\"og:url\" content=\"https:\/\/educacao.cambe.pr.gov.br\/index.php\/kit-alimentacao\/\" \/>\n<meta property=\"og:site_name\" content=\"Secretaria de Educa\u00e7\u00e3o e Cultura\" \/>\n<meta property=\"article:published_time\" content=\"2021-04-06T17:29:44+00:00\" \/>\n<meta property=\"article:modified_time\" content=\"2024-10-08T11:26:23+00:00\" \/>\n<meta property=\"og:image\" content=\"http:\/\/educacao.cambe.pr.gov.br\/wp-content\/uploads\/2021\/04\/WhatsApp-Image-2021-04-23-at-15.46.17-300x300.jpeg\" \/>\n<meta name=\"author\" content=\"Juliano Lopes da Silva\" \/>\n<meta name=\"twitter:card\" content=\"summary_large_image\" \/>\n<meta name=\"twitter:label1\" content=\"Escrito por\" \/>\n\t<meta name=\"twitter:data1\" content=\"Juliano Lopes da Silva\" \/>\n\t<meta name=\"twitter:label2\" content=\"Est. tempo de leitura\" \/>\n\t<meta name=\"twitter:data2\" content=\"1 minuto\" \/>\n<script type=\"application\/ld+json\" class=\"yoast-schema-graph\">{\"@context\":\"https:\/\/schema.org\",\"@graph\":[{\"@type\":\"Article\",\"@id\":\"https:\/\/educacao.cambe.pr.gov.br\/index.php\/kit-alimentacao\/#article\",\"isPartOf\":{\"@id\":\"https:\/\/educacao.cambe.pr.gov.br\/index.php\/kit-alimentacao\/\"},\"author\":{\"name\":\"Juliano Lopes da Silva\",\"@id\":\"https:\/\/educacao.cambe.pr.gov.br\/#\/schema\/person\/a194ff5a99ad942628443f37e7b98c85\"},\"headline\":\"Kit Alimenta\u00e7\u00e3o\",\"datePublished\":\"2021-04-06T17:29:44+00:00\",\"dateModified\":\"2024-10-08T11:26:23+00:00\",\"mainEntityOfPage\":{\"@id\":\"https:\/\/educacao.cambe.pr.gov.br\/index.php\/kit-alimentacao\/\"},\"wordCount\":152,\"publisher\":{\"@id\":\"https:\/\/educacao.cambe.pr.gov.br\/#organization\"},\"image\":{\"@id\":\"https:\/\/educacao.cambe.pr.gov.br\/index.php\/kit-alimentacao\/#primaryimage\"},\"thumbnailUrl\":\"http:\/\/educacao.cambe.pr.gov.br\/wp-content\/uploads\/2021\/04\/WhatsApp-Image-2021-04-23-at-15.46.17-300x300.jpeg\",\"articleSection\":[\"Educa\u00e7\u00e3o\"],\"inLanguage\":\"pt-BR\"},{\"@type\":\"WebPage\",\"@id\":\"https:\/\/educacao.cambe.pr.gov.br\/index.php\/kit-alimentacao\/\",\"url\":\"https:\/\/educacao.cambe.pr.gov.br\/index.php\/kit-alimentacao\/\",\"name\":\"Kit Alimenta\u00e7\u00e3o - Secretaria de Educa\u00e7\u00e3o e Cultura\",\"isPartOf\":{\"@id\":\"https:\/\/educacao.cambe.pr.gov.br\/#website\"},\"primaryImageOfPage\":{\"@id\":\"https:\/\/educacao.cambe.pr.gov.br\/index.php\/kit-alimentacao\/#primaryimage\"},\"image\":{\"@id\":\"https:\/\/educacao.cambe.pr.gov.br\/index.php\/kit-alimentacao\/#primaryimage\"},\"thumbnailUrl\":\"http:\/\/educacao.cambe.pr.gov.br\/wp-content\/uploads\/2021\/04\/WhatsApp-Image-2021-04-23-at-15.46.17-300x300.jpeg\",\"datePublished\":\"2021-04-06T17:29:44+00:00\",\"dateModified\":\"2024-10-08T11:26:23+00:00\",\"breadcrumb\":{\"@id\":\"https:\/\/educacao.cambe.pr.gov.br\/index.php\/kit-alimentacao\/#breadcrumb\"},\"inLanguage\":\"pt-BR\",\"potentialAction\":[{\"@type\":\"ReadAction\",\"target\":[\"https:\/\/educacao.cambe.pr.gov.br\/index.php\/kit-alimentacao\/\"]}]},{\"@type\":\"ImageObject\",\"inLanguage\":\"pt-BR\",\"@id\":\"https:\/\/educacao.cambe.pr.gov.br\/index.php\/kit-alimentacao\/#primaryimage\",\"url\":\"http:\/\/educacao.cambe.pr.gov.br\/wp-content\/uploads\/2021\/04\/WhatsApp-Image-2021-04-23-at-15.46.17-300x300.jpeg\",\"contentUrl\":\"http:\/\/educacao.cambe.pr.gov.br\/wp-content\/uploads\/2021\/04\/WhatsApp-Image-2021-04-23-at-15.46.17-300x300.jpeg\"},{\"@type\":\"BreadcrumbList\",\"@id\":\"https:\/\/educacao.cambe.pr.gov.br\/index.php\/kit-alimentacao\/#breadcrumb\",\"itemListElement\":[{\"@type\":\"ListItem\",\"position\":1,\"name\":\"In\u00edcio\",\"item\":\"https:\/\/educacao.cambe.pr.gov.br\/\"},{\"@type\":\"ListItem\",\"position\":2,\"name\":\"Kit Alimenta\u00e7\u00e3o\"}]},{\"@type\":\"WebSite\",\"@id\":\"https:\/\/educacao.cambe.pr.gov.br\/#website\",\"url\":\"https:\/\/educacao.cambe.pr.gov.br\/\",\"name\":\"Secretaria de Educa\u00e7\u00e3o e Cultura\",\"description\":\"Prefeitura de Camb\u00e9\",\"publisher\":{\"@id\":\"https:\/\/educacao.cambe.pr.gov.br\/#organization\"},\"potentialAction\":[{\"@type\":\"SearchAction\",\"target\":{\"@type\":\"EntryPoint\",\"urlTemplate\":\"https:\/\/educacao.cambe.pr.gov.br\/?s={search_term_string}\"},\"query-input\":{\"@type\":\"PropertyValueSpecification\",\"valueRequired\":true,\"valueName\":\"search_term_string\"}}],\"inLanguage\":\"pt-BR\"},{\"@type\":\"Organization\",\"@id\":\"https:\/\/educacao.cambe.pr.gov.br\/#organization\",\"name\":\"Secretaria de Educa\u00e7\u00e3o e Cultura\",\"url\":\"https:\/\/educacao.cambe.pr.gov.br\/\",\"logo\":{\"@type\":\"ImageObject\",\"inLanguage\":\"pt-BR\",\"@id\":\"https:\/\/educacao.cambe.pr.gov.br\/#\/schema\/logo\/image\/\",\"url\":\"https:\/\/educacao.cambe.pr.gov.br\/wp-content\/uploads\/2020\/08\/cambe_rural_brazao-pq.png\",\"contentUrl\":\"https:\/\/educacao.cambe.pr.gov.br\/wp-content\/uploads\/2020\/08\/cambe_rural_brazao-pq.png\",\"width\":150,\"height\":150,\"caption\":\"Secretaria de Educa\u00e7\u00e3o e Cultura\"},\"image\":{\"@id\":\"https:\/\/educacao.cambe.pr.gov.br\/#\/schema\/logo\/image\/\"}},{\"@type\":\"Person\",\"@id\":\"https:\/\/educacao.cambe.pr.gov.br\/#\/schema\/person\/a194ff5a99ad942628443f37e7b98c85\",\"name\":\"Juliano Lopes da Silva\",\"image\":{\"@type\":\"ImageObject\",\"inLanguage\":\"pt-BR\",\"@id\":\"https:\/\/educacao.cambe.pr.gov.br\/#\/schema\/person\/image\/\",\"url\":\"https:\/\/secure.gravatar.com\/avatar\/6b2019b8516158d7cb6416618a3a2b45?s=96&d=mm&r=g\",\"contentUrl\":\"https:\/\/secure.gravatar.com\/avatar\/6b2019b8516158d7cb6416618a3a2b45?s=96&d=mm&r=g\",\"caption\":\"Juliano Lopes da Silva\"},\"url\":\"https:\/\/educacao.cambe.pr.gov.br\/index.php\/author\/jlsilva\/\"}]}<\/script>\n<!-- \/ Yoast SEO plugin. -->","yoast_head_json":{"title":"Kit Alimenta\u00e7\u00e3o - Secretaria de Educa\u00e7\u00e3o e Cultura","robots":{"index":"index","follow":"follow","max-snippet":"max-snippet:-1","max-image-preview":"max-image-preview:large","max-video-preview":"max-video-preview:-1"},"canonical":"https:\/\/educacao.cambe.pr.gov.br\/index.php\/kit-alimentacao\/","og_locale":"pt_BR","og_type":"article","og_title":"Kit Alimenta\u00e7\u00e3o - Secretaria de Educa\u00e7\u00e3o e Cultura","og_description":"Diante da Pandemia da Covid-19, os alunos em situa\u00e7\u00e3o de vulnerabilidade da Rede P\u00fablica Municipal ser\u00e3o beneficiados com g\u00eaneros aliment\u00edcios do Programa Nacional de Alimenta\u00e7\u00e3o Escolar (PNAE), conforme o Decreto Municipal n\u00ba 150, publicada no dia 19 de mar\u00e7o. Uma pesquisa foi realizada com as fam\u00edlias dos alunos da Educa\u00e7\u00e3o Infantil e Ensino Fundamental da [&hellip;]","og_url":"https:\/\/educacao.cambe.pr.gov.br\/index.php\/kit-alimentacao\/","og_site_name":"Secretaria de Educa\u00e7\u00e3o e Cultura","article_published_time":"2021-04-06T17:29:44+00:00","article_modified_time":"2024-10-08T11:26:23+00:00","og_image":[{"url":"http:\/\/educacao.cambe.pr.gov.br\/wp-content\/uploads\/2021\/04\/WhatsApp-Image-2021-04-23-at-15.46.17-300x300.jpeg","type":"","width":"","height":""}],"author":"Juliano Lopes da Silva","twitter_card":"summary_large_image","twitter_misc":{"Escrito por":"Juliano Lopes da Silva","Est. tempo de leitura":"1 minuto"},"schema":{"@context":"https:\/\/schema.org","@graph":[{"@type":"Article","@id":"https:\/\/educacao.cambe.pr.gov.br\/index.php\/kit-alimentacao\/#article","isPartOf":{"@id":"https:\/\/educacao.cambe.pr.gov.br\/index.php\/kit-alimentacao\/"},"author":{"name":"Juliano Lopes da Silva","@id":"https:\/\/educacao.cambe.pr.gov.br\/#\/schema\/person\/a194ff5a99ad942628443f37e7b98c85"},"headline":"Kit Alimenta\u00e7\u00e3o","datePublished":"2021-04-06T17:29:44+00:00","dateModified":"2024-10-08T11:26:23+00:00","mainEntityOfPage":{"@id":"https:\/\/educacao.cambe.pr.gov.br\/index.php\/kit-alimentacao\/"},"wordCount":152,"publisher":{"@id":"https:\/\/educacao.cambe.pr.gov.br\/#organization"},"image":{"@id":"https:\/\/educacao.cambe.pr.gov.br\/index.php\/kit-alimentacao\/#primaryimage"},"thumbnailUrl":"http:\/\/educacao.cambe.pr.gov.br\/wp-content\/uploads\/2021\/04\/WhatsApp-Image-2021-04-23-at-15.46.17-300x300.jpeg","articleSection":["Educa\u00e7\u00e3o"],"inLanguage":"pt-BR"},{"@type":"WebPage","@id":"https:\/\/educacao.cambe.pr.gov.br\/index.php\/kit-alimentacao\/","url":"https:\/\/educacao.cambe.pr.gov.br\/index.php\/kit-alimentacao\/","name":"Kit Alimenta\u00e7\u00e3o - Secretaria de Educa\u00e7\u00e3o e Cultura","isPartOf":{"@id":"https:\/\/educacao.cambe.pr.gov.br\/#website"},"primaryImageOfPage":{"@id":"https:\/\/educacao.cambe.pr.gov.br\/index.php\/kit-alimentacao\/#primaryimage"},"image":{"@id":"https:\/\/educacao.cambe.pr.gov.br\/index.php\/kit-alimentacao\/#primaryimage"},"thumbnailUrl":"http:\/\/educacao.cambe.pr.gov.br\/wp-content\/uploads\/2021\/04\/WhatsApp-Image-2021-04-23-at-15.46.17-300x300.jpeg","datePublished":"2021-04-06T17:29:44+00:00","dateModified":"2024-10-08T11:26:23+00:00","breadcrumb":{"@id":"https:\/\/educacao.cambe.pr.gov.br\/index.php\/kit-alimentacao\/#breadcrumb"},"inLanguage":"pt-BR","potentialAction":[{"@type":"ReadAction","target":["https:\/\/educacao.cambe.pr.gov.br\/index.php\/kit-alimentacao\/"]}]},{"@type":"ImageObject","inLanguage":"pt-BR","@id":"https:\/\/educacao.cambe.pr.gov.br\/index.php\/kit-alimentacao\/#primaryimage","url":"http:\/\/educacao.cambe.pr.gov.br\/wp-content\/uploads\/2021\/04\/WhatsApp-Image-2021-04-23-at-15.46.17-300x300.jpeg","contentUrl":"http:\/\/educacao.cambe.pr.gov.br\/wp-content\/uploads\/2021\/04\/WhatsApp-Image-2021-04-23-at-15.46.17-300x300.jpeg"},{"@type":"BreadcrumbList","@id":"https:\/\/educacao.cambe.pr.gov.br\/index.php\/kit-alimentacao\/#breadcrumb","itemListElement":[{"@type":"ListItem","position":1,"name":"In\u00edcio","item":"https:\/\/educacao.cambe.pr.gov.br\/"},{"@type":"ListItem","position":2,"name":"Kit Alimenta\u00e7\u00e3o"}]},{"@type":"WebSite","@id":"https:\/\/educacao.cambe.pr.gov.br\/#website","url":"https:\/\/educacao.cambe.pr.gov.br\/","name":"Secretaria de Educa\u00e7\u00e3o e Cultura","description":"Prefeitura de Camb\u00e9","publisher":{"@id":"https:\/\/educacao.cambe.pr.gov.br\/#organization"},"potentialAction":[{"@type":"SearchAction","target":{"@type":"EntryPoint","urlTemplate":"https:\/\/educacao.cambe.pr.gov.br\/?s={search_term_string}"},"query-input":{"@type":"PropertyValueSpecification","valueRequired":true,"valueName":"search_term_string"}}],"inLanguage":"pt-BR"},{"@type":"Organization","@id":"https:\/\/educacao.cambe.pr.gov.br\/#organization","name":"Secretaria de Educa\u00e7\u00e3o e Cultura","url":"https:\/\/educacao.cambe.pr.gov.br\/","logo":{"@type":"ImageObject","inLanguage":"pt-BR","@id":"https:\/\/educacao.cambe.pr.gov.br\/#\/schema\/logo\/image\/","url":"https:\/\/educacao.cambe.pr.gov.br\/wp-content\/uploads\/2020\/08\/cambe_rural_brazao-pq.png","contentUrl":"https:\/\/educacao.cambe.pr.gov.br\/wp-content\/uploads\/2020\/08\/cambe_rural_brazao-pq.png","width":150,"height":150,"caption":"Secretaria de Educa\u00e7\u00e3o e Cultura"},"image":{"@id":"https:\/\/educacao.cambe.pr.gov.br\/#\/schema\/logo\/image\/"}},{"@type":"Person","@id":"https:\/\/educacao.cambe.pr.gov.br\/#\/schema\/person\/a194ff5a99ad942628443f37e7b98c85","name":"Juliano Lopes da Silva","image":{"@type":"ImageObject","inLanguage":"pt-BR","@id":"https:\/\/educacao.cambe.pr.gov.br\/#\/schema\/person\/image\/","url":"https:\/\/secure.gravatar.com\/avatar\/6b2019b8516158d7cb6416618a3a2b45?s=96&d=mm&r=g","contentUrl":"https:\/\/secure.gravatar.com\/avatar\/6b2019b8516158d7cb6416618a3a2b45?s=96&d=mm&r=g","caption":"Juliano Lopes da Silva"},"url":"https:\/\/educacao.cambe.pr.gov.br\/index.php\/author\/jlsilva\/"}]}},"_links":{"self":[{"href":"https:\/\/educacao.cambe.pr.gov.br\/index.php\/wp-json\/wp\/v2\/posts\/720","targetHints":{"allow":["GET"]}}],"collection":[{"href":"https:\/\/educacao.cambe.pr.gov.br\/index.php\/wp-json\/wp\/v2\/posts"}],"about":[{"href":"https:\/\/educacao.cambe.pr.gov.br\/index.php\/wp-json\/wp\/v2\/types\/post"}],"author":[{"embeddable":true,"href":"https:\/\/educacao.cambe.pr.gov.br\/index.php\/wp-json\/wp\/v2\/users\/7"}],"replies":[{"embeddable":true,"href":"https:\/\/educacao.cambe.pr.gov.br\/index.php\/wp-json\/wp\/v2\/comments?post=720"}],"version-history":[{"count":7,"href":"https:\/\/educacao.cambe.pr.gov.br\/index.php\/wp-json\/wp\/v2\/posts\/720\/revisions"}],"predecessor-version":[{"id":746,"href":"https:\/\/educacao.cambe.pr.gov.br\/index.php\/wp-json\/wp\/v2\/posts\/720\/revisions\/746"}],"wp:attachment":[{"href":"https:\/\/educacao.cambe.pr.gov.br\/index.php\/wp-json\/wp\/v2\/media?parent=720"}],"wp:term":[{"taxonomy":"category","embeddable":true,"href":"https:\/\/educacao.cambe.pr.gov.br\/index.php\/wp-json\/wp\/v2\/categories?post=720"},{"taxonomy":"post_tag","embeddable":true,"href":"https:\/\/educacao.cambe.pr.gov.br\/index.php\/wp-json\/wp\/v2\/tags?post=720"}],"curies":[{"name":"wp","href":"https:\/\/api.w.org\/{rel}","templated":true}]}}