{"id":713,"date":"2021-04-05T10:46:00","date_gmt":"2021-04-05T13:46:00","guid":{"rendered":"http:\/\/educacao.cambe.pr.gov.br\/?p=713"},"modified":"2024-10-08T08:26:23","modified_gmt":"2024-10-08T11:26:23","slug":"resultado-do-processo-de-escolha-dos-conselheiros-do-cacs-fundeb","status":"publish","type":"post","link":"https:\/\/educacao.cambe.pr.gov.br\/index.php\/resultado-do-processo-de-escolha-dos-conselheiros-do-cacs-fundeb\/","title":{"rendered":"Resultado do processo de escolha dos conselheiros do CACS\/FUNDEB"},"content":{"rendered":"<p style=\"text-align: justify;\">Realizada no dia 29 de mar\u00e7o, a Assembleia de Elei\u00e7\u00e3o dos Conselheiros do CACS\/FUNDEB aconteceu de modo Online, as reuni\u00f5es aconteceram via Google Meet e os votos forma contabilizados por meio de formul\u00e1rio eletr\u00f4nico. Na ocasi\u00e3o, a assembleia contou com a participa\u00e7\u00e3o de mais de 200 pessoas.<\/p>\n<p style=\"text-align: justify;\">Estiveram presentes nas reuni\u00f5es e votaram no processo de escolha dos novos conselheiros os diretores das unidades escolares, professores, funcion\u00e1rios, pais de alunos e representantes da Sociedade civil.&nbsp;<\/p>\n<p style=\"text-align: justify;\">O Conselho Municipal de Acompanhamento e Controle Social do Fundo de Manuten\u00e7\u00e3o e Desenvolvimento da Educa\u00e7\u00e3o B\u00e1sica e de Valoriza\u00e7\u00e3o dos &nbsp;Profissionais &nbsp;da &nbsp;Educa\u00e7\u00e3o &#8211; (CACS\/FUNDEB) de Camb\u00e9, no uso das suas atribui\u00e7\u00f5es legais conferidas pela Lei Municipal n\u00ba 2110\/2007 e suas altera\u00e7\u00f5es;<\/p>\n<p style=\"text-align: justify;\"><em>Torna p\u00fablico o resultado do processo de escolha Gest\u00e3o 2021\/2022, foram eleitos:<\/em><\/p>\n<ul style=\"list-style-type: circle;\">\n<li style=\"text-align: justify;\"><strong>Diretores das escolas p\u00fablicas municipais:<\/strong> Titular: Dulcin\u00e9ia Bortotto Spinassi e&nbsp;&nbsp;Suplente: Carla Simone Pequito;<\/li>\n<li style=\"text-align: justify;\"><strong>Professores das escolas p\u00fablicas municipais:<\/strong> Titular: Viviane Aparecida Bernardes Arruda e Suplente: Elaine Cristina Okimoto Ribeiro de Queiroz;<\/li>\n<li style=\"text-align: justify;\"><strong>Representantes Servidores T\u00e9cnico Administrativo das escolas p\u00fablicas municipais:<\/strong> Titular: Patricia Morandin Machado e Suplente: Marta de F\u00e1tima Gon\u00e7alves;<\/li>\n<li style=\"text-align: justify;\"><strong>Representantes Pais de alunos &nbsp;das escolas p\u00fablicas municipais:<\/strong> Titular: (1) Denise Cortez Vasconcelos Pereira e (2)&nbsp; Fernanda Marcelino Omodeu Nabur e Suplente: (1) Amanda Lima de Castro e (2) Elke Sanderli da Gama Santos Resquetti;<\/li>\n<li style=\"text-align: justify;\"><strong>Representantes de organiza\u00e7\u00f5es da sociedade civil:<\/strong>&nbsp;Titulares: (1) Marcos Aparecido Soares e (2) David Garcia de Assis e&nbsp;Suplentes: (1) Marin\u00eas Bernardi e (2) Marilza Fahr da Silva Martins.<\/li>\n<\/ul>\n","protected":false},"excerpt":{"rendered":"<p>Realizada no dia 29 de mar\u00e7o, a Assembleia de Elei\u00e7\u00e3o dos Conselheiros do CACS\/FUNDEB aconteceu de modo Online, as reuni\u00f5es aconteceram via Google Meet e os votos forma contabilizados por meio de formul\u00e1rio eletr\u00f4nico. Na ocasi\u00e3o, a assembleia contou com a participa\u00e7\u00e3o de mais de 200 pessoas. Estiveram presentes nas reuni\u00f5es e votaram no processo [&hellip;]<\/p>\n","protected":false},"author":7,"featured_media":0,"comment_status":"closed","ping_status":"open","sticky":false,"template":"","format":"standard","meta":{"ngg_post_thumbnail":0,"footnotes":""},"categories":[1],"tags":[39,37,36,35,38],"class_list":["post-713","post","type-post","status-publish","format-standard","hentry","category-educacao","tag-assembleia","tag-cacs","tag-eleicao","tag-fundeb","tag-resultado"],"yoast_head":"<!-- This site is optimized with the Yoast SEO plugin v24.4 - https:\/\/yoast.com\/wordpress\/plugins\/seo\/ -->\n<title>Resultado do processo de escolha dos conselheiros do CACS\/FUNDEB - Secretaria de Educa\u00e7\u00e3o e Cultura<\/title>\n<meta name=\"robots\" content=\"index, follow, max-snippet:-1, max-image-preview:large, max-video-preview:-1\" \/>\n<link rel=\"canonical\" href=\"https:\/\/educacao.cambe.pr.gov.br\/index.php\/resultado-do-processo-de-escolha-dos-conselheiros-do-cacs-fundeb\/\" \/>\n<meta property=\"og:locale\" content=\"pt_BR\" \/>\n<meta property=\"og:type\" content=\"article\" \/>\n<meta property=\"og:title\" content=\"Resultado do processo de escolha dos conselheiros do CACS\/FUNDEB - Secretaria de Educa\u00e7\u00e3o e Cultura\" \/>\n<meta property=\"og:description\" content=\"Realizada no dia 29 de mar\u00e7o, a Assembleia de Elei\u00e7\u00e3o dos Conselheiros do CACS\/FUNDEB aconteceu de modo Online, as reuni\u00f5es aconteceram via Google Meet e os votos forma contabilizados por meio de formul\u00e1rio eletr\u00f4nico. Na ocasi\u00e3o, a assembleia contou com a participa\u00e7\u00e3o de mais de 200 pessoas. Estiveram presentes nas reuni\u00f5es e votaram no processo [&hellip;]\" \/>\n<meta property=\"og:url\" content=\"https:\/\/educacao.cambe.pr.gov.br\/index.php\/resultado-do-processo-de-escolha-dos-conselheiros-do-cacs-fundeb\/\" \/>\n<meta property=\"og:site_name\" content=\"Secretaria de Educa\u00e7\u00e3o e Cultura\" \/>\n<meta property=\"article:published_time\" content=\"2021-04-05T13:46:00+00:00\" \/>\n<meta property=\"article:modified_time\" content=\"2024-10-08T11:26:23+00:00\" \/>\n<meta name=\"author\" content=\"Juliano Lopes da Silva\" \/>\n<meta name=\"twitter:card\" content=\"summary_large_image\" \/>\n<meta name=\"twitter:label1\" content=\"Escrito por\" \/>\n\t<meta name=\"twitter:data1\" content=\"Juliano Lopes da Silva\" \/>\n\t<meta name=\"twitter:label2\" content=\"Est. tempo de leitura\" \/>\n\t<meta name=\"twitter:data2\" content=\"1 minuto\" \/>\n<script type=\"application\/ld+json\" class=\"yoast-schema-graph\">{\"@context\":\"https:\/\/schema.org\",\"@graph\":[{\"@type\":\"Article\",\"@id\":\"https:\/\/educacao.cambe.pr.gov.br\/index.php\/resultado-do-processo-de-escolha-dos-conselheiros-do-cacs-fundeb\/#article\",\"isPartOf\":{\"@id\":\"https:\/\/educacao.cambe.pr.gov.br\/index.php\/resultado-do-processo-de-escolha-dos-conselheiros-do-cacs-fundeb\/\"},\"author\":{\"name\":\"Juliano Lopes da Silva\",\"@id\":\"https:\/\/educacao.cambe.pr.gov.br\/#\/schema\/person\/a194ff5a99ad942628443f37e7b98c85\"},\"headline\":\"Resultado do processo de escolha dos conselheiros do CACS\/FUNDEB\",\"datePublished\":\"2021-04-05T13:46:00+00:00\",\"dateModified\":\"2024-10-08T11:26:23+00:00\",\"mainEntityOfPage\":{\"@id\":\"https:\/\/educacao.cambe.pr.gov.br\/index.php\/resultado-do-processo-de-escolha-dos-conselheiros-do-cacs-fundeb\/\"},\"wordCount\":282,\"publisher\":{\"@id\":\"https:\/\/educacao.cambe.pr.gov.br\/#organization\"},\"keywords\":[\"assembleia\",\"cacs\",\"ELEI\u00c7\u00c3O\",\"FUNDEB\",\"resultado\"],\"articleSection\":[\"Educa\u00e7\u00e3o\"],\"inLanguage\":\"pt-BR\"},{\"@type\":\"WebPage\",\"@id\":\"https:\/\/educacao.cambe.pr.gov.br\/index.php\/resultado-do-processo-de-escolha-dos-conselheiros-do-cacs-fundeb\/\",\"url\":\"https:\/\/educacao.cambe.pr.gov.br\/index.php\/resultado-do-processo-de-escolha-dos-conselheiros-do-cacs-fundeb\/\",\"name\":\"Resultado do processo de escolha dos conselheiros do CACS\/FUNDEB - Secretaria de Educa\u00e7\u00e3o e Cultura\",\"isPartOf\":{\"@id\":\"https:\/\/educacao.cambe.pr.gov.br\/#website\"},\"datePublished\":\"2021-04-05T13:46:00+00:00\",\"dateModified\":\"2024-10-08T11:26:23+00:00\",\"breadcrumb\":{\"@id\":\"https:\/\/educacao.cambe.pr.gov.br\/index.php\/resultado-do-processo-de-escolha-dos-conselheiros-do-cacs-fundeb\/#breadcrumb\"},\"inLanguage\":\"pt-BR\",\"potentialAction\":[{\"@type\":\"ReadAction\",\"target\":[\"https:\/\/educacao.cambe.pr.gov.br\/index.php\/resultado-do-processo-de-escolha-dos-conselheiros-do-cacs-fundeb\/\"]}]},{\"@type\":\"BreadcrumbList\",\"@id\":\"https:\/\/educacao.cambe.pr.gov.br\/index.php\/resultado-do-processo-de-escolha-dos-conselheiros-do-cacs-fundeb\/#breadcrumb\",\"itemListElement\":[{\"@type\":\"ListItem\",\"position\":1,\"name\":\"In\u00edcio\",\"item\":\"https:\/\/educacao.cambe.pr.gov.br\/\"},{\"@type\":\"ListItem\",\"position\":2,\"name\":\"Resultado do processo de escolha dos conselheiros do CACS\/FUNDEB\"}]},{\"@type\":\"WebSite\",\"@id\":\"https:\/\/educacao.cambe.pr.gov.br\/#website\",\"url\":\"https:\/\/educacao.cambe.pr.gov.br\/\",\"name\":\"Secretaria de Educa\u00e7\u00e3o e Cultura\",\"description\":\"Prefeitura de Camb\u00e9\",\"publisher\":{\"@id\":\"https:\/\/educacao.cambe.pr.gov.br\/#organization\"},\"potentialAction\":[{\"@type\":\"SearchAction\",\"target\":{\"@type\":\"EntryPoint\",\"urlTemplate\":\"https:\/\/educacao.cambe.pr.gov.br\/?s={search_term_string}\"},\"query-input\":{\"@type\":\"PropertyValueSpecification\",\"valueRequired\":true,\"valueName\":\"search_term_string\"}}],\"inLanguage\":\"pt-BR\"},{\"@type\":\"Organization\",\"@id\":\"https:\/\/educacao.cambe.pr.gov.br\/#organization\",\"name\":\"Secretaria de Educa\u00e7\u00e3o e Cultura\",\"url\":\"https:\/\/educacao.cambe.pr.gov.br\/\",\"logo\":{\"@type\":\"ImageObject\",\"inLanguage\":\"pt-BR\",\"@id\":\"https:\/\/educacao.cambe.pr.gov.br\/#\/schema\/logo\/image\/\",\"url\":\"https:\/\/educacao.cambe.pr.gov.br\/wp-content\/uploads\/2020\/08\/cambe_rural_brazao-pq.png\",\"contentUrl\":\"https:\/\/educacao.cambe.pr.gov.br\/wp-content\/uploads\/2020\/08\/cambe_rural_brazao-pq.png\",\"width\":150,\"height\":150,\"caption\":\"Secretaria de Educa\u00e7\u00e3o e Cultura\"},\"image\":{\"@id\":\"https:\/\/educacao.cambe.pr.gov.br\/#\/schema\/logo\/image\/\"}},{\"@type\":\"Person\",\"@id\":\"https:\/\/educacao.cambe.pr.gov.br\/#\/schema\/person\/a194ff5a99ad942628443f37e7b98c85\",\"name\":\"Juliano Lopes da Silva\",\"image\":{\"@type\":\"ImageObject\",\"inLanguage\":\"pt-BR\",\"@id\":\"https:\/\/educacao.cambe.pr.gov.br\/#\/schema\/person\/image\/\",\"url\":\"https:\/\/secure.gravatar.com\/avatar\/6b2019b8516158d7cb6416618a3a2b45?s=96&d=mm&r=g\",\"contentUrl\":\"https:\/\/secure.gravatar.com\/avatar\/6b2019b8516158d7cb6416618a3a2b45?s=96&d=mm&r=g\",\"caption\":\"Juliano Lopes da Silva\"},\"url\":\"https:\/\/educacao.cambe.pr.gov.br\/index.php\/author\/jlsilva\/\"}]}<\/script>\n<!-- \/ Yoast SEO plugin. -->","yoast_head_json":{"title":"Resultado do processo de escolha dos conselheiros do CACS\/FUNDEB - Secretaria de Educa\u00e7\u00e3o e Cultura","robots":{"index":"index","follow":"follow","max-snippet":"max-snippet:-1","max-image-preview":"max-image-preview:large","max-video-preview":"max-video-preview:-1"},"canonical":"https:\/\/educacao.cambe.pr.gov.br\/index.php\/resultado-do-processo-de-escolha-dos-conselheiros-do-cacs-fundeb\/","og_locale":"pt_BR","og_type":"article","og_title":"Resultado do processo de escolha dos conselheiros do CACS\/FUNDEB - Secretaria de Educa\u00e7\u00e3o e Cultura","og_description":"Realizada no dia 29 de mar\u00e7o, a Assembleia de Elei\u00e7\u00e3o dos Conselheiros do CACS\/FUNDEB aconteceu de modo Online, as reuni\u00f5es aconteceram via Google Meet e os votos forma contabilizados por meio de formul\u00e1rio eletr\u00f4nico. Na ocasi\u00e3o, a assembleia contou com a participa\u00e7\u00e3o de mais de 200 pessoas. Estiveram presentes nas reuni\u00f5es e votaram no processo [&hellip;]","og_url":"https:\/\/educacao.cambe.pr.gov.br\/index.php\/resultado-do-processo-de-escolha-dos-conselheiros-do-cacs-fundeb\/","og_site_name":"Secretaria de Educa\u00e7\u00e3o e Cultura","article_published_time":"2021-04-05T13:46:00+00:00","article_modified_time":"2024-10-08T11:26:23+00:00","author":"Juliano Lopes da Silva","twitter_card":"summary_large_image","twitter_misc":{"Escrito por":"Juliano Lopes da Silva","Est. tempo de leitura":"1 minuto"},"schema":{"@context":"https:\/\/schema.org","@graph":[{"@type":"Article","@id":"https:\/\/educacao.cambe.pr.gov.br\/index.php\/resultado-do-processo-de-escolha-dos-conselheiros-do-cacs-fundeb\/#article","isPartOf":{"@id":"https:\/\/educacao.cambe.pr.gov.br\/index.php\/resultado-do-processo-de-escolha-dos-conselheiros-do-cacs-fundeb\/"},"author":{"name":"Juliano Lopes da Silva","@id":"https:\/\/educacao.cambe.pr.gov.br\/#\/schema\/person\/a194ff5a99ad942628443f37e7b98c85"},"headline":"Resultado do processo de escolha dos conselheiros do CACS\/FUNDEB","datePublished":"2021-04-05T13:46:00+00:00","dateModified":"2024-10-08T11:26:23+00:00","mainEntityOfPage":{"@id":"https:\/\/educacao.cambe.pr.gov.br\/index.php\/resultado-do-processo-de-escolha-dos-conselheiros-do-cacs-fundeb\/"},"wordCount":282,"publisher":{"@id":"https:\/\/educacao.cambe.pr.gov.br\/#organization"},"keywords":["assembleia","cacs","ELEI\u00c7\u00c3O","FUNDEB","resultado"],"articleSection":["Educa\u00e7\u00e3o"],"inLanguage":"pt-BR"},{"@type":"WebPage","@id":"https:\/\/educacao.cambe.pr.gov.br\/index.php\/resultado-do-processo-de-escolha-dos-conselheiros-do-cacs-fundeb\/","url":"https:\/\/educacao.cambe.pr.gov.br\/index.php\/resultado-do-processo-de-escolha-dos-conselheiros-do-cacs-fundeb\/","name":"Resultado do processo de escolha dos conselheiros do CACS\/FUNDEB - Secretaria de Educa\u00e7\u00e3o e Cultura","isPartOf":{"@id":"https:\/\/educacao.cambe.pr.gov.br\/#website"},"datePublished":"2021-04-05T13:46:00+00:00","dateModified":"2024-10-08T11:26:23+00:00","breadcrumb":{"@id":"https:\/\/educacao.cambe.pr.gov.br\/index.php\/resultado-do-processo-de-escolha-dos-conselheiros-do-cacs-fundeb\/#breadcrumb"},"inLanguage":"pt-BR","potentialAction":[{"@type":"ReadAction","target":["https:\/\/educacao.cambe.pr.gov.br\/index.php\/resultado-do-processo-de-escolha-dos-conselheiros-do-cacs-fundeb\/"]}]},{"@type":"BreadcrumbList","@id":"https:\/\/educacao.cambe.pr.gov.br\/index.php\/resultado-do-processo-de-escolha-dos-conselheiros-do-cacs-fundeb\/#breadcrumb","itemListElement":[{"@type":"ListItem","position":1,"name":"In\u00edcio","item":"https:\/\/educacao.cambe.pr.gov.br\/"},{"@type":"ListItem","position":2,"name":"Resultado do processo de escolha dos conselheiros do CACS\/FUNDEB"}]},{"@type":"WebSite","@id":"https:\/\/educacao.cambe.pr.gov.br\/#website","url":"https:\/\/educacao.cambe.pr.gov.br\/","name":"Secretaria de Educa\u00e7\u00e3o e Cultura","description":"Prefeitura de Camb\u00e9","publisher":{"@id":"https:\/\/educacao.cambe.pr.gov.br\/#organization"},"potentialAction":[{"@type":"SearchAction","target":{"@type":"EntryPoint","urlTemplate":"https:\/\/educacao.cambe.pr.gov.br\/?s={search_term_string}"},"query-input":{"@type":"PropertyValueSpecification","valueRequired":true,"valueName":"search_term_string"}}],"inLanguage":"pt-BR"},{"@type":"Organization","@id":"https:\/\/educacao.cambe.pr.gov.br\/#organization","name":"Secretaria de Educa\u00e7\u00e3o e Cultura","url":"https:\/\/educacao.cambe.pr.gov.br\/","logo":{"@type":"ImageObject","inLanguage":"pt-BR","@id":"https:\/\/educacao.cambe.pr.gov.br\/#\/schema\/logo\/image\/","url":"https:\/\/educacao.cambe.pr.gov.br\/wp-content\/uploads\/2020\/08\/cambe_rural_brazao-pq.png","contentUrl":"https:\/\/educacao.cambe.pr.gov.br\/wp-content\/uploads\/2020\/08\/cambe_rural_brazao-pq.png","width":150,"height":150,"caption":"Secretaria de Educa\u00e7\u00e3o e Cultura"},"image":{"@id":"https:\/\/educacao.cambe.pr.gov.br\/#\/schema\/logo\/image\/"}},{"@type":"Person","@id":"https:\/\/educacao.cambe.pr.gov.br\/#\/schema\/person\/a194ff5a99ad942628443f37e7b98c85","name":"Juliano Lopes da Silva","image":{"@type":"ImageObject","inLanguage":"pt-BR","@id":"https:\/\/educacao.cambe.pr.gov.br\/#\/schema\/person\/image\/","url":"https:\/\/secure.gravatar.com\/avatar\/6b2019b8516158d7cb6416618a3a2b45?s=96&d=mm&r=g","contentUrl":"https:\/\/secure.gravatar.com\/avatar\/6b2019b8516158d7cb6416618a3a2b45?s=96&d=mm&r=g","caption":"Juliano Lopes da Silva"},"url":"https:\/\/educacao.cambe.pr.gov.br\/index.php\/author\/jlsilva\/"}]}},"_links":{"self":[{"href":"https:\/\/educacao.cambe.pr.gov.br\/index.php\/wp-json\/wp\/v2\/posts\/713","targetHints":{"allow":["GET"]}}],"collection":[{"href":"https:\/\/educacao.cambe.pr.gov.br\/index.php\/wp-json\/wp\/v2\/posts"}],"about":[{"href":"https:\/\/educacao.cambe.pr.gov.br\/index.php\/wp-json\/wp\/v2\/types\/post"}],"author":[{"embeddable":true,"href":"https:\/\/educacao.cambe.pr.gov.br\/index.php\/wp-json\/wp\/v2\/users\/7"}],"replies":[{"embeddable":true,"href":"https:\/\/educacao.cambe.pr.gov.br\/index.php\/wp-json\/wp\/v2\/comments?post=713"}],"version-history":[{"count":1,"href":"https:\/\/educacao.cambe.pr.gov.br\/index.php\/wp-json\/wp\/v2\/posts\/713\/revisions"}],"predecessor-version":[{"id":714,"href":"https:\/\/educacao.cambe.pr.gov.br\/index.php\/wp-json\/wp\/v2\/posts\/713\/revisions\/714"}],"wp:attachment":[{"href":"https:\/\/educacao.cambe.pr.gov.br\/index.php\/wp-json\/wp\/v2\/media?parent=713"}],"wp:term":[{"taxonomy":"category","embeddable":true,"href":"https:\/\/educacao.cambe.pr.gov.br\/index.php\/wp-json\/wp\/v2\/categories?post=713"},{"taxonomy":"post_tag","embeddable":true,"href":"https:\/\/educacao.cambe.pr.gov.br\/index.php\/wp-json\/wp\/v2\/tags?post=713"}],"curies":[{"name":"wp","href":"https:\/\/api.w.org\/{rel}","templated":true}]}}