{"id":626,"date":"2020-12-22T14:52:44","date_gmt":"2020-12-22T17:52:44","guid":{"rendered":"http:\/\/educacao.cambe.pr.gov.br\/?p=626"},"modified":"2024-10-08T08:26:25","modified_gmt":"2024-10-08T11:26:25","slug":"relembrando-as-antigas-escolas-rurais-a-historia-da-educacao-no-municipio-de-cambe","status":"publish","type":"post","link":"https:\/\/educacao.cambe.pr.gov.br\/index.php\/relembrando-as-antigas-escolas-rurais-a-historia-da-educacao-no-municipio-de-cambe\/","title":{"rendered":"Relembrando as antigas escolas rurais: a hist\u00f3ria da educa\u00e7\u00e3o no munic\u00edpio de Camb\u00e9"},"content":{"rendered":"<p style=\"text-align: justify;\">\u00c9 com muita alegria que compartilhamos a finaliza\u00e7\u00e3o de mais um projeto t\u00e3o importante para a hist\u00f3ria da educa\u00e7\u00e3o municipal. O que seria uma simples pesquisa para complementar arquivos j\u00e1 existentes, tomou um rumo diferente e se transformou em livro, tamanha riqueza de informa\u00e7\u00f5es que obtivemos neste processo!<\/p>\n<p style=\"text-align: justify;\">Camb\u00e9, ao longo de sua hist\u00f3ria j\u00e1 teve mais de 50 escolas rurais, distribu\u00eddas em toda extens\u00e3o que comp\u00f5e o territ\u00f3rio Municipal. Estas escolas foram respons\u00e1veis pela forma\u00e7\u00e3o de muitos cambeenses, sendo tamb\u00e9m o primeiro emprego de muitos professores, que para realizarem seu trabalho passavam por diversas dificuldades e obst\u00e1culos.<\/p>\n<p style=\"text-align: justify;\">Este projeto procurou abordar diferentes pontos de vista do que foi o trabalho nas escolas rurais do munic\u00edpio, realizando pesquisas com alunos, professores, motoristas que atendiam as escolas do campo, profissionais que trabalharam na Secretaria Municipal de Educa\u00e7\u00e3o, prefeitos, vice prefeitos, e ex-secret\u00e1rios Municipais de Educa\u00e7\u00e3o.<\/p>\n<p style=\"text-align: justify;\">Este material que hoje divulgamos, est\u00e1 disponibilizado inicialmente na vers\u00e3o e-book, sendo posteriormente em vers\u00e3o impressa!<\/p>\n<p style=\"text-align: justify;\">Agradecemos a disponibilidade e presteza de todas as pessoas envolvidas neste projeto. A colabora\u00e7\u00e3o de todos voc\u00eas constituiu na forma\u00e7\u00e3o de um importante legado para a hist\u00f3ria da educa\u00e7\u00e3o de Camb\u00e9.<\/p>\n<p><a href=\"https:\/\/educacao.cambe.pr.gov.br\/wp-content\/uploads\/2020\/12\/Livro_Relembrando-as-antigas-escolas-rurais_2020.pdf\">Livro_Relembrando as antigas escolas rurais_2020<\/a><\/p>\n","protected":false},"excerpt":{"rendered":"<p>\u00c9 com muita alegria que compartilhamos a finaliza\u00e7\u00e3o de mais um projeto t\u00e3o importante para a hist\u00f3ria da educa\u00e7\u00e3o municipal. O que seria uma simples pesquisa para complementar arquivos j\u00e1 existentes, tomou um rumo diferente e se transformou em livro, tamanha riqueza de informa\u00e7\u00f5es que obtivemos neste processo! Camb\u00e9, ao longo de sua hist\u00f3ria j\u00e1 [&hellip;]<\/p>\n","protected":false},"author":7,"featured_media":0,"comment_status":"closed","ping_status":"open","sticky":false,"template":"","format":"standard","meta":{"ngg_post_thumbnail":0,"footnotes":""},"categories":[1],"tags":[],"class_list":["post-626","post","type-post","status-publish","format-standard","hentry","category-educacao"],"yoast_head":"<!-- This site is optimized with the Yoast SEO plugin v24.4 - https:\/\/yoast.com\/wordpress\/plugins\/seo\/ -->\n<title>Relembrando as antigas escolas rurais: a hist\u00f3ria da educa\u00e7\u00e3o no munic\u00edpio de Camb\u00e9 - Secretaria de Educa\u00e7\u00e3o e Cultura<\/title>\n<meta name=\"robots\" content=\"index, follow, max-snippet:-1, max-image-preview:large, max-video-preview:-1\" \/>\n<link rel=\"canonical\" href=\"https:\/\/educacao.cambe.pr.gov.br\/index.php\/relembrando-as-antigas-escolas-rurais-a-historia-da-educacao-no-municipio-de-cambe\/\" \/>\n<meta property=\"og:locale\" content=\"pt_BR\" \/>\n<meta property=\"og:type\" content=\"article\" \/>\n<meta property=\"og:title\" content=\"Relembrando as antigas escolas rurais: a hist\u00f3ria da educa\u00e7\u00e3o no munic\u00edpio de Camb\u00e9 - Secretaria de Educa\u00e7\u00e3o e Cultura\" \/>\n<meta property=\"og:description\" content=\"\u00c9 com muita alegria que compartilhamos a finaliza\u00e7\u00e3o de mais um projeto t\u00e3o importante para a hist\u00f3ria da educa\u00e7\u00e3o municipal. O que seria uma simples pesquisa para complementar arquivos j\u00e1 existentes, tomou um rumo diferente e se transformou em livro, tamanha riqueza de informa\u00e7\u00f5es que obtivemos neste processo! Camb\u00e9, ao longo de sua hist\u00f3ria j\u00e1 [&hellip;]\" \/>\n<meta property=\"og:url\" content=\"https:\/\/educacao.cambe.pr.gov.br\/index.php\/relembrando-as-antigas-escolas-rurais-a-historia-da-educacao-no-municipio-de-cambe\/\" \/>\n<meta property=\"og:site_name\" content=\"Secretaria de Educa\u00e7\u00e3o e Cultura\" \/>\n<meta property=\"article:published_time\" content=\"2020-12-22T17:52:44+00:00\" \/>\n<meta property=\"article:modified_time\" content=\"2024-10-08T11:26:25+00:00\" \/>\n<meta name=\"author\" content=\"Juliano Lopes da Silva\" \/>\n<meta name=\"twitter:card\" content=\"summary_large_image\" \/>\n<meta name=\"twitter:label1\" content=\"Escrito por\" \/>\n\t<meta name=\"twitter:data1\" content=\"Juliano Lopes da Silva\" \/>\n\t<meta name=\"twitter:label2\" content=\"Est. tempo de leitura\" \/>\n\t<meta name=\"twitter:data2\" content=\"1 minuto\" \/>\n<script type=\"application\/ld+json\" class=\"yoast-schema-graph\">{\"@context\":\"https:\/\/schema.org\",\"@graph\":[{\"@type\":\"Article\",\"@id\":\"https:\/\/educacao.cambe.pr.gov.br\/index.php\/relembrando-as-antigas-escolas-rurais-a-historia-da-educacao-no-municipio-de-cambe\/#article\",\"isPartOf\":{\"@id\":\"https:\/\/educacao.cambe.pr.gov.br\/index.php\/relembrando-as-antigas-escolas-rurais-a-historia-da-educacao-no-municipio-de-cambe\/\"},\"author\":{\"name\":\"Juliano Lopes da Silva\",\"@id\":\"https:\/\/educacao.cambe.pr.gov.br\/#\/schema\/person\/a194ff5a99ad942628443f37e7b98c85\"},\"headline\":\"Relembrando as antigas escolas rurais: a hist\u00f3ria da educa\u00e7\u00e3o no munic\u00edpio de Camb\u00e9\",\"datePublished\":\"2020-12-22T17:52:44+00:00\",\"dateModified\":\"2024-10-08T11:26:25+00:00\",\"mainEntityOfPage\":{\"@id\":\"https:\/\/educacao.cambe.pr.gov.br\/index.php\/relembrando-as-antigas-escolas-rurais-a-historia-da-educacao-no-municipio-de-cambe\/\"},\"wordCount\":236,\"publisher\":{\"@id\":\"https:\/\/educacao.cambe.pr.gov.br\/#organization\"},\"articleSection\":[\"Educa\u00e7\u00e3o\"],\"inLanguage\":\"pt-BR\"},{\"@type\":\"WebPage\",\"@id\":\"https:\/\/educacao.cambe.pr.gov.br\/index.php\/relembrando-as-antigas-escolas-rurais-a-historia-da-educacao-no-municipio-de-cambe\/\",\"url\":\"https:\/\/educacao.cambe.pr.gov.br\/index.php\/relembrando-as-antigas-escolas-rurais-a-historia-da-educacao-no-municipio-de-cambe\/\",\"name\":\"Relembrando as antigas escolas rurais: a hist\u00f3ria da educa\u00e7\u00e3o no munic\u00edpio de Camb\u00e9 - Secretaria de Educa\u00e7\u00e3o e Cultura\",\"isPartOf\":{\"@id\":\"https:\/\/educacao.cambe.pr.gov.br\/#website\"},\"datePublished\":\"2020-12-22T17:52:44+00:00\",\"dateModified\":\"2024-10-08T11:26:25+00:00\",\"breadcrumb\":{\"@id\":\"https:\/\/educacao.cambe.pr.gov.br\/index.php\/relembrando-as-antigas-escolas-rurais-a-historia-da-educacao-no-municipio-de-cambe\/#breadcrumb\"},\"inLanguage\":\"pt-BR\",\"potentialAction\":[{\"@type\":\"ReadAction\",\"target\":[\"https:\/\/educacao.cambe.pr.gov.br\/index.php\/relembrando-as-antigas-escolas-rurais-a-historia-da-educacao-no-municipio-de-cambe\/\"]}]},{\"@type\":\"BreadcrumbList\",\"@id\":\"https:\/\/educacao.cambe.pr.gov.br\/index.php\/relembrando-as-antigas-escolas-rurais-a-historia-da-educacao-no-municipio-de-cambe\/#breadcrumb\",\"itemListElement\":[{\"@type\":\"ListItem\",\"position\":1,\"name\":\"In\u00edcio\",\"item\":\"https:\/\/educacao.cambe.pr.gov.br\/\"},{\"@type\":\"ListItem\",\"position\":2,\"name\":\"Relembrando as antigas escolas rurais: a hist\u00f3ria da educa\u00e7\u00e3o no munic\u00edpio de Camb\u00e9\"}]},{\"@type\":\"WebSite\",\"@id\":\"https:\/\/educacao.cambe.pr.gov.br\/#website\",\"url\":\"https:\/\/educacao.cambe.pr.gov.br\/\",\"name\":\"Secretaria de Educa\u00e7\u00e3o e Cultura\",\"description\":\"Prefeitura de Camb\u00e9\",\"publisher\":{\"@id\":\"https:\/\/educacao.cambe.pr.gov.br\/#organization\"},\"potentialAction\":[{\"@type\":\"SearchAction\",\"target\":{\"@type\":\"EntryPoint\",\"urlTemplate\":\"https:\/\/educacao.cambe.pr.gov.br\/?s={search_term_string}\"},\"query-input\":{\"@type\":\"PropertyValueSpecification\",\"valueRequired\":true,\"valueName\":\"search_term_string\"}}],\"inLanguage\":\"pt-BR\"},{\"@type\":\"Organization\",\"@id\":\"https:\/\/educacao.cambe.pr.gov.br\/#organization\",\"name\":\"Secretaria de Educa\u00e7\u00e3o e Cultura\",\"url\":\"https:\/\/educacao.cambe.pr.gov.br\/\",\"logo\":{\"@type\":\"ImageObject\",\"inLanguage\":\"pt-BR\",\"@id\":\"https:\/\/educacao.cambe.pr.gov.br\/#\/schema\/logo\/image\/\",\"url\":\"https:\/\/educacao.cambe.pr.gov.br\/wp-content\/uploads\/2020\/08\/cambe_rural_brazao-pq.png\",\"contentUrl\":\"https:\/\/educacao.cambe.pr.gov.br\/wp-content\/uploads\/2020\/08\/cambe_rural_brazao-pq.png\",\"width\":150,\"height\":150,\"caption\":\"Secretaria de Educa\u00e7\u00e3o e Cultura\"},\"image\":{\"@id\":\"https:\/\/educacao.cambe.pr.gov.br\/#\/schema\/logo\/image\/\"}},{\"@type\":\"Person\",\"@id\":\"https:\/\/educacao.cambe.pr.gov.br\/#\/schema\/person\/a194ff5a99ad942628443f37e7b98c85\",\"name\":\"Juliano Lopes da Silva\",\"image\":{\"@type\":\"ImageObject\",\"inLanguage\":\"pt-BR\",\"@id\":\"https:\/\/educacao.cambe.pr.gov.br\/#\/schema\/person\/image\/\",\"url\":\"https:\/\/secure.gravatar.com\/avatar\/6b2019b8516158d7cb6416618a3a2b45?s=96&d=mm&r=g\",\"contentUrl\":\"https:\/\/secure.gravatar.com\/avatar\/6b2019b8516158d7cb6416618a3a2b45?s=96&d=mm&r=g\",\"caption\":\"Juliano Lopes da Silva\"},\"url\":\"https:\/\/educacao.cambe.pr.gov.br\/index.php\/author\/jlsilva\/\"}]}<\/script>\n<!-- \/ Yoast SEO plugin. -->","yoast_head_json":{"title":"Relembrando as antigas escolas rurais: a hist\u00f3ria da educa\u00e7\u00e3o no munic\u00edpio de Camb\u00e9 - Secretaria de Educa\u00e7\u00e3o e Cultura","robots":{"index":"index","follow":"follow","max-snippet":"max-snippet:-1","max-image-preview":"max-image-preview:large","max-video-preview":"max-video-preview:-1"},"canonical":"https:\/\/educacao.cambe.pr.gov.br\/index.php\/relembrando-as-antigas-escolas-rurais-a-historia-da-educacao-no-municipio-de-cambe\/","og_locale":"pt_BR","og_type":"article","og_title":"Relembrando as antigas escolas rurais: a hist\u00f3ria da educa\u00e7\u00e3o no munic\u00edpio de Camb\u00e9 - Secretaria de Educa\u00e7\u00e3o e Cultura","og_description":"\u00c9 com muita alegria que compartilhamos a finaliza\u00e7\u00e3o de mais um projeto t\u00e3o importante para a hist\u00f3ria da educa\u00e7\u00e3o municipal. O que seria uma simples pesquisa para complementar arquivos j\u00e1 existentes, tomou um rumo diferente e se transformou em livro, tamanha riqueza de informa\u00e7\u00f5es que obtivemos neste processo! Camb\u00e9, ao longo de sua hist\u00f3ria j\u00e1 [&hellip;]","og_url":"https:\/\/educacao.cambe.pr.gov.br\/index.php\/relembrando-as-antigas-escolas-rurais-a-historia-da-educacao-no-municipio-de-cambe\/","og_site_name":"Secretaria de Educa\u00e7\u00e3o e Cultura","article_published_time":"2020-12-22T17:52:44+00:00","article_modified_time":"2024-10-08T11:26:25+00:00","author":"Juliano Lopes da Silva","twitter_card":"summary_large_image","twitter_misc":{"Escrito por":"Juliano Lopes da Silva","Est. tempo de leitura":"1 minuto"},"schema":{"@context":"https:\/\/schema.org","@graph":[{"@type":"Article","@id":"https:\/\/educacao.cambe.pr.gov.br\/index.php\/relembrando-as-antigas-escolas-rurais-a-historia-da-educacao-no-municipio-de-cambe\/#article","isPartOf":{"@id":"https:\/\/educacao.cambe.pr.gov.br\/index.php\/relembrando-as-antigas-escolas-rurais-a-historia-da-educacao-no-municipio-de-cambe\/"},"author":{"name":"Juliano Lopes da Silva","@id":"https:\/\/educacao.cambe.pr.gov.br\/#\/schema\/person\/a194ff5a99ad942628443f37e7b98c85"},"headline":"Relembrando as antigas escolas rurais: a hist\u00f3ria da educa\u00e7\u00e3o no munic\u00edpio de Camb\u00e9","datePublished":"2020-12-22T17:52:44+00:00","dateModified":"2024-10-08T11:26:25+00:00","mainEntityOfPage":{"@id":"https:\/\/educacao.cambe.pr.gov.br\/index.php\/relembrando-as-antigas-escolas-rurais-a-historia-da-educacao-no-municipio-de-cambe\/"},"wordCount":236,"publisher":{"@id":"https:\/\/educacao.cambe.pr.gov.br\/#organization"},"articleSection":["Educa\u00e7\u00e3o"],"inLanguage":"pt-BR"},{"@type":"WebPage","@id":"https:\/\/educacao.cambe.pr.gov.br\/index.php\/relembrando-as-antigas-escolas-rurais-a-historia-da-educacao-no-municipio-de-cambe\/","url":"https:\/\/educacao.cambe.pr.gov.br\/index.php\/relembrando-as-antigas-escolas-rurais-a-historia-da-educacao-no-municipio-de-cambe\/","name":"Relembrando as antigas escolas rurais: a hist\u00f3ria da educa\u00e7\u00e3o no munic\u00edpio de Camb\u00e9 - Secretaria de Educa\u00e7\u00e3o e Cultura","isPartOf":{"@id":"https:\/\/educacao.cambe.pr.gov.br\/#website"},"datePublished":"2020-12-22T17:52:44+00:00","dateModified":"2024-10-08T11:26:25+00:00","breadcrumb":{"@id":"https:\/\/educacao.cambe.pr.gov.br\/index.php\/relembrando-as-antigas-escolas-rurais-a-historia-da-educacao-no-municipio-de-cambe\/#breadcrumb"},"inLanguage":"pt-BR","potentialAction":[{"@type":"ReadAction","target":["https:\/\/educacao.cambe.pr.gov.br\/index.php\/relembrando-as-antigas-escolas-rurais-a-historia-da-educacao-no-municipio-de-cambe\/"]}]},{"@type":"BreadcrumbList","@id":"https:\/\/educacao.cambe.pr.gov.br\/index.php\/relembrando-as-antigas-escolas-rurais-a-historia-da-educacao-no-municipio-de-cambe\/#breadcrumb","itemListElement":[{"@type":"ListItem","position":1,"name":"In\u00edcio","item":"https:\/\/educacao.cambe.pr.gov.br\/"},{"@type":"ListItem","position":2,"name":"Relembrando as antigas escolas rurais: a hist\u00f3ria da educa\u00e7\u00e3o no munic\u00edpio de Camb\u00e9"}]},{"@type":"WebSite","@id":"https:\/\/educacao.cambe.pr.gov.br\/#website","url":"https:\/\/educacao.cambe.pr.gov.br\/","name":"Secretaria de Educa\u00e7\u00e3o e Cultura","description":"Prefeitura de Camb\u00e9","publisher":{"@id":"https:\/\/educacao.cambe.pr.gov.br\/#organization"},"potentialAction":[{"@type":"SearchAction","target":{"@type":"EntryPoint","urlTemplate":"https:\/\/educacao.cambe.pr.gov.br\/?s={search_term_string}"},"query-input":{"@type":"PropertyValueSpecification","valueRequired":true,"valueName":"search_term_string"}}],"inLanguage":"pt-BR"},{"@type":"Organization","@id":"https:\/\/educacao.cambe.pr.gov.br\/#organization","name":"Secretaria de Educa\u00e7\u00e3o e Cultura","url":"https:\/\/educacao.cambe.pr.gov.br\/","logo":{"@type":"ImageObject","inLanguage":"pt-BR","@id":"https:\/\/educacao.cambe.pr.gov.br\/#\/schema\/logo\/image\/","url":"https:\/\/educacao.cambe.pr.gov.br\/wp-content\/uploads\/2020\/08\/cambe_rural_brazao-pq.png","contentUrl":"https:\/\/educacao.cambe.pr.gov.br\/wp-content\/uploads\/2020\/08\/cambe_rural_brazao-pq.png","width":150,"height":150,"caption":"Secretaria de Educa\u00e7\u00e3o e Cultura"},"image":{"@id":"https:\/\/educacao.cambe.pr.gov.br\/#\/schema\/logo\/image\/"}},{"@type":"Person","@id":"https:\/\/educacao.cambe.pr.gov.br\/#\/schema\/person\/a194ff5a99ad942628443f37e7b98c85","name":"Juliano Lopes da Silva","image":{"@type":"ImageObject","inLanguage":"pt-BR","@id":"https:\/\/educacao.cambe.pr.gov.br\/#\/schema\/person\/image\/","url":"https:\/\/secure.gravatar.com\/avatar\/6b2019b8516158d7cb6416618a3a2b45?s=96&d=mm&r=g","contentUrl":"https:\/\/secure.gravatar.com\/avatar\/6b2019b8516158d7cb6416618a3a2b45?s=96&d=mm&r=g","caption":"Juliano Lopes da Silva"},"url":"https:\/\/educacao.cambe.pr.gov.br\/index.php\/author\/jlsilva\/"}]}},"_links":{"self":[{"href":"https:\/\/educacao.cambe.pr.gov.br\/index.php\/wp-json\/wp\/v2\/posts\/626","targetHints":{"allow":["GET"]}}],"collection":[{"href":"https:\/\/educacao.cambe.pr.gov.br\/index.php\/wp-json\/wp\/v2\/posts"}],"about":[{"href":"https:\/\/educacao.cambe.pr.gov.br\/index.php\/wp-json\/wp\/v2\/types\/post"}],"author":[{"embeddable":true,"href":"https:\/\/educacao.cambe.pr.gov.br\/index.php\/wp-json\/wp\/v2\/users\/7"}],"replies":[{"embeddable":true,"href":"https:\/\/educacao.cambe.pr.gov.br\/index.php\/wp-json\/wp\/v2\/comments?post=626"}],"version-history":[{"count":2,"href":"https:\/\/educacao.cambe.pr.gov.br\/index.php\/wp-json\/wp\/v2\/posts\/626\/revisions"}],"predecessor-version":[{"id":630,"href":"https:\/\/educacao.cambe.pr.gov.br\/index.php\/wp-json\/wp\/v2\/posts\/626\/revisions\/630"}],"wp:attachment":[{"href":"https:\/\/educacao.cambe.pr.gov.br\/index.php\/wp-json\/wp\/v2\/media?parent=626"}],"wp:term":[{"taxonomy":"category","embeddable":true,"href":"https:\/\/educacao.cambe.pr.gov.br\/index.php\/wp-json\/wp\/v2\/categories?post=626"},{"taxonomy":"post_tag","embeddable":true,"href":"https:\/\/educacao.cambe.pr.gov.br\/index.php\/wp-json\/wp\/v2\/tags?post=626"}],"curies":[{"name":"wp","href":"https:\/\/api.w.org\/{rel}","templated":true}]}}