{"id":596,"date":"2020-12-16T17:56:39","date_gmt":"2020-12-16T20:56:39","guid":{"rendered":"http:\/\/educacao.cambe.pr.gov.br\/?p=596"},"modified":"2024-10-08T08:26:25","modified_gmt":"2024-10-08T11:26:25","slug":"iv-festival-da-matematica-das-escolas-publicas-de-cambe","status":"publish","type":"post","link":"https:\/\/educacao.cambe.pr.gov.br\/index.php\/iv-festival-da-matematica-das-escolas-publicas-de-cambe\/","title":{"rendered":"Festival da Matem\u00e1tica 2020"},"content":{"rendered":"<p style=\"text-align: justify;\">Aconteceu, no \u00faltimo dia 28, a finaliza\u00e7\u00e3o do IV Festival de Matem\u00e1tica das escolas de ensino fundamental da rede municipal. Este evento teve como objetivo provocar o uso de diferentes estrat\u00e9gias para a resolu\u00e7\u00e3o de problemas e, ainda, despertar nos alunos o interesse pela Matem\u00e1tica.<\/p>\n<p><img decoding=\"async\" class=\"size-medium wp-image-604 alignleft\" src=\"https:\/\/educacao.cambe.pr.gov.br\/wp-content\/uploads\/2020\/12\/festival-2020-300x124.jpg\" alt=\"\" width=\"300\" height=\"124\" srcset=\"https:\/\/educacao.cambe.pr.gov.br\/wp-content\/uploads\/2020\/12\/festival-2020-300x124.jpg 300w, https:\/\/educacao.cambe.pr.gov.br\/wp-content\/uploads\/2020\/12\/festival-2020-1024x422.jpg 1024w, https:\/\/educacao.cambe.pr.gov.br\/wp-content\/uploads\/2020\/12\/festival-2020-768x316.jpg 768w, https:\/\/educacao.cambe.pr.gov.br\/wp-content\/uploads\/2020\/12\/festival-2020.jpg 1314w\" sizes=\"(max-width: 300px) 100vw, 300px\" \/><\/p>\n<p>Devido a pandemia da Covid-19, o Festival foi realizado em formato online com a participa\u00e7\u00e3o de 54 alunos e 27 professores oriundos das seguintes escolas: Jardim Santa Isabel, Pe. Jos\u00e9 de Anchieta, Prof.\u00aa Lourdes Gobi Rodrigues, Pe. Symphoriano Kopf, Santos Dumont, Pedro Tkotz, Olavo Soares Barros, Prof.\u00aa Izaura Ferreira Neves, Prof.\u00aa Maria Rosa T. Galhasce e Prof. Jac\u00eddio Correia.<\/p>\n<p style=\"text-align: justify;\">A Secretaria Municipal de Educa\u00e7\u00e3o agradece o envolvimento e a participa\u00e7\u00e3o de todos.<\/p>\n","protected":false},"excerpt":{"rendered":"<p>Aconteceu, no \u00faltimo dia 28, a finaliza\u00e7\u00e3o do IV Festival de Matem\u00e1tica das escolas de ensino fundamental da rede municipal. Este evento teve como objetivo provocar o uso de diferentes estrat\u00e9gias para a resolu\u00e7\u00e3o de problemas e, ainda, despertar nos alunos o interesse pela Matem\u00e1tica. Devido a pandemia da Covid-19, o Festival foi realizado em [&hellip;]<\/p>\n","protected":false},"author":7,"featured_media":0,"comment_status":"closed","ping_status":"open","sticky":false,"template":"","format":"standard","meta":{"ngg_post_thumbnail":0,"footnotes":""},"categories":[1],"tags":[],"class_list":["post-596","post","type-post","status-publish","format-standard","hentry","category-educacao"],"yoast_head":"<!-- This site is optimized with the Yoast SEO plugin v24.4 - https:\/\/yoast.com\/wordpress\/plugins\/seo\/ -->\n<title>Festival da Matem\u00e1tica 2020 - Secretaria de Educa\u00e7\u00e3o e Cultura<\/title>\n<meta name=\"robots\" content=\"index, follow, max-snippet:-1, max-image-preview:large, max-video-preview:-1\" \/>\n<link rel=\"canonical\" href=\"https:\/\/educacao.cambe.pr.gov.br\/index.php\/iv-festival-da-matematica-das-escolas-publicas-de-cambe\/\" \/>\n<meta property=\"og:locale\" content=\"pt_BR\" \/>\n<meta property=\"og:type\" content=\"article\" \/>\n<meta property=\"og:title\" content=\"Festival da Matem\u00e1tica 2020 - Secretaria de Educa\u00e7\u00e3o e Cultura\" \/>\n<meta property=\"og:description\" content=\"Aconteceu, no \u00faltimo dia 28, a finaliza\u00e7\u00e3o do IV Festival de Matem\u00e1tica das escolas de ensino fundamental da rede municipal. Este evento teve como objetivo provocar o uso de diferentes estrat\u00e9gias para a resolu\u00e7\u00e3o de problemas e, ainda, despertar nos alunos o interesse pela Matem\u00e1tica. Devido a pandemia da Covid-19, o Festival foi realizado em [&hellip;]\" \/>\n<meta property=\"og:url\" content=\"https:\/\/educacao.cambe.pr.gov.br\/index.php\/iv-festival-da-matematica-das-escolas-publicas-de-cambe\/\" \/>\n<meta property=\"og:site_name\" content=\"Secretaria de Educa\u00e7\u00e3o e Cultura\" \/>\n<meta property=\"article:published_time\" content=\"2020-12-16T20:56:39+00:00\" \/>\n<meta property=\"article:modified_time\" content=\"2024-10-08T11:26:25+00:00\" \/>\n<meta property=\"og:image\" content=\"http:\/\/educacao.cambe.pr.gov.br\/wp-content\/uploads\/2020\/12\/festival-2020-300x124.jpg\" \/>\n<meta name=\"author\" content=\"Juliano Lopes da Silva\" \/>\n<meta name=\"twitter:card\" content=\"summary_large_image\" \/>\n<meta name=\"twitter:label1\" content=\"Escrito por\" \/>\n\t<meta name=\"twitter:data1\" content=\"Juliano Lopes da Silva\" \/>\n\t<meta name=\"twitter:label2\" content=\"Est. tempo de leitura\" \/>\n\t<meta name=\"twitter:data2\" content=\"1 minuto\" \/>\n<script type=\"application\/ld+json\" class=\"yoast-schema-graph\">{\"@context\":\"https:\/\/schema.org\",\"@graph\":[{\"@type\":\"Article\",\"@id\":\"https:\/\/educacao.cambe.pr.gov.br\/index.php\/iv-festival-da-matematica-das-escolas-publicas-de-cambe\/#article\",\"isPartOf\":{\"@id\":\"https:\/\/educacao.cambe.pr.gov.br\/index.php\/iv-festival-da-matematica-das-escolas-publicas-de-cambe\/\"},\"author\":{\"name\":\"Juliano Lopes da Silva\",\"@id\":\"https:\/\/educacao.cambe.pr.gov.br\/#\/schema\/person\/a194ff5a99ad942628443f37e7b98c85\"},\"headline\":\"Festival da Matem\u00e1tica 2020\",\"datePublished\":\"2020-12-16T20:56:39+00:00\",\"dateModified\":\"2024-10-08T11:26:25+00:00\",\"mainEntityOfPage\":{\"@id\":\"https:\/\/educacao.cambe.pr.gov.br\/index.php\/iv-festival-da-matematica-das-escolas-publicas-de-cambe\/\"},\"wordCount\":127,\"publisher\":{\"@id\":\"https:\/\/educacao.cambe.pr.gov.br\/#organization\"},\"image\":{\"@id\":\"https:\/\/educacao.cambe.pr.gov.br\/index.php\/iv-festival-da-matematica-das-escolas-publicas-de-cambe\/#primaryimage\"},\"thumbnailUrl\":\"http:\/\/educacao.cambe.pr.gov.br\/wp-content\/uploads\/2020\/12\/festival-2020-300x124.jpg\",\"articleSection\":[\"Educa\u00e7\u00e3o\"],\"inLanguage\":\"pt-BR\"},{\"@type\":\"WebPage\",\"@id\":\"https:\/\/educacao.cambe.pr.gov.br\/index.php\/iv-festival-da-matematica-das-escolas-publicas-de-cambe\/\",\"url\":\"https:\/\/educacao.cambe.pr.gov.br\/index.php\/iv-festival-da-matematica-das-escolas-publicas-de-cambe\/\",\"name\":\"Festival da Matem\u00e1tica 2020 - Secretaria de Educa\u00e7\u00e3o e Cultura\",\"isPartOf\":{\"@id\":\"https:\/\/educacao.cambe.pr.gov.br\/#website\"},\"primaryImageOfPage\":{\"@id\":\"https:\/\/educacao.cambe.pr.gov.br\/index.php\/iv-festival-da-matematica-das-escolas-publicas-de-cambe\/#primaryimage\"},\"image\":{\"@id\":\"https:\/\/educacao.cambe.pr.gov.br\/index.php\/iv-festival-da-matematica-das-escolas-publicas-de-cambe\/#primaryimage\"},\"thumbnailUrl\":\"http:\/\/educacao.cambe.pr.gov.br\/wp-content\/uploads\/2020\/12\/festival-2020-300x124.jpg\",\"datePublished\":\"2020-12-16T20:56:39+00:00\",\"dateModified\":\"2024-10-08T11:26:25+00:00\",\"breadcrumb\":{\"@id\":\"https:\/\/educacao.cambe.pr.gov.br\/index.php\/iv-festival-da-matematica-das-escolas-publicas-de-cambe\/#breadcrumb\"},\"inLanguage\":\"pt-BR\",\"potentialAction\":[{\"@type\":\"ReadAction\",\"target\":[\"https:\/\/educacao.cambe.pr.gov.br\/index.php\/iv-festival-da-matematica-das-escolas-publicas-de-cambe\/\"]}]},{\"@type\":\"ImageObject\",\"inLanguage\":\"pt-BR\",\"@id\":\"https:\/\/educacao.cambe.pr.gov.br\/index.php\/iv-festival-da-matematica-das-escolas-publicas-de-cambe\/#primaryimage\",\"url\":\"http:\/\/educacao.cambe.pr.gov.br\/wp-content\/uploads\/2020\/12\/festival-2020-300x124.jpg\",\"contentUrl\":\"http:\/\/educacao.cambe.pr.gov.br\/wp-content\/uploads\/2020\/12\/festival-2020-300x124.jpg\"},{\"@type\":\"BreadcrumbList\",\"@id\":\"https:\/\/educacao.cambe.pr.gov.br\/index.php\/iv-festival-da-matematica-das-escolas-publicas-de-cambe\/#breadcrumb\",\"itemListElement\":[{\"@type\":\"ListItem\",\"position\":1,\"name\":\"In\u00edcio\",\"item\":\"https:\/\/educacao.cambe.pr.gov.br\/\"},{\"@type\":\"ListItem\",\"position\":2,\"name\":\"Festival da Matem\u00e1tica 2020\"}]},{\"@type\":\"WebSite\",\"@id\":\"https:\/\/educacao.cambe.pr.gov.br\/#website\",\"url\":\"https:\/\/educacao.cambe.pr.gov.br\/\",\"name\":\"Secretaria de Educa\u00e7\u00e3o e Cultura\",\"description\":\"Prefeitura de Camb\u00e9\",\"publisher\":{\"@id\":\"https:\/\/educacao.cambe.pr.gov.br\/#organization\"},\"potentialAction\":[{\"@type\":\"SearchAction\",\"target\":{\"@type\":\"EntryPoint\",\"urlTemplate\":\"https:\/\/educacao.cambe.pr.gov.br\/?s={search_term_string}\"},\"query-input\":{\"@type\":\"PropertyValueSpecification\",\"valueRequired\":true,\"valueName\":\"search_term_string\"}}],\"inLanguage\":\"pt-BR\"},{\"@type\":\"Organization\",\"@id\":\"https:\/\/educacao.cambe.pr.gov.br\/#organization\",\"name\":\"Secretaria de Educa\u00e7\u00e3o e Cultura\",\"url\":\"https:\/\/educacao.cambe.pr.gov.br\/\",\"logo\":{\"@type\":\"ImageObject\",\"inLanguage\":\"pt-BR\",\"@id\":\"https:\/\/educacao.cambe.pr.gov.br\/#\/schema\/logo\/image\/\",\"url\":\"https:\/\/educacao.cambe.pr.gov.br\/wp-content\/uploads\/2020\/08\/cambe_rural_brazao-pq.png\",\"contentUrl\":\"https:\/\/educacao.cambe.pr.gov.br\/wp-content\/uploads\/2020\/08\/cambe_rural_brazao-pq.png\",\"width\":150,\"height\":150,\"caption\":\"Secretaria de Educa\u00e7\u00e3o e Cultura\"},\"image\":{\"@id\":\"https:\/\/educacao.cambe.pr.gov.br\/#\/schema\/logo\/image\/\"}},{\"@type\":\"Person\",\"@id\":\"https:\/\/educacao.cambe.pr.gov.br\/#\/schema\/person\/a194ff5a99ad942628443f37e7b98c85\",\"name\":\"Juliano Lopes da Silva\",\"image\":{\"@type\":\"ImageObject\",\"inLanguage\":\"pt-BR\",\"@id\":\"https:\/\/educacao.cambe.pr.gov.br\/#\/schema\/person\/image\/\",\"url\":\"https:\/\/secure.gravatar.com\/avatar\/6b2019b8516158d7cb6416618a3a2b45?s=96&d=mm&r=g\",\"contentUrl\":\"https:\/\/secure.gravatar.com\/avatar\/6b2019b8516158d7cb6416618a3a2b45?s=96&d=mm&r=g\",\"caption\":\"Juliano Lopes da Silva\"},\"url\":\"https:\/\/educacao.cambe.pr.gov.br\/index.php\/author\/jlsilva\/\"}]}<\/script>\n<!-- \/ Yoast SEO plugin. -->","yoast_head_json":{"title":"Festival da Matem\u00e1tica 2020 - Secretaria de Educa\u00e7\u00e3o e Cultura","robots":{"index":"index","follow":"follow","max-snippet":"max-snippet:-1","max-image-preview":"max-image-preview:large","max-video-preview":"max-video-preview:-1"},"canonical":"https:\/\/educacao.cambe.pr.gov.br\/index.php\/iv-festival-da-matematica-das-escolas-publicas-de-cambe\/","og_locale":"pt_BR","og_type":"article","og_title":"Festival da Matem\u00e1tica 2020 - Secretaria de Educa\u00e7\u00e3o e Cultura","og_description":"Aconteceu, no \u00faltimo dia 28, a finaliza\u00e7\u00e3o do IV Festival de Matem\u00e1tica das escolas de ensino fundamental da rede municipal. Este evento teve como objetivo provocar o uso de diferentes estrat\u00e9gias para a resolu\u00e7\u00e3o de problemas e, ainda, despertar nos alunos o interesse pela Matem\u00e1tica. Devido a pandemia da Covid-19, o Festival foi realizado em [&hellip;]","og_url":"https:\/\/educacao.cambe.pr.gov.br\/index.php\/iv-festival-da-matematica-das-escolas-publicas-de-cambe\/","og_site_name":"Secretaria de Educa\u00e7\u00e3o e Cultura","article_published_time":"2020-12-16T20:56:39+00:00","article_modified_time":"2024-10-08T11:26:25+00:00","og_image":[{"url":"http:\/\/educacao.cambe.pr.gov.br\/wp-content\/uploads\/2020\/12\/festival-2020-300x124.jpg","type":"","width":"","height":""}],"author":"Juliano Lopes da Silva","twitter_card":"summary_large_image","twitter_misc":{"Escrito por":"Juliano Lopes da Silva","Est. tempo de leitura":"1 minuto"},"schema":{"@context":"https:\/\/schema.org","@graph":[{"@type":"Article","@id":"https:\/\/educacao.cambe.pr.gov.br\/index.php\/iv-festival-da-matematica-das-escolas-publicas-de-cambe\/#article","isPartOf":{"@id":"https:\/\/educacao.cambe.pr.gov.br\/index.php\/iv-festival-da-matematica-das-escolas-publicas-de-cambe\/"},"author":{"name":"Juliano Lopes da Silva","@id":"https:\/\/educacao.cambe.pr.gov.br\/#\/schema\/person\/a194ff5a99ad942628443f37e7b98c85"},"headline":"Festival da Matem\u00e1tica 2020","datePublished":"2020-12-16T20:56:39+00:00","dateModified":"2024-10-08T11:26:25+00:00","mainEntityOfPage":{"@id":"https:\/\/educacao.cambe.pr.gov.br\/index.php\/iv-festival-da-matematica-das-escolas-publicas-de-cambe\/"},"wordCount":127,"publisher":{"@id":"https:\/\/educacao.cambe.pr.gov.br\/#organization"},"image":{"@id":"https:\/\/educacao.cambe.pr.gov.br\/index.php\/iv-festival-da-matematica-das-escolas-publicas-de-cambe\/#primaryimage"},"thumbnailUrl":"http:\/\/educacao.cambe.pr.gov.br\/wp-content\/uploads\/2020\/12\/festival-2020-300x124.jpg","articleSection":["Educa\u00e7\u00e3o"],"inLanguage":"pt-BR"},{"@type":"WebPage","@id":"https:\/\/educacao.cambe.pr.gov.br\/index.php\/iv-festival-da-matematica-das-escolas-publicas-de-cambe\/","url":"https:\/\/educacao.cambe.pr.gov.br\/index.php\/iv-festival-da-matematica-das-escolas-publicas-de-cambe\/","name":"Festival da Matem\u00e1tica 2020 - Secretaria de Educa\u00e7\u00e3o e Cultura","isPartOf":{"@id":"https:\/\/educacao.cambe.pr.gov.br\/#website"},"primaryImageOfPage":{"@id":"https:\/\/educacao.cambe.pr.gov.br\/index.php\/iv-festival-da-matematica-das-escolas-publicas-de-cambe\/#primaryimage"},"image":{"@id":"https:\/\/educacao.cambe.pr.gov.br\/index.php\/iv-festival-da-matematica-das-escolas-publicas-de-cambe\/#primaryimage"},"thumbnailUrl":"http:\/\/educacao.cambe.pr.gov.br\/wp-content\/uploads\/2020\/12\/festival-2020-300x124.jpg","datePublished":"2020-12-16T20:56:39+00:00","dateModified":"2024-10-08T11:26:25+00:00","breadcrumb":{"@id":"https:\/\/educacao.cambe.pr.gov.br\/index.php\/iv-festival-da-matematica-das-escolas-publicas-de-cambe\/#breadcrumb"},"inLanguage":"pt-BR","potentialAction":[{"@type":"ReadAction","target":["https:\/\/educacao.cambe.pr.gov.br\/index.php\/iv-festival-da-matematica-das-escolas-publicas-de-cambe\/"]}]},{"@type":"ImageObject","inLanguage":"pt-BR","@id":"https:\/\/educacao.cambe.pr.gov.br\/index.php\/iv-festival-da-matematica-das-escolas-publicas-de-cambe\/#primaryimage","url":"http:\/\/educacao.cambe.pr.gov.br\/wp-content\/uploads\/2020\/12\/festival-2020-300x124.jpg","contentUrl":"http:\/\/educacao.cambe.pr.gov.br\/wp-content\/uploads\/2020\/12\/festival-2020-300x124.jpg"},{"@type":"BreadcrumbList","@id":"https:\/\/educacao.cambe.pr.gov.br\/index.php\/iv-festival-da-matematica-das-escolas-publicas-de-cambe\/#breadcrumb","itemListElement":[{"@type":"ListItem","position":1,"name":"In\u00edcio","item":"https:\/\/educacao.cambe.pr.gov.br\/"},{"@type":"ListItem","position":2,"name":"Festival da Matem\u00e1tica 2020"}]},{"@type":"WebSite","@id":"https:\/\/educacao.cambe.pr.gov.br\/#website","url":"https:\/\/educacao.cambe.pr.gov.br\/","name":"Secretaria de Educa\u00e7\u00e3o e Cultura","description":"Prefeitura de Camb\u00e9","publisher":{"@id":"https:\/\/educacao.cambe.pr.gov.br\/#organization"},"potentialAction":[{"@type":"SearchAction","target":{"@type":"EntryPoint","urlTemplate":"https:\/\/educacao.cambe.pr.gov.br\/?s={search_term_string}"},"query-input":{"@type":"PropertyValueSpecification","valueRequired":true,"valueName":"search_term_string"}}],"inLanguage":"pt-BR"},{"@type":"Organization","@id":"https:\/\/educacao.cambe.pr.gov.br\/#organization","name":"Secretaria de Educa\u00e7\u00e3o e Cultura","url":"https:\/\/educacao.cambe.pr.gov.br\/","logo":{"@type":"ImageObject","inLanguage":"pt-BR","@id":"https:\/\/educacao.cambe.pr.gov.br\/#\/schema\/logo\/image\/","url":"https:\/\/educacao.cambe.pr.gov.br\/wp-content\/uploads\/2020\/08\/cambe_rural_brazao-pq.png","contentUrl":"https:\/\/educacao.cambe.pr.gov.br\/wp-content\/uploads\/2020\/08\/cambe_rural_brazao-pq.png","width":150,"height":150,"caption":"Secretaria de Educa\u00e7\u00e3o e Cultura"},"image":{"@id":"https:\/\/educacao.cambe.pr.gov.br\/#\/schema\/logo\/image\/"}},{"@type":"Person","@id":"https:\/\/educacao.cambe.pr.gov.br\/#\/schema\/person\/a194ff5a99ad942628443f37e7b98c85","name":"Juliano Lopes da Silva","image":{"@type":"ImageObject","inLanguage":"pt-BR","@id":"https:\/\/educacao.cambe.pr.gov.br\/#\/schema\/person\/image\/","url":"https:\/\/secure.gravatar.com\/avatar\/6b2019b8516158d7cb6416618a3a2b45?s=96&d=mm&r=g","contentUrl":"https:\/\/secure.gravatar.com\/avatar\/6b2019b8516158d7cb6416618a3a2b45?s=96&d=mm&r=g","caption":"Juliano Lopes da Silva"},"url":"https:\/\/educacao.cambe.pr.gov.br\/index.php\/author\/jlsilva\/"}]}},"_links":{"self":[{"href":"https:\/\/educacao.cambe.pr.gov.br\/index.php\/wp-json\/wp\/v2\/posts\/596","targetHints":{"allow":["GET"]}}],"collection":[{"href":"https:\/\/educacao.cambe.pr.gov.br\/index.php\/wp-json\/wp\/v2\/posts"}],"about":[{"href":"https:\/\/educacao.cambe.pr.gov.br\/index.php\/wp-json\/wp\/v2\/types\/post"}],"author":[{"embeddable":true,"href":"https:\/\/educacao.cambe.pr.gov.br\/index.php\/wp-json\/wp\/v2\/users\/7"}],"replies":[{"embeddable":true,"href":"https:\/\/educacao.cambe.pr.gov.br\/index.php\/wp-json\/wp\/v2\/comments?post=596"}],"version-history":[{"count":10,"href":"https:\/\/educacao.cambe.pr.gov.br\/index.php\/wp-json\/wp\/v2\/posts\/596\/revisions"}],"predecessor-version":[{"id":638,"href":"https:\/\/educacao.cambe.pr.gov.br\/index.php\/wp-json\/wp\/v2\/posts\/596\/revisions\/638"}],"wp:attachment":[{"href":"https:\/\/educacao.cambe.pr.gov.br\/index.php\/wp-json\/wp\/v2\/media?parent=596"}],"wp:term":[{"taxonomy":"category","embeddable":true,"href":"https:\/\/educacao.cambe.pr.gov.br\/index.php\/wp-json\/wp\/v2\/categories?post=596"},{"taxonomy":"post_tag","embeddable":true,"href":"https:\/\/educacao.cambe.pr.gov.br\/index.php\/wp-json\/wp\/v2\/tags?post=596"}],"curies":[{"name":"wp","href":"https:\/\/api.w.org\/{rel}","templated":true}]}}