{"id":5252,"date":"2026-01-06T15:25:52","date_gmt":"2026-01-06T18:25:52","guid":{"rendered":"https:\/\/educacao.cambe.pr.gov.br\/?p=5252"},"modified":"2026-01-06T15:25:52","modified_gmt":"2026-01-06T18:25:52","slug":"consulta-publica-curriculo-de-educacao-digital-e-midiatica-cambepr","status":"publish","type":"post","link":"https:\/\/educacao.cambe.pr.gov.br\/index.php\/consulta-publica-curriculo-de-educacao-digital-e-midiatica-cambepr\/","title":{"rendered":"CONSULTA P\u00daBLICA &#8211; CURR\u00cdCULO DE EDUCA\u00c7\u00c3O DIGITAL E MIDI\u00c1TICA &#8211; CAMB\u00c9|PR"},"content":{"rendered":"<p><img fetchpriority=\"high\" decoding=\"async\" class=\"alignleft size-full wp-image-5253\" src=\"https:\/\/educacao.cambe.pr.gov.br\/wp-content\/uploads\/2026\/01\/mulher-digitando-laptop-no-escritorio-1-1024x683-1.jpg\" alt=\"\" width=\"1024\" height=\"683\" srcset=\"https:\/\/educacao.cambe.pr.gov.br\/wp-content\/uploads\/2026\/01\/mulher-digitando-laptop-no-escritorio-1-1024x683-1.jpg 1024w, https:\/\/educacao.cambe.pr.gov.br\/wp-content\/uploads\/2026\/01\/mulher-digitando-laptop-no-escritorio-1-1024x683-1-300x200.jpg 300w, https:\/\/educacao.cambe.pr.gov.br\/wp-content\/uploads\/2026\/01\/mulher-digitando-laptop-no-escritorio-1-1024x683-1-768x512.jpg 768w\" sizes=\"(max-width: 1024px) 100vw, 1024px\" \/>O documento \u201cCurr\u00edculo de Educa\u00e7\u00e3o Digital e Midi\u00e1tica\u201d est\u00e1 disponivel para leitura e an\u00e1lise, com o prop\u00f3sito de assegurar a participa\u00e7\u00e3o da comunidade escolar e da sociedade civil no aprimoramento do texto. A consulta p\u00fablica, objetiva reunir manifesta\u00e7\u00f5es da comunidade para qualificar o documento curricular, visando ampliar sua clareza, pertin\u00eancia e aplicabilidade no contexto do sistema municipal, de modo a orientar pr\u00e1ticas pedag\u00f3gicas alinhadas \u00e0s necessidades dos estudantes e \u00e0s diretrizes educacionais vigentes. Todos os interessados poder\u00e3o apresentar sugest\u00f5es, contribui\u00e7\u00f5es e considera\u00e7\u00f5es.<br \/>\nAs contribui\u00e7\u00f5es poder\u00e3o ser encaminhadas no per\u00edodo compreendido entre 05 a 30 de janeiro de 2026, por meio de formul\u00e1rio eletr\u00f4nico a ser disponibilizado nos canais oficiais da Prefeitura de Camb\u00e9 e da Secretaria Municipal de Educa\u00e7\u00e3o e Cultura.<br \/>\nAnexos<\/p>\n<p>Texto de Refer\u00eancia: Curr\u00edculo Educa\u00e7\u00e3o Digital e Midi\u00e1tica \u2013 Vers\u00e3o para Consulta P\u00fablica:<br \/>\nLink de acesso: <span style=\"font-size: 18px;\"><strong><a href=\"https:\/\/docs.google.com\/document\/d\/1JvWjO_8v4oAIi29IzMe4BeUpFgBzMtfC\/edit?usp=sharing&amp;ouid=102866572175938938826&amp;rtpof=true&amp;sd=true\">CLIQUE AQUI<\/a><\/strong><\/span><\/p>\n<p>Link do formul\u00e1rio de contribui\u00e7\u00f5es: <span style=\"font-size: 18px;\"><strong><a href=\"https:\/\/forms.gle\/o47huxEQitL8E9Tw5\">CLIQUE AQUI<\/a><\/strong><\/span><\/p>\n","protected":false},"excerpt":{"rendered":"<p>O documento \u201cCurr\u00edculo de Educa\u00e7\u00e3o Digital e Midi\u00e1tica\u201d est\u00e1 disponivel para leitura e an\u00e1lise, com o prop\u00f3sito de assegurar a participa\u00e7\u00e3o da comunidade escolar e da sociedade civil no aprimoramento do texto. A consulta p\u00fablica, objetiva reunir manifesta\u00e7\u00f5es da comunidade para qualificar o documento curricular, visando ampliar sua clareza, pertin\u00eancia e aplicabilidade no contexto do [&hellip;]<\/p>\n","protected":false},"author":7,"featured_media":0,"comment_status":"closed","ping_status":"open","sticky":false,"template":"","format":"standard","meta":{"ngg_post_thumbnail":0,"footnotes":""},"categories":[66],"tags":[],"class_list":["post-5252","post","type-post","status-publish","format-standard","hentry","category-consulta-publica"],"yoast_head":"<!-- This site is optimized with the Yoast SEO plugin v24.4 - https:\/\/yoast.com\/wordpress\/plugins\/seo\/ -->\n<title>CONSULTA P\u00daBLICA - CURR\u00cdCULO DE EDUCA\u00c7\u00c3O DIGITAL E MIDI\u00c1TICA - CAMB\u00c9|PR - Secretaria de Educa\u00e7\u00e3o e Cultura<\/title>\n<meta name=\"robots\" content=\"index, follow, max-snippet:-1, max-image-preview:large, max-video-preview:-1\" \/>\n<link rel=\"canonical\" href=\"https:\/\/educacao.cambe.pr.gov.br\/index.php\/consulta-publica-curriculo-de-educacao-digital-e-midiatica-cambepr\/\" \/>\n<meta property=\"og:locale\" content=\"pt_BR\" \/>\n<meta property=\"og:type\" content=\"article\" \/>\n<meta property=\"og:title\" content=\"CONSULTA P\u00daBLICA - CURR\u00cdCULO DE EDUCA\u00c7\u00c3O DIGITAL E MIDI\u00c1TICA - CAMB\u00c9|PR - Secretaria de Educa\u00e7\u00e3o e Cultura\" \/>\n<meta property=\"og:description\" content=\"O documento \u201cCurr\u00edculo de Educa\u00e7\u00e3o Digital e Midi\u00e1tica\u201d est\u00e1 disponivel para leitura e an\u00e1lise, com o prop\u00f3sito de assegurar a participa\u00e7\u00e3o da comunidade escolar e da sociedade civil no aprimoramento do texto. A consulta p\u00fablica, objetiva reunir manifesta\u00e7\u00f5es da comunidade para qualificar o documento curricular, visando ampliar sua clareza, pertin\u00eancia e aplicabilidade no contexto do [&hellip;]\" \/>\n<meta property=\"og:url\" content=\"https:\/\/educacao.cambe.pr.gov.br\/index.php\/consulta-publica-curriculo-de-educacao-digital-e-midiatica-cambepr\/\" \/>\n<meta property=\"og:site_name\" content=\"Secretaria de Educa\u00e7\u00e3o e Cultura\" \/>\n<meta property=\"article:published_time\" content=\"2026-01-06T18:25:52+00:00\" \/>\n<meta property=\"og:image\" content=\"https:\/\/educacao.cambe.pr.gov.br\/wp-content\/uploads\/2026\/01\/mulher-digitando-laptop-no-escritorio-1-1024x683-1.jpg\" \/>\n\t<meta property=\"og:image:width\" content=\"1024\" \/>\n\t<meta property=\"og:image:height\" content=\"683\" \/>\n\t<meta property=\"og:image:type\" content=\"image\/jpeg\" \/>\n<meta name=\"author\" content=\"Juliano Lopes da Silva\" \/>\n<meta name=\"twitter:card\" content=\"summary_large_image\" \/>\n<meta name=\"twitter:label1\" content=\"Escrito por\" \/>\n\t<meta name=\"twitter:data1\" content=\"Juliano Lopes da Silva\" \/>\n\t<meta name=\"twitter:label2\" content=\"Est. tempo de leitura\" \/>\n\t<meta name=\"twitter:data2\" content=\"2 minutos\" \/>\n<script type=\"application\/ld+json\" class=\"yoast-schema-graph\">{\"@context\":\"https:\/\/schema.org\",\"@graph\":[{\"@type\":\"Article\",\"@id\":\"https:\/\/educacao.cambe.pr.gov.br\/index.php\/consulta-publica-curriculo-de-educacao-digital-e-midiatica-cambepr\/#article\",\"isPartOf\":{\"@id\":\"https:\/\/educacao.cambe.pr.gov.br\/index.php\/consulta-publica-curriculo-de-educacao-digital-e-midiatica-cambepr\/\"},\"author\":{\"name\":\"Juliano Lopes da Silva\",\"@id\":\"https:\/\/educacao.cambe.pr.gov.br\/#\/schema\/person\/a194ff5a99ad942628443f37e7b98c85\"},\"headline\":\"CONSULTA P\u00daBLICA &#8211; CURR\u00cdCULO DE EDUCA\u00c7\u00c3O DIGITAL E MIDI\u00c1TICA &#8211; CAMB\u00c9|PR\",\"datePublished\":\"2026-01-06T18:25:52+00:00\",\"mainEntityOfPage\":{\"@id\":\"https:\/\/educacao.cambe.pr.gov.br\/index.php\/consulta-publica-curriculo-de-educacao-digital-e-midiatica-cambepr\/\"},\"wordCount\":188,\"publisher\":{\"@id\":\"https:\/\/educacao.cambe.pr.gov.br\/#organization\"},\"image\":{\"@id\":\"https:\/\/educacao.cambe.pr.gov.br\/index.php\/consulta-publica-curriculo-de-educacao-digital-e-midiatica-cambepr\/#primaryimage\"},\"thumbnailUrl\":\"https:\/\/educacao.cambe.pr.gov.br\/wp-content\/uploads\/2026\/01\/mulher-digitando-laptop-no-escritorio-1-1024x683-1.jpg\",\"articleSection\":[\"Consulta P\u00fablica\"],\"inLanguage\":\"pt-BR\"},{\"@type\":\"WebPage\",\"@id\":\"https:\/\/educacao.cambe.pr.gov.br\/index.php\/consulta-publica-curriculo-de-educacao-digital-e-midiatica-cambepr\/\",\"url\":\"https:\/\/educacao.cambe.pr.gov.br\/index.php\/consulta-publica-curriculo-de-educacao-digital-e-midiatica-cambepr\/\",\"name\":\"CONSULTA P\u00daBLICA - CURR\u00cdCULO DE EDUCA\u00c7\u00c3O DIGITAL E MIDI\u00c1TICA - CAMB\u00c9|PR - Secretaria de Educa\u00e7\u00e3o e Cultura\",\"isPartOf\":{\"@id\":\"https:\/\/educacao.cambe.pr.gov.br\/#website\"},\"primaryImageOfPage\":{\"@id\":\"https:\/\/educacao.cambe.pr.gov.br\/index.php\/consulta-publica-curriculo-de-educacao-digital-e-midiatica-cambepr\/#primaryimage\"},\"image\":{\"@id\":\"https:\/\/educacao.cambe.pr.gov.br\/index.php\/consulta-publica-curriculo-de-educacao-digital-e-midiatica-cambepr\/#primaryimage\"},\"thumbnailUrl\":\"https:\/\/educacao.cambe.pr.gov.br\/wp-content\/uploads\/2026\/01\/mulher-digitando-laptop-no-escritorio-1-1024x683-1.jpg\",\"datePublished\":\"2026-01-06T18:25:52+00:00\",\"breadcrumb\":{\"@id\":\"https:\/\/educacao.cambe.pr.gov.br\/index.php\/consulta-publica-curriculo-de-educacao-digital-e-midiatica-cambepr\/#breadcrumb\"},\"inLanguage\":\"pt-BR\",\"potentialAction\":[{\"@type\":\"ReadAction\",\"target\":[\"https:\/\/educacao.cambe.pr.gov.br\/index.php\/consulta-publica-curriculo-de-educacao-digital-e-midiatica-cambepr\/\"]}]},{\"@type\":\"ImageObject\",\"inLanguage\":\"pt-BR\",\"@id\":\"https:\/\/educacao.cambe.pr.gov.br\/index.php\/consulta-publica-curriculo-de-educacao-digital-e-midiatica-cambepr\/#primaryimage\",\"url\":\"https:\/\/educacao.cambe.pr.gov.br\/wp-content\/uploads\/2026\/01\/mulher-digitando-laptop-no-escritorio-1-1024x683-1.jpg\",\"contentUrl\":\"https:\/\/educacao.cambe.pr.gov.br\/wp-content\/uploads\/2026\/01\/mulher-digitando-laptop-no-escritorio-1-1024x683-1.jpg\",\"width\":1024,\"height\":683},{\"@type\":\"BreadcrumbList\",\"@id\":\"https:\/\/educacao.cambe.pr.gov.br\/index.php\/consulta-publica-curriculo-de-educacao-digital-e-midiatica-cambepr\/#breadcrumb\",\"itemListElement\":[{\"@type\":\"ListItem\",\"position\":1,\"name\":\"In\u00edcio\",\"item\":\"https:\/\/educacao.cambe.pr.gov.br\/\"},{\"@type\":\"ListItem\",\"position\":2,\"name\":\"CONSULTA P\u00daBLICA &#8211; CURR\u00cdCULO DE EDUCA\u00c7\u00c3O DIGITAL E MIDI\u00c1TICA &#8211; CAMB\u00c9|PR\"}]},{\"@type\":\"WebSite\",\"@id\":\"https:\/\/educacao.cambe.pr.gov.br\/#website\",\"url\":\"https:\/\/educacao.cambe.pr.gov.br\/\",\"name\":\"Secretaria de Educa\u00e7\u00e3o e Cultura\",\"description\":\"Prefeitura de Camb\u00e9\",\"publisher\":{\"@id\":\"https:\/\/educacao.cambe.pr.gov.br\/#organization\"},\"potentialAction\":[{\"@type\":\"SearchAction\",\"target\":{\"@type\":\"EntryPoint\",\"urlTemplate\":\"https:\/\/educacao.cambe.pr.gov.br\/?s={search_term_string}\"},\"query-input\":{\"@type\":\"PropertyValueSpecification\",\"valueRequired\":true,\"valueName\":\"search_term_string\"}}],\"inLanguage\":\"pt-BR\"},{\"@type\":\"Organization\",\"@id\":\"https:\/\/educacao.cambe.pr.gov.br\/#organization\",\"name\":\"Secretaria de Educa\u00e7\u00e3o e Cultura\",\"url\":\"https:\/\/educacao.cambe.pr.gov.br\/\",\"logo\":{\"@type\":\"ImageObject\",\"inLanguage\":\"pt-BR\",\"@id\":\"https:\/\/educacao.cambe.pr.gov.br\/#\/schema\/logo\/image\/\",\"url\":\"https:\/\/educacao.cambe.pr.gov.br\/wp-content\/uploads\/2020\/08\/cambe_rural_brazao-pq.png\",\"contentUrl\":\"https:\/\/educacao.cambe.pr.gov.br\/wp-content\/uploads\/2020\/08\/cambe_rural_brazao-pq.png\",\"width\":150,\"height\":150,\"caption\":\"Secretaria de Educa\u00e7\u00e3o e Cultura\"},\"image\":{\"@id\":\"https:\/\/educacao.cambe.pr.gov.br\/#\/schema\/logo\/image\/\"}},{\"@type\":\"Person\",\"@id\":\"https:\/\/educacao.cambe.pr.gov.br\/#\/schema\/person\/a194ff5a99ad942628443f37e7b98c85\",\"name\":\"Juliano Lopes da Silva\",\"image\":{\"@type\":\"ImageObject\",\"inLanguage\":\"pt-BR\",\"@id\":\"https:\/\/educacao.cambe.pr.gov.br\/#\/schema\/person\/image\/\",\"url\":\"https:\/\/secure.gravatar.com\/avatar\/6b2019b8516158d7cb6416618a3a2b45?s=96&d=mm&r=g\",\"contentUrl\":\"https:\/\/secure.gravatar.com\/avatar\/6b2019b8516158d7cb6416618a3a2b45?s=96&d=mm&r=g\",\"caption\":\"Juliano Lopes da Silva\"},\"url\":\"https:\/\/educacao.cambe.pr.gov.br\/index.php\/author\/jlsilva\/\"}]}<\/script>\n<!-- \/ Yoast SEO plugin. -->","yoast_head_json":{"title":"CONSULTA P\u00daBLICA - CURR\u00cdCULO DE EDUCA\u00c7\u00c3O DIGITAL E MIDI\u00c1TICA - CAMB\u00c9|PR - Secretaria de Educa\u00e7\u00e3o e Cultura","robots":{"index":"index","follow":"follow","max-snippet":"max-snippet:-1","max-image-preview":"max-image-preview:large","max-video-preview":"max-video-preview:-1"},"canonical":"https:\/\/educacao.cambe.pr.gov.br\/index.php\/consulta-publica-curriculo-de-educacao-digital-e-midiatica-cambepr\/","og_locale":"pt_BR","og_type":"article","og_title":"CONSULTA P\u00daBLICA - CURR\u00cdCULO DE EDUCA\u00c7\u00c3O DIGITAL E MIDI\u00c1TICA - CAMB\u00c9|PR - Secretaria de Educa\u00e7\u00e3o e Cultura","og_description":"O documento \u201cCurr\u00edculo de Educa\u00e7\u00e3o Digital e Midi\u00e1tica\u201d est\u00e1 disponivel para leitura e an\u00e1lise, com o prop\u00f3sito de assegurar a participa\u00e7\u00e3o da comunidade escolar e da sociedade civil no aprimoramento do texto. A consulta p\u00fablica, objetiva reunir manifesta\u00e7\u00f5es da comunidade para qualificar o documento curricular, visando ampliar sua clareza, pertin\u00eancia e aplicabilidade no contexto do [&hellip;]","og_url":"https:\/\/educacao.cambe.pr.gov.br\/index.php\/consulta-publica-curriculo-de-educacao-digital-e-midiatica-cambepr\/","og_site_name":"Secretaria de Educa\u00e7\u00e3o e Cultura","article_published_time":"2026-01-06T18:25:52+00:00","og_image":[{"width":1024,"height":683,"url":"https:\/\/educacao.cambe.pr.gov.br\/wp-content\/uploads\/2026\/01\/mulher-digitando-laptop-no-escritorio-1-1024x683-1.jpg","type":"image\/jpeg"}],"author":"Juliano Lopes da Silva","twitter_card":"summary_large_image","twitter_misc":{"Escrito por":"Juliano Lopes da Silva","Est. tempo de leitura":"2 minutos"},"schema":{"@context":"https:\/\/schema.org","@graph":[{"@type":"Article","@id":"https:\/\/educacao.cambe.pr.gov.br\/index.php\/consulta-publica-curriculo-de-educacao-digital-e-midiatica-cambepr\/#article","isPartOf":{"@id":"https:\/\/educacao.cambe.pr.gov.br\/index.php\/consulta-publica-curriculo-de-educacao-digital-e-midiatica-cambepr\/"},"author":{"name":"Juliano Lopes da Silva","@id":"https:\/\/educacao.cambe.pr.gov.br\/#\/schema\/person\/a194ff5a99ad942628443f37e7b98c85"},"headline":"CONSULTA P\u00daBLICA &#8211; CURR\u00cdCULO DE EDUCA\u00c7\u00c3O DIGITAL E MIDI\u00c1TICA &#8211; CAMB\u00c9|PR","datePublished":"2026-01-06T18:25:52+00:00","mainEntityOfPage":{"@id":"https:\/\/educacao.cambe.pr.gov.br\/index.php\/consulta-publica-curriculo-de-educacao-digital-e-midiatica-cambepr\/"},"wordCount":188,"publisher":{"@id":"https:\/\/educacao.cambe.pr.gov.br\/#organization"},"image":{"@id":"https:\/\/educacao.cambe.pr.gov.br\/index.php\/consulta-publica-curriculo-de-educacao-digital-e-midiatica-cambepr\/#primaryimage"},"thumbnailUrl":"https:\/\/educacao.cambe.pr.gov.br\/wp-content\/uploads\/2026\/01\/mulher-digitando-laptop-no-escritorio-1-1024x683-1.jpg","articleSection":["Consulta P\u00fablica"],"inLanguage":"pt-BR"},{"@type":"WebPage","@id":"https:\/\/educacao.cambe.pr.gov.br\/index.php\/consulta-publica-curriculo-de-educacao-digital-e-midiatica-cambepr\/","url":"https:\/\/educacao.cambe.pr.gov.br\/index.php\/consulta-publica-curriculo-de-educacao-digital-e-midiatica-cambepr\/","name":"CONSULTA P\u00daBLICA - CURR\u00cdCULO DE EDUCA\u00c7\u00c3O DIGITAL E MIDI\u00c1TICA - CAMB\u00c9|PR - Secretaria de Educa\u00e7\u00e3o e Cultura","isPartOf":{"@id":"https:\/\/educacao.cambe.pr.gov.br\/#website"},"primaryImageOfPage":{"@id":"https:\/\/educacao.cambe.pr.gov.br\/index.php\/consulta-publica-curriculo-de-educacao-digital-e-midiatica-cambepr\/#primaryimage"},"image":{"@id":"https:\/\/educacao.cambe.pr.gov.br\/index.php\/consulta-publica-curriculo-de-educacao-digital-e-midiatica-cambepr\/#primaryimage"},"thumbnailUrl":"https:\/\/educacao.cambe.pr.gov.br\/wp-content\/uploads\/2026\/01\/mulher-digitando-laptop-no-escritorio-1-1024x683-1.jpg","datePublished":"2026-01-06T18:25:52+00:00","breadcrumb":{"@id":"https:\/\/educacao.cambe.pr.gov.br\/index.php\/consulta-publica-curriculo-de-educacao-digital-e-midiatica-cambepr\/#breadcrumb"},"inLanguage":"pt-BR","potentialAction":[{"@type":"ReadAction","target":["https:\/\/educacao.cambe.pr.gov.br\/index.php\/consulta-publica-curriculo-de-educacao-digital-e-midiatica-cambepr\/"]}]},{"@type":"ImageObject","inLanguage":"pt-BR","@id":"https:\/\/educacao.cambe.pr.gov.br\/index.php\/consulta-publica-curriculo-de-educacao-digital-e-midiatica-cambepr\/#primaryimage","url":"https:\/\/educacao.cambe.pr.gov.br\/wp-content\/uploads\/2026\/01\/mulher-digitando-laptop-no-escritorio-1-1024x683-1.jpg","contentUrl":"https:\/\/educacao.cambe.pr.gov.br\/wp-content\/uploads\/2026\/01\/mulher-digitando-laptop-no-escritorio-1-1024x683-1.jpg","width":1024,"height":683},{"@type":"BreadcrumbList","@id":"https:\/\/educacao.cambe.pr.gov.br\/index.php\/consulta-publica-curriculo-de-educacao-digital-e-midiatica-cambepr\/#breadcrumb","itemListElement":[{"@type":"ListItem","position":1,"name":"In\u00edcio","item":"https:\/\/educacao.cambe.pr.gov.br\/"},{"@type":"ListItem","position":2,"name":"CONSULTA P\u00daBLICA &#8211; CURR\u00cdCULO DE EDUCA\u00c7\u00c3O DIGITAL E MIDI\u00c1TICA &#8211; CAMB\u00c9|PR"}]},{"@type":"WebSite","@id":"https:\/\/educacao.cambe.pr.gov.br\/#website","url":"https:\/\/educacao.cambe.pr.gov.br\/","name":"Secretaria de Educa\u00e7\u00e3o e Cultura","description":"Prefeitura de Camb\u00e9","publisher":{"@id":"https:\/\/educacao.cambe.pr.gov.br\/#organization"},"potentialAction":[{"@type":"SearchAction","target":{"@type":"EntryPoint","urlTemplate":"https:\/\/educacao.cambe.pr.gov.br\/?s={search_term_string}"},"query-input":{"@type":"PropertyValueSpecification","valueRequired":true,"valueName":"search_term_string"}}],"inLanguage":"pt-BR"},{"@type":"Organization","@id":"https:\/\/educacao.cambe.pr.gov.br\/#organization","name":"Secretaria de Educa\u00e7\u00e3o e Cultura","url":"https:\/\/educacao.cambe.pr.gov.br\/","logo":{"@type":"ImageObject","inLanguage":"pt-BR","@id":"https:\/\/educacao.cambe.pr.gov.br\/#\/schema\/logo\/image\/","url":"https:\/\/educacao.cambe.pr.gov.br\/wp-content\/uploads\/2020\/08\/cambe_rural_brazao-pq.png","contentUrl":"https:\/\/educacao.cambe.pr.gov.br\/wp-content\/uploads\/2020\/08\/cambe_rural_brazao-pq.png","width":150,"height":150,"caption":"Secretaria de Educa\u00e7\u00e3o e Cultura"},"image":{"@id":"https:\/\/educacao.cambe.pr.gov.br\/#\/schema\/logo\/image\/"}},{"@type":"Person","@id":"https:\/\/educacao.cambe.pr.gov.br\/#\/schema\/person\/a194ff5a99ad942628443f37e7b98c85","name":"Juliano Lopes da Silva","image":{"@type":"ImageObject","inLanguage":"pt-BR","@id":"https:\/\/educacao.cambe.pr.gov.br\/#\/schema\/person\/image\/","url":"https:\/\/secure.gravatar.com\/avatar\/6b2019b8516158d7cb6416618a3a2b45?s=96&d=mm&r=g","contentUrl":"https:\/\/secure.gravatar.com\/avatar\/6b2019b8516158d7cb6416618a3a2b45?s=96&d=mm&r=g","caption":"Juliano Lopes da Silva"},"url":"https:\/\/educacao.cambe.pr.gov.br\/index.php\/author\/jlsilva\/"}]}},"_links":{"self":[{"href":"https:\/\/educacao.cambe.pr.gov.br\/index.php\/wp-json\/wp\/v2\/posts\/5252","targetHints":{"allow":["GET"]}}],"collection":[{"href":"https:\/\/educacao.cambe.pr.gov.br\/index.php\/wp-json\/wp\/v2\/posts"}],"about":[{"href":"https:\/\/educacao.cambe.pr.gov.br\/index.php\/wp-json\/wp\/v2\/types\/post"}],"author":[{"embeddable":true,"href":"https:\/\/educacao.cambe.pr.gov.br\/index.php\/wp-json\/wp\/v2\/users\/7"}],"replies":[{"embeddable":true,"href":"https:\/\/educacao.cambe.pr.gov.br\/index.php\/wp-json\/wp\/v2\/comments?post=5252"}],"version-history":[{"count":1,"href":"https:\/\/educacao.cambe.pr.gov.br\/index.php\/wp-json\/wp\/v2\/posts\/5252\/revisions"}],"predecessor-version":[{"id":5254,"href":"https:\/\/educacao.cambe.pr.gov.br\/index.php\/wp-json\/wp\/v2\/posts\/5252\/revisions\/5254"}],"wp:attachment":[{"href":"https:\/\/educacao.cambe.pr.gov.br\/index.php\/wp-json\/wp\/v2\/media?parent=5252"}],"wp:term":[{"taxonomy":"category","embeddable":true,"href":"https:\/\/educacao.cambe.pr.gov.br\/index.php\/wp-json\/wp\/v2\/categories?post=5252"},{"taxonomy":"post_tag","embeddable":true,"href":"https:\/\/educacao.cambe.pr.gov.br\/index.php\/wp-json\/wp\/v2\/tags?post=5252"}],"curies":[{"name":"wp","href":"https:\/\/api.w.org\/{rel}","templated":true}]}}