{"id":4228,"date":"2024-11-06T08:25:08","date_gmt":"2024-11-06T11:25:08","guid":{"rendered":"https:\/\/educacao.cambe.pr.gov.br\/?p=4228"},"modified":"2024-11-05T13:16:27","modified_gmt":"2024-11-05T16:16:27","slug":"eleicao2025","status":"publish","type":"post","link":"https:\/\/educacao.cambe.pr.gov.br\/index.php\/eleicao2025\/","title":{"rendered":"Inscri\u00e7\u00e3o de candidatos \u00e0 Dire\u00e7\u00e3o Escolar 2025"},"content":{"rendered":"\t\t<div data-elementor-type=\"wp-post\" data-elementor-id=\"4228\" class=\"elementor elementor-4228\">\n\t\t\t\t\t\t<section class=\"elementor-section elementor-top-section elementor-element elementor-element-370afda4 elementor-section-boxed elementor-section-height-default elementor-section-height-default\" data-id=\"370afda4\" data-element_type=\"section\">\n\t\t\t\t\t\t<div class=\"elementor-container elementor-column-gap-default\">\n\t\t\t\t\t<div class=\"elementor-column elementor-col-100 elementor-top-column elementor-element elementor-element-7715d90b\" data-id=\"7715d90b\" data-element_type=\"column\">\n\t\t\t<div class=\"elementor-widget-wrap elementor-element-populated\">\n\t\t\t\t\t\t<div class=\"elementor-element elementor-element-1cdeb0ff elementor-widget elementor-widget-text-editor\" data-id=\"1cdeb0ff\" data-element_type=\"widget\" data-widget_type=\"text-editor.default\">\n\t\t\t\t<div class=\"elementor-widget-container\">\n\t\t\t\t\t\t\t\t\t<p><a href=\"https:\/\/www.cambe.pr.gov.br\/educacao\/index.php\/continuacao-da-inscricao-de-candidatos-a-direcao-escolar-2025\/\"><span style=\"font-size: 17pt; color: #378958; font-weight: bold; font-variant-numeric: normal; font-variant-east-asian: normal; font-variant-alternates: normal; font-variant-position: normal; vertical-align: baseline; white-space-collapse: preserve;\">Inscri\u00e7\u00e3o de candidatos \u00e0 Dire\u00e7\u00e3o Escolar 2025<\/span><\/a><\/p>\n<p><span style=\"font-size: 12pt; font-family: Arial, sans-serif; font-variant-numeric: normal; font-variant-east-asian: normal; font-variant-alternates: normal; font-variant-position: normal; vertical-align: baseline; white-space-collapse: preserve;\">A partir das 8h30 do dia 06 de novembro de 2024, at\u00e9 \u00e0s 23h30h do dia 07 de novembro de 2024.<\/span><\/p>\n<p>Link para inscri\u00e7\u00f5es:&nbsp;<b style=\"font-family: var( --e-global-typography-text-font-family ), Sans-serif; font-size: 1rem; background-color: #ffffff;\"><a href=\"https:\/\/forms.gle\/7nZmz8U82oy8KfU4A\">CLIQUE AQUI<\/a><\/b><\/p>\n<p><span style=\"font-family: arial, helvetica, sans-serif; color: var( --e-global-color-text ); font-weight: var( --e-global-typography-text-font-weight ); font-size: 1rem;\"><br><\/span><\/p><p><span style=\"font-family: arial, helvetica, sans-serif; color: var( --e-global-color-text ); font-weight: var( --e-global-typography-text-font-weight ); font-size: 1rem;\">Problemas ou dificuldades para responder devem ser direcionadas \u00e0 Comiss\u00e3o Organizadora Central (COC). E-mail: cocsemed@educa.cambe.pr.gov.br<\/span><\/p>\n<p><br><\/p>\t\t\t\t\t\t\t\t<\/div>\n\t\t\t\t<\/div>\n\t\t\t\t\t<\/div>\n\t\t<\/div>\n\t\t\t\t\t<\/div>\n\t\t<\/section>\n\t\t\t\t<\/div>\n\t\t","protected":false},"excerpt":{"rendered":"<p>Inscri\u00e7\u00e3o de candidatos \u00e0 Dire\u00e7\u00e3o Escolar 2025 A partir das 8h30 do dia 06 de novembro de 2024, at\u00e9 \u00e0s 23h30h do dia 07 de novembro de 2024. Link para inscri\u00e7\u00f5es:&nbsp;CLIQUE AQUI Problemas ou dificuldades para responder devem ser direcionadas \u00e0 Comiss\u00e3o Organizadora Central (COC). E-mail: cocsemed@educa.cambe.pr.gov.br<\/p>\n","protected":false},"author":7,"featured_media":0,"comment_status":"closed","ping_status":"open","sticky":false,"template":"","format":"standard","meta":{"ngg_post_thumbnail":0,"footnotes":""},"categories":[54],"tags":[],"class_list":["post-4228","post","type-post","status-publish","format-standard","hentry","category-eleicao-de-diretores"],"yoast_head":"<!-- This site is optimized with the Yoast SEO plugin v24.4 - https:\/\/yoast.com\/wordpress\/plugins\/seo\/ -->\n<title>Inscri\u00e7\u00e3o de candidatos \u00e0 Dire\u00e7\u00e3o Escolar 2025 - Secretaria de Educa\u00e7\u00e3o e Cultura<\/title>\n<meta name=\"robots\" content=\"index, follow, max-snippet:-1, max-image-preview:large, max-video-preview:-1\" \/>\n<link rel=\"canonical\" href=\"https:\/\/educacao.cambe.pr.gov.br\/index.php\/eleicao2025\/\" \/>\n<meta property=\"og:locale\" content=\"pt_BR\" \/>\n<meta property=\"og:type\" content=\"article\" \/>\n<meta property=\"og:title\" content=\"Inscri\u00e7\u00e3o de candidatos \u00e0 Dire\u00e7\u00e3o Escolar 2025 - Secretaria de Educa\u00e7\u00e3o e Cultura\" \/>\n<meta property=\"og:description\" content=\"Inscri\u00e7\u00e3o de candidatos \u00e0 Dire\u00e7\u00e3o Escolar 2025 A partir das 8h30 do dia 06 de novembro de 2024, at\u00e9 \u00e0s 23h30h do dia 07 de novembro de 2024. Link para inscri\u00e7\u00f5es:&nbsp;CLIQUE AQUI Problemas ou dificuldades para responder devem ser direcionadas \u00e0 Comiss\u00e3o Organizadora Central (COC). E-mail: cocsemed@educa.cambe.pr.gov.br\" \/>\n<meta property=\"og:url\" content=\"https:\/\/educacao.cambe.pr.gov.br\/index.php\/eleicao2025\/\" \/>\n<meta property=\"og:site_name\" content=\"Secretaria de Educa\u00e7\u00e3o e Cultura\" \/>\n<meta property=\"article:published_time\" content=\"2024-11-06T11:25:08+00:00\" \/>\n<meta name=\"author\" content=\"Juliano Lopes da Silva\" \/>\n<meta name=\"twitter:card\" content=\"summary_large_image\" \/>\n<meta name=\"twitter:label1\" content=\"Escrito por\" \/>\n\t<meta name=\"twitter:data1\" content=\"Juliano Lopes da Silva\" \/>\n\t<meta name=\"twitter:label2\" content=\"Est. tempo de leitura\" \/>\n\t<meta name=\"twitter:data2\" content=\"1 minuto\" \/>\n<script type=\"application\/ld+json\" class=\"yoast-schema-graph\">{\"@context\":\"https:\/\/schema.org\",\"@graph\":[{\"@type\":\"Article\",\"@id\":\"https:\/\/educacao.cambe.pr.gov.br\/index.php\/eleicao2025\/#article\",\"isPartOf\":{\"@id\":\"https:\/\/educacao.cambe.pr.gov.br\/index.php\/eleicao2025\/\"},\"author\":{\"name\":\"Juliano Lopes da Silva\",\"@id\":\"https:\/\/educacao.cambe.pr.gov.br\/#\/schema\/person\/a194ff5a99ad942628443f37e7b98c85\"},\"headline\":\"Inscri\u00e7\u00e3o de candidatos \u00e0 Dire\u00e7\u00e3o Escolar 2025\",\"datePublished\":\"2024-11-06T11:25:08+00:00\",\"mainEntityOfPage\":{\"@id\":\"https:\/\/educacao.cambe.pr.gov.br\/index.php\/eleicao2025\/\"},\"wordCount\":59,\"publisher\":{\"@id\":\"https:\/\/educacao.cambe.pr.gov.br\/#organization\"},\"articleSection\":[\"Elei\u00e7\u00e3o de Diretores\"],\"inLanguage\":\"pt-BR\"},{\"@type\":\"WebPage\",\"@id\":\"https:\/\/educacao.cambe.pr.gov.br\/index.php\/eleicao2025\/\",\"url\":\"https:\/\/educacao.cambe.pr.gov.br\/index.php\/eleicao2025\/\",\"name\":\"Inscri\u00e7\u00e3o de candidatos \u00e0 Dire\u00e7\u00e3o Escolar 2025 - Secretaria de Educa\u00e7\u00e3o e Cultura\",\"isPartOf\":{\"@id\":\"https:\/\/educacao.cambe.pr.gov.br\/#website\"},\"datePublished\":\"2024-11-06T11:25:08+00:00\",\"breadcrumb\":{\"@id\":\"https:\/\/educacao.cambe.pr.gov.br\/index.php\/eleicao2025\/#breadcrumb\"},\"inLanguage\":\"pt-BR\",\"potentialAction\":[{\"@type\":\"ReadAction\",\"target\":[\"https:\/\/educacao.cambe.pr.gov.br\/index.php\/eleicao2025\/\"]}]},{\"@type\":\"BreadcrumbList\",\"@id\":\"https:\/\/educacao.cambe.pr.gov.br\/index.php\/eleicao2025\/#breadcrumb\",\"itemListElement\":[{\"@type\":\"ListItem\",\"position\":1,\"name\":\"In\u00edcio\",\"item\":\"https:\/\/educacao.cambe.pr.gov.br\/\"},{\"@type\":\"ListItem\",\"position\":2,\"name\":\"Inscri\u00e7\u00e3o de candidatos \u00e0 Dire\u00e7\u00e3o Escolar 2025\"}]},{\"@type\":\"WebSite\",\"@id\":\"https:\/\/educacao.cambe.pr.gov.br\/#website\",\"url\":\"https:\/\/educacao.cambe.pr.gov.br\/\",\"name\":\"Secretaria de Educa\u00e7\u00e3o e Cultura\",\"description\":\"Prefeitura de Camb\u00e9\",\"publisher\":{\"@id\":\"https:\/\/educacao.cambe.pr.gov.br\/#organization\"},\"potentialAction\":[{\"@type\":\"SearchAction\",\"target\":{\"@type\":\"EntryPoint\",\"urlTemplate\":\"https:\/\/educacao.cambe.pr.gov.br\/?s={search_term_string}\"},\"query-input\":{\"@type\":\"PropertyValueSpecification\",\"valueRequired\":true,\"valueName\":\"search_term_string\"}}],\"inLanguage\":\"pt-BR\"},{\"@type\":\"Organization\",\"@id\":\"https:\/\/educacao.cambe.pr.gov.br\/#organization\",\"name\":\"Secretaria de Educa\u00e7\u00e3o e Cultura\",\"url\":\"https:\/\/educacao.cambe.pr.gov.br\/\",\"logo\":{\"@type\":\"ImageObject\",\"inLanguage\":\"pt-BR\",\"@id\":\"https:\/\/educacao.cambe.pr.gov.br\/#\/schema\/logo\/image\/\",\"url\":\"https:\/\/educacao.cambe.pr.gov.br\/wp-content\/uploads\/2020\/08\/cambe_rural_brazao-pq.png\",\"contentUrl\":\"https:\/\/educacao.cambe.pr.gov.br\/wp-content\/uploads\/2020\/08\/cambe_rural_brazao-pq.png\",\"width\":150,\"height\":150,\"caption\":\"Secretaria de Educa\u00e7\u00e3o e Cultura\"},\"image\":{\"@id\":\"https:\/\/educacao.cambe.pr.gov.br\/#\/schema\/logo\/image\/\"}},{\"@type\":\"Person\",\"@id\":\"https:\/\/educacao.cambe.pr.gov.br\/#\/schema\/person\/a194ff5a99ad942628443f37e7b98c85\",\"name\":\"Juliano Lopes da Silva\",\"image\":{\"@type\":\"ImageObject\",\"inLanguage\":\"pt-BR\",\"@id\":\"https:\/\/educacao.cambe.pr.gov.br\/#\/schema\/person\/image\/\",\"url\":\"https:\/\/secure.gravatar.com\/avatar\/6b2019b8516158d7cb6416618a3a2b45?s=96&d=mm&r=g\",\"contentUrl\":\"https:\/\/secure.gravatar.com\/avatar\/6b2019b8516158d7cb6416618a3a2b45?s=96&d=mm&r=g\",\"caption\":\"Juliano Lopes da Silva\"},\"url\":\"https:\/\/educacao.cambe.pr.gov.br\/index.php\/author\/jlsilva\/\"}]}<\/script>\n<!-- \/ Yoast SEO plugin. -->","yoast_head_json":{"title":"Inscri\u00e7\u00e3o de candidatos \u00e0 Dire\u00e7\u00e3o Escolar 2025 - Secretaria de Educa\u00e7\u00e3o e Cultura","robots":{"index":"index","follow":"follow","max-snippet":"max-snippet:-1","max-image-preview":"max-image-preview:large","max-video-preview":"max-video-preview:-1"},"canonical":"https:\/\/educacao.cambe.pr.gov.br\/index.php\/eleicao2025\/","og_locale":"pt_BR","og_type":"article","og_title":"Inscri\u00e7\u00e3o de candidatos \u00e0 Dire\u00e7\u00e3o Escolar 2025 - Secretaria de Educa\u00e7\u00e3o e Cultura","og_description":"Inscri\u00e7\u00e3o de candidatos \u00e0 Dire\u00e7\u00e3o Escolar 2025 A partir das 8h30 do dia 06 de novembro de 2024, at\u00e9 \u00e0s 23h30h do dia 07 de novembro de 2024. Link para inscri\u00e7\u00f5es:&nbsp;CLIQUE AQUI Problemas ou dificuldades para responder devem ser direcionadas \u00e0 Comiss\u00e3o Organizadora Central (COC). E-mail: cocsemed@educa.cambe.pr.gov.br","og_url":"https:\/\/educacao.cambe.pr.gov.br\/index.php\/eleicao2025\/","og_site_name":"Secretaria de Educa\u00e7\u00e3o e Cultura","article_published_time":"2024-11-06T11:25:08+00:00","author":"Juliano Lopes da Silva","twitter_card":"summary_large_image","twitter_misc":{"Escrito por":"Juliano Lopes da Silva","Est. tempo de leitura":"1 minuto"},"schema":{"@context":"https:\/\/schema.org","@graph":[{"@type":"Article","@id":"https:\/\/educacao.cambe.pr.gov.br\/index.php\/eleicao2025\/#article","isPartOf":{"@id":"https:\/\/educacao.cambe.pr.gov.br\/index.php\/eleicao2025\/"},"author":{"name":"Juliano Lopes da Silva","@id":"https:\/\/educacao.cambe.pr.gov.br\/#\/schema\/person\/a194ff5a99ad942628443f37e7b98c85"},"headline":"Inscri\u00e7\u00e3o de candidatos \u00e0 Dire\u00e7\u00e3o Escolar 2025","datePublished":"2024-11-06T11:25:08+00:00","mainEntityOfPage":{"@id":"https:\/\/educacao.cambe.pr.gov.br\/index.php\/eleicao2025\/"},"wordCount":59,"publisher":{"@id":"https:\/\/educacao.cambe.pr.gov.br\/#organization"},"articleSection":["Elei\u00e7\u00e3o de Diretores"],"inLanguage":"pt-BR"},{"@type":"WebPage","@id":"https:\/\/educacao.cambe.pr.gov.br\/index.php\/eleicao2025\/","url":"https:\/\/educacao.cambe.pr.gov.br\/index.php\/eleicao2025\/","name":"Inscri\u00e7\u00e3o de candidatos \u00e0 Dire\u00e7\u00e3o Escolar 2025 - Secretaria de Educa\u00e7\u00e3o e Cultura","isPartOf":{"@id":"https:\/\/educacao.cambe.pr.gov.br\/#website"},"datePublished":"2024-11-06T11:25:08+00:00","breadcrumb":{"@id":"https:\/\/educacao.cambe.pr.gov.br\/index.php\/eleicao2025\/#breadcrumb"},"inLanguage":"pt-BR","potentialAction":[{"@type":"ReadAction","target":["https:\/\/educacao.cambe.pr.gov.br\/index.php\/eleicao2025\/"]}]},{"@type":"BreadcrumbList","@id":"https:\/\/educacao.cambe.pr.gov.br\/index.php\/eleicao2025\/#breadcrumb","itemListElement":[{"@type":"ListItem","position":1,"name":"In\u00edcio","item":"https:\/\/educacao.cambe.pr.gov.br\/"},{"@type":"ListItem","position":2,"name":"Inscri\u00e7\u00e3o de candidatos \u00e0 Dire\u00e7\u00e3o Escolar 2025"}]},{"@type":"WebSite","@id":"https:\/\/educacao.cambe.pr.gov.br\/#website","url":"https:\/\/educacao.cambe.pr.gov.br\/","name":"Secretaria de Educa\u00e7\u00e3o e Cultura","description":"Prefeitura de Camb\u00e9","publisher":{"@id":"https:\/\/educacao.cambe.pr.gov.br\/#organization"},"potentialAction":[{"@type":"SearchAction","target":{"@type":"EntryPoint","urlTemplate":"https:\/\/educacao.cambe.pr.gov.br\/?s={search_term_string}"},"query-input":{"@type":"PropertyValueSpecification","valueRequired":true,"valueName":"search_term_string"}}],"inLanguage":"pt-BR"},{"@type":"Organization","@id":"https:\/\/educacao.cambe.pr.gov.br\/#organization","name":"Secretaria de Educa\u00e7\u00e3o e Cultura","url":"https:\/\/educacao.cambe.pr.gov.br\/","logo":{"@type":"ImageObject","inLanguage":"pt-BR","@id":"https:\/\/educacao.cambe.pr.gov.br\/#\/schema\/logo\/image\/","url":"https:\/\/educacao.cambe.pr.gov.br\/wp-content\/uploads\/2020\/08\/cambe_rural_brazao-pq.png","contentUrl":"https:\/\/educacao.cambe.pr.gov.br\/wp-content\/uploads\/2020\/08\/cambe_rural_brazao-pq.png","width":150,"height":150,"caption":"Secretaria de Educa\u00e7\u00e3o e Cultura"},"image":{"@id":"https:\/\/educacao.cambe.pr.gov.br\/#\/schema\/logo\/image\/"}},{"@type":"Person","@id":"https:\/\/educacao.cambe.pr.gov.br\/#\/schema\/person\/a194ff5a99ad942628443f37e7b98c85","name":"Juliano Lopes da Silva","image":{"@type":"ImageObject","inLanguage":"pt-BR","@id":"https:\/\/educacao.cambe.pr.gov.br\/#\/schema\/person\/image\/","url":"https:\/\/secure.gravatar.com\/avatar\/6b2019b8516158d7cb6416618a3a2b45?s=96&d=mm&r=g","contentUrl":"https:\/\/secure.gravatar.com\/avatar\/6b2019b8516158d7cb6416618a3a2b45?s=96&d=mm&r=g","caption":"Juliano Lopes da Silva"},"url":"https:\/\/educacao.cambe.pr.gov.br\/index.php\/author\/jlsilva\/"}]}},"_links":{"self":[{"href":"https:\/\/educacao.cambe.pr.gov.br\/index.php\/wp-json\/wp\/v2\/posts\/4228","targetHints":{"allow":["GET"]}}],"collection":[{"href":"https:\/\/educacao.cambe.pr.gov.br\/index.php\/wp-json\/wp\/v2\/posts"}],"about":[{"href":"https:\/\/educacao.cambe.pr.gov.br\/index.php\/wp-json\/wp\/v2\/types\/post"}],"author":[{"embeddable":true,"href":"https:\/\/educacao.cambe.pr.gov.br\/index.php\/wp-json\/wp\/v2\/users\/7"}],"replies":[{"embeddable":true,"href":"https:\/\/educacao.cambe.pr.gov.br\/index.php\/wp-json\/wp\/v2\/comments?post=4228"}],"version-history":[{"count":14,"href":"https:\/\/educacao.cambe.pr.gov.br\/index.php\/wp-json\/wp\/v2\/posts\/4228\/revisions"}],"predecessor-version":[{"id":4244,"href":"https:\/\/educacao.cambe.pr.gov.br\/index.php\/wp-json\/wp\/v2\/posts\/4228\/revisions\/4244"}],"wp:attachment":[{"href":"https:\/\/educacao.cambe.pr.gov.br\/index.php\/wp-json\/wp\/v2\/media?parent=4228"}],"wp:term":[{"taxonomy":"category","embeddable":true,"href":"https:\/\/educacao.cambe.pr.gov.br\/index.php\/wp-json\/wp\/v2\/categories?post=4228"},{"taxonomy":"post_tag","embeddable":true,"href":"https:\/\/educacao.cambe.pr.gov.br\/index.php\/wp-json\/wp\/v2\/tags?post=4228"}],"curies":[{"name":"wp","href":"https:\/\/api.w.org\/{rel}","templated":true}]}}