{"id":3516,"date":"2024-01-25T15:24:06","date_gmt":"2024-01-25T18:24:06","guid":{"rendered":"https:\/\/educacao.cambe.pr.gov.br\/?p=3516"},"modified":"2024-10-08T08:26:23","modified_gmt":"2024-10-08T11:26:23","slug":"escolha-de-vagas-remanescentes-do-periodo-de-movimentacao-para-professores-de-educacao-infantil-40-horas","status":"publish","type":"post","link":"https:\/\/educacao.cambe.pr.gov.br\/index.php\/escolha-de-vagas-remanescentes-do-periodo-de-movimentacao-para-professores-de-educacao-infantil-40-horas\/","title":{"rendered":"Escolha de vagas remanescentes do per\u00edodo de movimenta\u00e7\u00e3o: Professores de Educa\u00e7\u00e3o Infantil &#8211; 40horas"},"content":{"rendered":"<p>Ocorrer\u00e1 no dia 26\/01\/2024 \u00e0s \ud83d\udd64 9:30h da manh\u00e3,<br \/>\nOcorrer\u00e1 a escolha de vagas remanescentes do per\u00edodo de movimenta\u00e7\u00e3o para Professores de Educa\u00e7\u00e3o Infantil &#8211; 40 horas.<\/p>\n<p>\ud83d\udccd O processo de movimenta\u00e7\u00e3o de janeiro ser\u00e1 feito online atrav\u00e9s da sala de Google Meet no Link abaixo:<br \/>\n<a href=\"http:\/\/meet.google.com\/zxt-ytdy-hfv\" target=\"_blank\" rel=\"noopener\">meet.google.com\/zxt-ytdy-hfv<\/a><\/p>\n<p>\ud83d\udcdd A Lista de Classifica\u00e7\u00e3o dos Professores de Educa\u00e7\u00e3o Infantil &#8211; 40 horas que ficaram para a escolha de Janeiro est\u00e1 no link abaixo::<br \/>\n<a href=\"https:\/\/drive.google.com\/file\/d\/1ubP9FzyO_dIWVVH-m-HE2c4Qioch1ZsN\/view?usp=sharing\" target=\"_blank\" rel=\"noopener\">https:\/\/drive.google.com\/file\/d\/1ubP9FzyO_dIWVVH-m-HE2c4Qioch1ZsN\/view?usp=sharing<\/a><\/p>\n<p>\u203c\ufe0f Aten\u00e7\u00e3o: A sala Meet ser\u00e1 configurada para aceitar somente participantes com e-mail institucional, ou seja, para entrar na sala o professor dever\u00e1 &#8220;logar&#8221; no e-mail institucional, professores que tentarem entrar com e-mail particular n\u00e3o ir\u00e3o conseguir.<\/p>\n<p>Atenciosamente,<br \/>\nRH SMEC<\/p>\n<p>________________________<\/p>\n<p>&nbsp;<\/p>\n","protected":false},"excerpt":{"rendered":"<p>Ocorrer\u00e1 no dia 26\/01\/2024 \u00e0s \ud83d\udd64 9:30h da manh\u00e3, Ocorrer\u00e1 a escolha de vagas remanescentes do per\u00edodo de movimenta\u00e7\u00e3o para Professores de Educa\u00e7\u00e3o Infantil &#8211; 40 horas. \ud83d\udccd O processo de movimenta\u00e7\u00e3o de janeiro ser\u00e1 feito online atrav\u00e9s da sala de Google Meet no Link abaixo: meet.google.com\/zxt-ytdy-hfv \ud83d\udcdd A Lista de Classifica\u00e7\u00e3o dos Professores de [&hellip;]<\/p>\n","protected":false},"author":7,"featured_media":0,"comment_status":"closed","ping_status":"open","sticky":false,"template":"","format":"standard","meta":{"ngg_post_thumbnail":0,"footnotes":""},"categories":[1],"tags":[],"class_list":["post-3516","post","type-post","status-publish","format-standard","hentry","category-educacao"],"yoast_head":"<!-- This site is optimized with the Yoast SEO plugin v24.4 - https:\/\/yoast.com\/wordpress\/plugins\/seo\/ -->\n<title>Escolha de vagas remanescentes do per\u00edodo de movimenta\u00e7\u00e3o: Professores de Educa\u00e7\u00e3o Infantil - 40horas - Secretaria de Educa\u00e7\u00e3o e Cultura<\/title>\n<meta name=\"robots\" content=\"index, follow, max-snippet:-1, max-image-preview:large, max-video-preview:-1\" \/>\n<link rel=\"canonical\" href=\"https:\/\/educacao.cambe.pr.gov.br\/index.php\/escolha-de-vagas-remanescentes-do-periodo-de-movimentacao-para-professores-de-educacao-infantil-40-horas\/\" \/>\n<meta property=\"og:locale\" content=\"pt_BR\" \/>\n<meta property=\"og:type\" content=\"article\" \/>\n<meta property=\"og:title\" content=\"Escolha de vagas remanescentes do per\u00edodo de movimenta\u00e7\u00e3o: Professores de Educa\u00e7\u00e3o Infantil - 40horas - Secretaria de Educa\u00e7\u00e3o e Cultura\" \/>\n<meta property=\"og:description\" content=\"Ocorrer\u00e1 no dia 26\/01\/2024 \u00e0s \ud83d\udd64 9:30h da manh\u00e3, Ocorrer\u00e1 a escolha de vagas remanescentes do per\u00edodo de movimenta\u00e7\u00e3o para Professores de Educa\u00e7\u00e3o Infantil &#8211; 40 horas. \ud83d\udccd O processo de movimenta\u00e7\u00e3o de janeiro ser\u00e1 feito online atrav\u00e9s da sala de Google Meet no Link abaixo: meet.google.com\/zxt-ytdy-hfv \ud83d\udcdd A Lista de Classifica\u00e7\u00e3o dos Professores de [&hellip;]\" \/>\n<meta property=\"og:url\" content=\"https:\/\/educacao.cambe.pr.gov.br\/index.php\/escolha-de-vagas-remanescentes-do-periodo-de-movimentacao-para-professores-de-educacao-infantil-40-horas\/\" \/>\n<meta property=\"og:site_name\" content=\"Secretaria de Educa\u00e7\u00e3o e Cultura\" \/>\n<meta property=\"article:published_time\" content=\"2024-01-25T18:24:06+00:00\" \/>\n<meta property=\"article:modified_time\" content=\"2024-10-08T11:26:23+00:00\" \/>\n<meta name=\"author\" content=\"Juliano Lopes da Silva\" \/>\n<meta name=\"twitter:card\" content=\"summary_large_image\" \/>\n<meta name=\"twitter:label1\" content=\"Escrito por\" \/>\n\t<meta name=\"twitter:data1\" content=\"Juliano Lopes da Silva\" \/>\n\t<meta name=\"twitter:label2\" content=\"Est. tempo de leitura\" \/>\n\t<meta name=\"twitter:data2\" content=\"1 minuto\" \/>\n<script type=\"application\/ld+json\" class=\"yoast-schema-graph\">{\"@context\":\"https:\/\/schema.org\",\"@graph\":[{\"@type\":\"Article\",\"@id\":\"https:\/\/educacao.cambe.pr.gov.br\/index.php\/escolha-de-vagas-remanescentes-do-periodo-de-movimentacao-para-professores-de-educacao-infantil-40-horas\/#article\",\"isPartOf\":{\"@id\":\"https:\/\/educacao.cambe.pr.gov.br\/index.php\/escolha-de-vagas-remanescentes-do-periodo-de-movimentacao-para-professores-de-educacao-infantil-40-horas\/\"},\"author\":{\"name\":\"Juliano Lopes da Silva\",\"@id\":\"https:\/\/educacao.cambe.pr.gov.br\/#\/schema\/person\/a194ff5a99ad942628443f37e7b98c85\"},\"headline\":\"Escolha de vagas remanescentes do per\u00edodo de movimenta\u00e7\u00e3o: Professores de Educa\u00e7\u00e3o Infantil &#8211; 40horas\",\"datePublished\":\"2024-01-25T18:24:06+00:00\",\"dateModified\":\"2024-10-08T11:26:23+00:00\",\"mainEntityOfPage\":{\"@id\":\"https:\/\/educacao.cambe.pr.gov.br\/index.php\/escolha-de-vagas-remanescentes-do-periodo-de-movimentacao-para-professores-de-educacao-infantil-40-horas\/\"},\"wordCount\":150,\"publisher\":{\"@id\":\"https:\/\/educacao.cambe.pr.gov.br\/#organization\"},\"articleSection\":[\"Educa\u00e7\u00e3o\"],\"inLanguage\":\"pt-BR\"},{\"@type\":\"WebPage\",\"@id\":\"https:\/\/educacao.cambe.pr.gov.br\/index.php\/escolha-de-vagas-remanescentes-do-periodo-de-movimentacao-para-professores-de-educacao-infantil-40-horas\/\",\"url\":\"https:\/\/educacao.cambe.pr.gov.br\/index.php\/escolha-de-vagas-remanescentes-do-periodo-de-movimentacao-para-professores-de-educacao-infantil-40-horas\/\",\"name\":\"Escolha de vagas remanescentes do per\u00edodo de movimenta\u00e7\u00e3o: Professores de Educa\u00e7\u00e3o Infantil - 40horas - Secretaria de Educa\u00e7\u00e3o e Cultura\",\"isPartOf\":{\"@id\":\"https:\/\/educacao.cambe.pr.gov.br\/#website\"},\"datePublished\":\"2024-01-25T18:24:06+00:00\",\"dateModified\":\"2024-10-08T11:26:23+00:00\",\"breadcrumb\":{\"@id\":\"https:\/\/educacao.cambe.pr.gov.br\/index.php\/escolha-de-vagas-remanescentes-do-periodo-de-movimentacao-para-professores-de-educacao-infantil-40-horas\/#breadcrumb\"},\"inLanguage\":\"pt-BR\",\"potentialAction\":[{\"@type\":\"ReadAction\",\"target\":[\"https:\/\/educacao.cambe.pr.gov.br\/index.php\/escolha-de-vagas-remanescentes-do-periodo-de-movimentacao-para-professores-de-educacao-infantil-40-horas\/\"]}]},{\"@type\":\"BreadcrumbList\",\"@id\":\"https:\/\/educacao.cambe.pr.gov.br\/index.php\/escolha-de-vagas-remanescentes-do-periodo-de-movimentacao-para-professores-de-educacao-infantil-40-horas\/#breadcrumb\",\"itemListElement\":[{\"@type\":\"ListItem\",\"position\":1,\"name\":\"In\u00edcio\",\"item\":\"https:\/\/educacao.cambe.pr.gov.br\/\"},{\"@type\":\"ListItem\",\"position\":2,\"name\":\"Escolha de vagas remanescentes do per\u00edodo de movimenta\u00e7\u00e3o: Professores de Educa\u00e7\u00e3o Infantil &#8211; 40horas\"}]},{\"@type\":\"WebSite\",\"@id\":\"https:\/\/educacao.cambe.pr.gov.br\/#website\",\"url\":\"https:\/\/educacao.cambe.pr.gov.br\/\",\"name\":\"Secretaria de Educa\u00e7\u00e3o e Cultura\",\"description\":\"Prefeitura de Camb\u00e9\",\"publisher\":{\"@id\":\"https:\/\/educacao.cambe.pr.gov.br\/#organization\"},\"potentialAction\":[{\"@type\":\"SearchAction\",\"target\":{\"@type\":\"EntryPoint\",\"urlTemplate\":\"https:\/\/educacao.cambe.pr.gov.br\/?s={search_term_string}\"},\"query-input\":{\"@type\":\"PropertyValueSpecification\",\"valueRequired\":true,\"valueName\":\"search_term_string\"}}],\"inLanguage\":\"pt-BR\"},{\"@type\":\"Organization\",\"@id\":\"https:\/\/educacao.cambe.pr.gov.br\/#organization\",\"name\":\"Secretaria de Educa\u00e7\u00e3o e Cultura\",\"url\":\"https:\/\/educacao.cambe.pr.gov.br\/\",\"logo\":{\"@type\":\"ImageObject\",\"inLanguage\":\"pt-BR\",\"@id\":\"https:\/\/educacao.cambe.pr.gov.br\/#\/schema\/logo\/image\/\",\"url\":\"https:\/\/educacao.cambe.pr.gov.br\/wp-content\/uploads\/2020\/08\/cambe_rural_brazao-pq.png\",\"contentUrl\":\"https:\/\/educacao.cambe.pr.gov.br\/wp-content\/uploads\/2020\/08\/cambe_rural_brazao-pq.png\",\"width\":150,\"height\":150,\"caption\":\"Secretaria de Educa\u00e7\u00e3o e Cultura\"},\"image\":{\"@id\":\"https:\/\/educacao.cambe.pr.gov.br\/#\/schema\/logo\/image\/\"}},{\"@type\":\"Person\",\"@id\":\"https:\/\/educacao.cambe.pr.gov.br\/#\/schema\/person\/a194ff5a99ad942628443f37e7b98c85\",\"name\":\"Juliano Lopes da Silva\",\"image\":{\"@type\":\"ImageObject\",\"inLanguage\":\"pt-BR\",\"@id\":\"https:\/\/educacao.cambe.pr.gov.br\/#\/schema\/person\/image\/\",\"url\":\"https:\/\/secure.gravatar.com\/avatar\/6b2019b8516158d7cb6416618a3a2b45?s=96&d=mm&r=g\",\"contentUrl\":\"https:\/\/secure.gravatar.com\/avatar\/6b2019b8516158d7cb6416618a3a2b45?s=96&d=mm&r=g\",\"caption\":\"Juliano Lopes da Silva\"},\"url\":\"https:\/\/educacao.cambe.pr.gov.br\/index.php\/author\/jlsilva\/\"}]}<\/script>\n<!-- \/ Yoast SEO plugin. -->","yoast_head_json":{"title":"Escolha de vagas remanescentes do per\u00edodo de movimenta\u00e7\u00e3o: Professores de Educa\u00e7\u00e3o Infantil - 40horas - Secretaria de Educa\u00e7\u00e3o e Cultura","robots":{"index":"index","follow":"follow","max-snippet":"max-snippet:-1","max-image-preview":"max-image-preview:large","max-video-preview":"max-video-preview:-1"},"canonical":"https:\/\/educacao.cambe.pr.gov.br\/index.php\/escolha-de-vagas-remanescentes-do-periodo-de-movimentacao-para-professores-de-educacao-infantil-40-horas\/","og_locale":"pt_BR","og_type":"article","og_title":"Escolha de vagas remanescentes do per\u00edodo de movimenta\u00e7\u00e3o: Professores de Educa\u00e7\u00e3o Infantil - 40horas - Secretaria de Educa\u00e7\u00e3o e Cultura","og_description":"Ocorrer\u00e1 no dia 26\/01\/2024 \u00e0s \ud83d\udd64 9:30h da manh\u00e3, Ocorrer\u00e1 a escolha de vagas remanescentes do per\u00edodo de movimenta\u00e7\u00e3o para Professores de Educa\u00e7\u00e3o Infantil &#8211; 40 horas. \ud83d\udccd O processo de movimenta\u00e7\u00e3o de janeiro ser\u00e1 feito online atrav\u00e9s da sala de Google Meet no Link abaixo: meet.google.com\/zxt-ytdy-hfv \ud83d\udcdd A Lista de Classifica\u00e7\u00e3o dos Professores de [&hellip;]","og_url":"https:\/\/educacao.cambe.pr.gov.br\/index.php\/escolha-de-vagas-remanescentes-do-periodo-de-movimentacao-para-professores-de-educacao-infantil-40-horas\/","og_site_name":"Secretaria de Educa\u00e7\u00e3o e Cultura","article_published_time":"2024-01-25T18:24:06+00:00","article_modified_time":"2024-10-08T11:26:23+00:00","author":"Juliano Lopes da Silva","twitter_card":"summary_large_image","twitter_misc":{"Escrito por":"Juliano Lopes da Silva","Est. tempo de leitura":"1 minuto"},"schema":{"@context":"https:\/\/schema.org","@graph":[{"@type":"Article","@id":"https:\/\/educacao.cambe.pr.gov.br\/index.php\/escolha-de-vagas-remanescentes-do-periodo-de-movimentacao-para-professores-de-educacao-infantil-40-horas\/#article","isPartOf":{"@id":"https:\/\/educacao.cambe.pr.gov.br\/index.php\/escolha-de-vagas-remanescentes-do-periodo-de-movimentacao-para-professores-de-educacao-infantil-40-horas\/"},"author":{"name":"Juliano Lopes da Silva","@id":"https:\/\/educacao.cambe.pr.gov.br\/#\/schema\/person\/a194ff5a99ad942628443f37e7b98c85"},"headline":"Escolha de vagas remanescentes do per\u00edodo de movimenta\u00e7\u00e3o: Professores de Educa\u00e7\u00e3o Infantil &#8211; 40horas","datePublished":"2024-01-25T18:24:06+00:00","dateModified":"2024-10-08T11:26:23+00:00","mainEntityOfPage":{"@id":"https:\/\/educacao.cambe.pr.gov.br\/index.php\/escolha-de-vagas-remanescentes-do-periodo-de-movimentacao-para-professores-de-educacao-infantil-40-horas\/"},"wordCount":150,"publisher":{"@id":"https:\/\/educacao.cambe.pr.gov.br\/#organization"},"articleSection":["Educa\u00e7\u00e3o"],"inLanguage":"pt-BR"},{"@type":"WebPage","@id":"https:\/\/educacao.cambe.pr.gov.br\/index.php\/escolha-de-vagas-remanescentes-do-periodo-de-movimentacao-para-professores-de-educacao-infantil-40-horas\/","url":"https:\/\/educacao.cambe.pr.gov.br\/index.php\/escolha-de-vagas-remanescentes-do-periodo-de-movimentacao-para-professores-de-educacao-infantil-40-horas\/","name":"Escolha de vagas remanescentes do per\u00edodo de movimenta\u00e7\u00e3o: Professores de Educa\u00e7\u00e3o Infantil - 40horas - Secretaria de Educa\u00e7\u00e3o e Cultura","isPartOf":{"@id":"https:\/\/educacao.cambe.pr.gov.br\/#website"},"datePublished":"2024-01-25T18:24:06+00:00","dateModified":"2024-10-08T11:26:23+00:00","breadcrumb":{"@id":"https:\/\/educacao.cambe.pr.gov.br\/index.php\/escolha-de-vagas-remanescentes-do-periodo-de-movimentacao-para-professores-de-educacao-infantil-40-horas\/#breadcrumb"},"inLanguage":"pt-BR","potentialAction":[{"@type":"ReadAction","target":["https:\/\/educacao.cambe.pr.gov.br\/index.php\/escolha-de-vagas-remanescentes-do-periodo-de-movimentacao-para-professores-de-educacao-infantil-40-horas\/"]}]},{"@type":"BreadcrumbList","@id":"https:\/\/educacao.cambe.pr.gov.br\/index.php\/escolha-de-vagas-remanescentes-do-periodo-de-movimentacao-para-professores-de-educacao-infantil-40-horas\/#breadcrumb","itemListElement":[{"@type":"ListItem","position":1,"name":"In\u00edcio","item":"https:\/\/educacao.cambe.pr.gov.br\/"},{"@type":"ListItem","position":2,"name":"Escolha de vagas remanescentes do per\u00edodo de movimenta\u00e7\u00e3o: Professores de Educa\u00e7\u00e3o Infantil &#8211; 40horas"}]},{"@type":"WebSite","@id":"https:\/\/educacao.cambe.pr.gov.br\/#website","url":"https:\/\/educacao.cambe.pr.gov.br\/","name":"Secretaria de Educa\u00e7\u00e3o e Cultura","description":"Prefeitura de Camb\u00e9","publisher":{"@id":"https:\/\/educacao.cambe.pr.gov.br\/#organization"},"potentialAction":[{"@type":"SearchAction","target":{"@type":"EntryPoint","urlTemplate":"https:\/\/educacao.cambe.pr.gov.br\/?s={search_term_string}"},"query-input":{"@type":"PropertyValueSpecification","valueRequired":true,"valueName":"search_term_string"}}],"inLanguage":"pt-BR"},{"@type":"Organization","@id":"https:\/\/educacao.cambe.pr.gov.br\/#organization","name":"Secretaria de Educa\u00e7\u00e3o e Cultura","url":"https:\/\/educacao.cambe.pr.gov.br\/","logo":{"@type":"ImageObject","inLanguage":"pt-BR","@id":"https:\/\/educacao.cambe.pr.gov.br\/#\/schema\/logo\/image\/","url":"https:\/\/educacao.cambe.pr.gov.br\/wp-content\/uploads\/2020\/08\/cambe_rural_brazao-pq.png","contentUrl":"https:\/\/educacao.cambe.pr.gov.br\/wp-content\/uploads\/2020\/08\/cambe_rural_brazao-pq.png","width":150,"height":150,"caption":"Secretaria de Educa\u00e7\u00e3o e Cultura"},"image":{"@id":"https:\/\/educacao.cambe.pr.gov.br\/#\/schema\/logo\/image\/"}},{"@type":"Person","@id":"https:\/\/educacao.cambe.pr.gov.br\/#\/schema\/person\/a194ff5a99ad942628443f37e7b98c85","name":"Juliano Lopes da Silva","image":{"@type":"ImageObject","inLanguage":"pt-BR","@id":"https:\/\/educacao.cambe.pr.gov.br\/#\/schema\/person\/image\/","url":"https:\/\/secure.gravatar.com\/avatar\/6b2019b8516158d7cb6416618a3a2b45?s=96&d=mm&r=g","contentUrl":"https:\/\/secure.gravatar.com\/avatar\/6b2019b8516158d7cb6416618a3a2b45?s=96&d=mm&r=g","caption":"Juliano Lopes da Silva"},"url":"https:\/\/educacao.cambe.pr.gov.br\/index.php\/author\/jlsilva\/"}]}},"_links":{"self":[{"href":"https:\/\/educacao.cambe.pr.gov.br\/index.php\/wp-json\/wp\/v2\/posts\/3516","targetHints":{"allow":["GET"]}}],"collection":[{"href":"https:\/\/educacao.cambe.pr.gov.br\/index.php\/wp-json\/wp\/v2\/posts"}],"about":[{"href":"https:\/\/educacao.cambe.pr.gov.br\/index.php\/wp-json\/wp\/v2\/types\/post"}],"author":[{"embeddable":true,"href":"https:\/\/educacao.cambe.pr.gov.br\/index.php\/wp-json\/wp\/v2\/users\/7"}],"replies":[{"embeddable":true,"href":"https:\/\/educacao.cambe.pr.gov.br\/index.php\/wp-json\/wp\/v2\/comments?post=3516"}],"version-history":[{"count":4,"href":"https:\/\/educacao.cambe.pr.gov.br\/index.php\/wp-json\/wp\/v2\/posts\/3516\/revisions"}],"predecessor-version":[{"id":3527,"href":"https:\/\/educacao.cambe.pr.gov.br\/index.php\/wp-json\/wp\/v2\/posts\/3516\/revisions\/3527"}],"wp:attachment":[{"href":"https:\/\/educacao.cambe.pr.gov.br\/index.php\/wp-json\/wp\/v2\/media?parent=3516"}],"wp:term":[{"taxonomy":"category","embeddable":true,"href":"https:\/\/educacao.cambe.pr.gov.br\/index.php\/wp-json\/wp\/v2\/categories?post=3516"},{"taxonomy":"post_tag","embeddable":true,"href":"https:\/\/educacao.cambe.pr.gov.br\/index.php\/wp-json\/wp\/v2\/tags?post=3516"}],"curies":[{"name":"wp","href":"https:\/\/api.w.org\/{rel}","templated":true}]}}