{"id":2777,"date":"2023-10-05T10:00:29","date_gmt":"2023-10-05T13:00:29","guid":{"rendered":"http:\/\/educacao.cambe.pr.gov.br\/?p=2777"},"modified":"2024-10-08T08:26:22","modified_gmt":"2024-10-08T11:26:22","slug":"iii-congresso-municipal-de-educacao-de-cambe","status":"publish","type":"post","link":"https:\/\/educacao.cambe.pr.gov.br\/index.php\/iii-congresso-municipal-de-educacao-de-cambe\/","title":{"rendered":"III Congresso Municipal de Educa\u00e7\u00e3o de Camb\u00e9"},"content":{"rendered":"<p>A Secretaria Municipal de Cultura e Educa\u00e7\u00e3o anuncia que o III Congresso Municipal de Educa\u00e7\u00e3o de Camb\u00e9 ser\u00e1 realizado nos dias 31 de janeiro, 01 e 02 de fevereiro de 2024.<\/p>\n<p>O congresso, intitulado &#8220;Educa\u00e7\u00e3o de Camb\u00e9 promovendo o desenvolvimento humano&#8221;, se constituir\u00e1 como um rico espa\u00e7o formativo, abrangendo palestras, minicursos, mesas redondas e comunica\u00e7\u00f5es orais (relatos de experi\u00eancia e p\u00f4steres). Para este importante momento de forma\u00e7\u00e3o para os servidores, a SMEC est\u00e1 organizando a programa\u00e7\u00e3o do evento com a participa\u00e7\u00e3o de renomados palestrantes do cen\u00e1rio acad\u00eamico regional.<\/p>\n<p>Para tornar o Congresso ainda mais brilhante, a Secretaria de Educa\u00e7\u00e3o contar\u00e1 com a participa\u00e7\u00e3o de assessores, diretores, coordenadores e professores, que ir\u00e3o compartilhar, por meio de produ\u00e7\u00e3o cient\u00edfica, as experi\u00eancias pedag\u00f3gicas bem-sucedidas que ocorrem diariamente na Educa\u00e7\u00e3o B\u00e1sica P\u00fablica em Camb\u00e9.<\/p>\n<p>Os trabalhos podem ser inscritos com um \u00fanico autor ou ter at\u00e9 cinco autores e seguem normas e crit\u00e9rios que j\u00e1 est\u00e3o dispon\u00edveis no site do evento, sendo essenciais para a submiss\u00e3o de pr\u00e1ticas (relatos de experi\u00eancia ou p\u00f4steres).<\/p>\n<p>Todas as informa\u00e7\u00f5es sobre o III Congresso Municipal de Educa\u00e7\u00e3o de Camb\u00e9 estar\u00e3o dispon\u00edveis no site:&nbsp; <a href=\"https:\/\/congressomunicipal.wixsite.com\/educacaocambe\">https:\/\/congressomunicipal.wixsite.com\/educacaocambe<\/a><\/p>\n","protected":false},"excerpt":{"rendered":"<p>A Secretaria Municipal de Cultura e Educa\u00e7\u00e3o anuncia que o III Congresso Municipal de Educa\u00e7\u00e3o de Camb\u00e9 ser\u00e1 realizado nos dias 31 de janeiro, 01 e 02 de fevereiro de 2024. O congresso, intitulado &#8220;Educa\u00e7\u00e3o de Camb\u00e9 promovendo o desenvolvimento humano&#8221;, se constituir\u00e1 como um rico espa\u00e7o formativo, abrangendo palestras, minicursos, mesas redondas e comunica\u00e7\u00f5es [&hellip;]<\/p>\n","protected":false},"author":7,"featured_media":0,"comment_status":"closed","ping_status":"open","sticky":false,"template":"","format":"standard","meta":{"ngg_post_thumbnail":0,"footnotes":""},"categories":[1],"tags":[],"class_list":["post-2777","post","type-post","status-publish","format-standard","hentry","category-educacao"],"yoast_head":"<!-- This site is optimized with the Yoast SEO plugin v24.4 - https:\/\/yoast.com\/wordpress\/plugins\/seo\/ -->\n<title>III Congresso Municipal de Educa\u00e7\u00e3o de Camb\u00e9 - Secretaria de Educa\u00e7\u00e3o e Cultura<\/title>\n<meta name=\"robots\" content=\"index, follow, max-snippet:-1, max-image-preview:large, max-video-preview:-1\" \/>\n<link rel=\"canonical\" href=\"https:\/\/educacao.cambe.pr.gov.br\/index.php\/iii-congresso-municipal-de-educacao-de-cambe\/\" \/>\n<meta property=\"og:locale\" content=\"pt_BR\" \/>\n<meta property=\"og:type\" content=\"article\" \/>\n<meta property=\"og:title\" content=\"III Congresso Municipal de Educa\u00e7\u00e3o de Camb\u00e9 - Secretaria de Educa\u00e7\u00e3o e Cultura\" \/>\n<meta property=\"og:description\" content=\"A Secretaria Municipal de Cultura e Educa\u00e7\u00e3o anuncia que o III Congresso Municipal de Educa\u00e7\u00e3o de Camb\u00e9 ser\u00e1 realizado nos dias 31 de janeiro, 01 e 02 de fevereiro de 2024. O congresso, intitulado &#8220;Educa\u00e7\u00e3o de Camb\u00e9 promovendo o desenvolvimento humano&#8221;, se constituir\u00e1 como um rico espa\u00e7o formativo, abrangendo palestras, minicursos, mesas redondas e comunica\u00e7\u00f5es [&hellip;]\" \/>\n<meta property=\"og:url\" content=\"https:\/\/educacao.cambe.pr.gov.br\/index.php\/iii-congresso-municipal-de-educacao-de-cambe\/\" \/>\n<meta property=\"og:site_name\" content=\"Secretaria de Educa\u00e7\u00e3o e Cultura\" \/>\n<meta property=\"article:published_time\" content=\"2023-10-05T13:00:29+00:00\" \/>\n<meta property=\"article:modified_time\" content=\"2024-10-08T11:26:22+00:00\" \/>\n<meta name=\"author\" content=\"Juliano Lopes da Silva\" \/>\n<meta name=\"twitter:card\" content=\"summary_large_image\" \/>\n<meta name=\"twitter:label1\" content=\"Escrito por\" \/>\n\t<meta name=\"twitter:data1\" content=\"Juliano Lopes da Silva\" \/>\n\t<meta name=\"twitter:label2\" content=\"Est. tempo de leitura\" \/>\n\t<meta name=\"twitter:data2\" content=\"1 minuto\" \/>\n<script type=\"application\/ld+json\" class=\"yoast-schema-graph\">{\"@context\":\"https:\/\/schema.org\",\"@graph\":[{\"@type\":\"Article\",\"@id\":\"https:\/\/educacao.cambe.pr.gov.br\/index.php\/iii-congresso-municipal-de-educacao-de-cambe\/#article\",\"isPartOf\":{\"@id\":\"https:\/\/educacao.cambe.pr.gov.br\/index.php\/iii-congresso-municipal-de-educacao-de-cambe\/\"},\"author\":{\"name\":\"Juliano Lopes da Silva\",\"@id\":\"https:\/\/educacao.cambe.pr.gov.br\/#\/schema\/person\/a194ff5a99ad942628443f37e7b98c85\"},\"headline\":\"III Congresso Municipal de Educa\u00e7\u00e3o de Camb\u00e9\",\"datePublished\":\"2023-10-05T13:00:29+00:00\",\"dateModified\":\"2024-10-08T11:26:22+00:00\",\"mainEntityOfPage\":{\"@id\":\"https:\/\/educacao.cambe.pr.gov.br\/index.php\/iii-congresso-municipal-de-educacao-de-cambe\/\"},\"wordCount\":228,\"publisher\":{\"@id\":\"https:\/\/educacao.cambe.pr.gov.br\/#organization\"},\"articleSection\":[\"Educa\u00e7\u00e3o\"],\"inLanguage\":\"pt-BR\"},{\"@type\":\"WebPage\",\"@id\":\"https:\/\/educacao.cambe.pr.gov.br\/index.php\/iii-congresso-municipal-de-educacao-de-cambe\/\",\"url\":\"https:\/\/educacao.cambe.pr.gov.br\/index.php\/iii-congresso-municipal-de-educacao-de-cambe\/\",\"name\":\"III Congresso Municipal de Educa\u00e7\u00e3o de Camb\u00e9 - Secretaria de Educa\u00e7\u00e3o e Cultura\",\"isPartOf\":{\"@id\":\"https:\/\/educacao.cambe.pr.gov.br\/#website\"},\"datePublished\":\"2023-10-05T13:00:29+00:00\",\"dateModified\":\"2024-10-08T11:26:22+00:00\",\"breadcrumb\":{\"@id\":\"https:\/\/educacao.cambe.pr.gov.br\/index.php\/iii-congresso-municipal-de-educacao-de-cambe\/#breadcrumb\"},\"inLanguage\":\"pt-BR\",\"potentialAction\":[{\"@type\":\"ReadAction\",\"target\":[\"https:\/\/educacao.cambe.pr.gov.br\/index.php\/iii-congresso-municipal-de-educacao-de-cambe\/\"]}]},{\"@type\":\"BreadcrumbList\",\"@id\":\"https:\/\/educacao.cambe.pr.gov.br\/index.php\/iii-congresso-municipal-de-educacao-de-cambe\/#breadcrumb\",\"itemListElement\":[{\"@type\":\"ListItem\",\"position\":1,\"name\":\"In\u00edcio\",\"item\":\"https:\/\/educacao.cambe.pr.gov.br\/\"},{\"@type\":\"ListItem\",\"position\":2,\"name\":\"III Congresso Municipal de Educa\u00e7\u00e3o de Camb\u00e9\"}]},{\"@type\":\"WebSite\",\"@id\":\"https:\/\/educacao.cambe.pr.gov.br\/#website\",\"url\":\"https:\/\/educacao.cambe.pr.gov.br\/\",\"name\":\"Secretaria de Educa\u00e7\u00e3o e Cultura\",\"description\":\"Prefeitura de Camb\u00e9\",\"publisher\":{\"@id\":\"https:\/\/educacao.cambe.pr.gov.br\/#organization\"},\"potentialAction\":[{\"@type\":\"SearchAction\",\"target\":{\"@type\":\"EntryPoint\",\"urlTemplate\":\"https:\/\/educacao.cambe.pr.gov.br\/?s={search_term_string}\"},\"query-input\":{\"@type\":\"PropertyValueSpecification\",\"valueRequired\":true,\"valueName\":\"search_term_string\"}}],\"inLanguage\":\"pt-BR\"},{\"@type\":\"Organization\",\"@id\":\"https:\/\/educacao.cambe.pr.gov.br\/#organization\",\"name\":\"Secretaria de Educa\u00e7\u00e3o e Cultura\",\"url\":\"https:\/\/educacao.cambe.pr.gov.br\/\",\"logo\":{\"@type\":\"ImageObject\",\"inLanguage\":\"pt-BR\",\"@id\":\"https:\/\/educacao.cambe.pr.gov.br\/#\/schema\/logo\/image\/\",\"url\":\"https:\/\/educacao.cambe.pr.gov.br\/wp-content\/uploads\/2020\/08\/cambe_rural_brazao-pq.png\",\"contentUrl\":\"https:\/\/educacao.cambe.pr.gov.br\/wp-content\/uploads\/2020\/08\/cambe_rural_brazao-pq.png\",\"width\":150,\"height\":150,\"caption\":\"Secretaria de Educa\u00e7\u00e3o e Cultura\"},\"image\":{\"@id\":\"https:\/\/educacao.cambe.pr.gov.br\/#\/schema\/logo\/image\/\"}},{\"@type\":\"Person\",\"@id\":\"https:\/\/educacao.cambe.pr.gov.br\/#\/schema\/person\/a194ff5a99ad942628443f37e7b98c85\",\"name\":\"Juliano Lopes da Silva\",\"image\":{\"@type\":\"ImageObject\",\"inLanguage\":\"pt-BR\",\"@id\":\"https:\/\/educacao.cambe.pr.gov.br\/#\/schema\/person\/image\/\",\"url\":\"https:\/\/secure.gravatar.com\/avatar\/6b2019b8516158d7cb6416618a3a2b45?s=96&d=mm&r=g\",\"contentUrl\":\"https:\/\/secure.gravatar.com\/avatar\/6b2019b8516158d7cb6416618a3a2b45?s=96&d=mm&r=g\",\"caption\":\"Juliano Lopes da Silva\"},\"url\":\"https:\/\/educacao.cambe.pr.gov.br\/index.php\/author\/jlsilva\/\"}]}<\/script>\n<!-- \/ Yoast SEO plugin. -->","yoast_head_json":{"title":"III Congresso Municipal de Educa\u00e7\u00e3o de Camb\u00e9 - Secretaria de Educa\u00e7\u00e3o e Cultura","robots":{"index":"index","follow":"follow","max-snippet":"max-snippet:-1","max-image-preview":"max-image-preview:large","max-video-preview":"max-video-preview:-1"},"canonical":"https:\/\/educacao.cambe.pr.gov.br\/index.php\/iii-congresso-municipal-de-educacao-de-cambe\/","og_locale":"pt_BR","og_type":"article","og_title":"III Congresso Municipal de Educa\u00e7\u00e3o de Camb\u00e9 - Secretaria de Educa\u00e7\u00e3o e Cultura","og_description":"A Secretaria Municipal de Cultura e Educa\u00e7\u00e3o anuncia que o III Congresso Municipal de Educa\u00e7\u00e3o de Camb\u00e9 ser\u00e1 realizado nos dias 31 de janeiro, 01 e 02 de fevereiro de 2024. O congresso, intitulado &#8220;Educa\u00e7\u00e3o de Camb\u00e9 promovendo o desenvolvimento humano&#8221;, se constituir\u00e1 como um rico espa\u00e7o formativo, abrangendo palestras, minicursos, mesas redondas e comunica\u00e7\u00f5es [&hellip;]","og_url":"https:\/\/educacao.cambe.pr.gov.br\/index.php\/iii-congresso-municipal-de-educacao-de-cambe\/","og_site_name":"Secretaria de Educa\u00e7\u00e3o e Cultura","article_published_time":"2023-10-05T13:00:29+00:00","article_modified_time":"2024-10-08T11:26:22+00:00","author":"Juliano Lopes da Silva","twitter_card":"summary_large_image","twitter_misc":{"Escrito por":"Juliano Lopes da Silva","Est. tempo de leitura":"1 minuto"},"schema":{"@context":"https:\/\/schema.org","@graph":[{"@type":"Article","@id":"https:\/\/educacao.cambe.pr.gov.br\/index.php\/iii-congresso-municipal-de-educacao-de-cambe\/#article","isPartOf":{"@id":"https:\/\/educacao.cambe.pr.gov.br\/index.php\/iii-congresso-municipal-de-educacao-de-cambe\/"},"author":{"name":"Juliano Lopes da Silva","@id":"https:\/\/educacao.cambe.pr.gov.br\/#\/schema\/person\/a194ff5a99ad942628443f37e7b98c85"},"headline":"III Congresso Municipal de Educa\u00e7\u00e3o de Camb\u00e9","datePublished":"2023-10-05T13:00:29+00:00","dateModified":"2024-10-08T11:26:22+00:00","mainEntityOfPage":{"@id":"https:\/\/educacao.cambe.pr.gov.br\/index.php\/iii-congresso-municipal-de-educacao-de-cambe\/"},"wordCount":228,"publisher":{"@id":"https:\/\/educacao.cambe.pr.gov.br\/#organization"},"articleSection":["Educa\u00e7\u00e3o"],"inLanguage":"pt-BR"},{"@type":"WebPage","@id":"https:\/\/educacao.cambe.pr.gov.br\/index.php\/iii-congresso-municipal-de-educacao-de-cambe\/","url":"https:\/\/educacao.cambe.pr.gov.br\/index.php\/iii-congresso-municipal-de-educacao-de-cambe\/","name":"III Congresso Municipal de Educa\u00e7\u00e3o de Camb\u00e9 - Secretaria de Educa\u00e7\u00e3o e Cultura","isPartOf":{"@id":"https:\/\/educacao.cambe.pr.gov.br\/#website"},"datePublished":"2023-10-05T13:00:29+00:00","dateModified":"2024-10-08T11:26:22+00:00","breadcrumb":{"@id":"https:\/\/educacao.cambe.pr.gov.br\/index.php\/iii-congresso-municipal-de-educacao-de-cambe\/#breadcrumb"},"inLanguage":"pt-BR","potentialAction":[{"@type":"ReadAction","target":["https:\/\/educacao.cambe.pr.gov.br\/index.php\/iii-congresso-municipal-de-educacao-de-cambe\/"]}]},{"@type":"BreadcrumbList","@id":"https:\/\/educacao.cambe.pr.gov.br\/index.php\/iii-congresso-municipal-de-educacao-de-cambe\/#breadcrumb","itemListElement":[{"@type":"ListItem","position":1,"name":"In\u00edcio","item":"https:\/\/educacao.cambe.pr.gov.br\/"},{"@type":"ListItem","position":2,"name":"III Congresso Municipal de Educa\u00e7\u00e3o de Camb\u00e9"}]},{"@type":"WebSite","@id":"https:\/\/educacao.cambe.pr.gov.br\/#website","url":"https:\/\/educacao.cambe.pr.gov.br\/","name":"Secretaria de Educa\u00e7\u00e3o e Cultura","description":"Prefeitura de Camb\u00e9","publisher":{"@id":"https:\/\/educacao.cambe.pr.gov.br\/#organization"},"potentialAction":[{"@type":"SearchAction","target":{"@type":"EntryPoint","urlTemplate":"https:\/\/educacao.cambe.pr.gov.br\/?s={search_term_string}"},"query-input":{"@type":"PropertyValueSpecification","valueRequired":true,"valueName":"search_term_string"}}],"inLanguage":"pt-BR"},{"@type":"Organization","@id":"https:\/\/educacao.cambe.pr.gov.br\/#organization","name":"Secretaria de Educa\u00e7\u00e3o e Cultura","url":"https:\/\/educacao.cambe.pr.gov.br\/","logo":{"@type":"ImageObject","inLanguage":"pt-BR","@id":"https:\/\/educacao.cambe.pr.gov.br\/#\/schema\/logo\/image\/","url":"https:\/\/educacao.cambe.pr.gov.br\/wp-content\/uploads\/2020\/08\/cambe_rural_brazao-pq.png","contentUrl":"https:\/\/educacao.cambe.pr.gov.br\/wp-content\/uploads\/2020\/08\/cambe_rural_brazao-pq.png","width":150,"height":150,"caption":"Secretaria de Educa\u00e7\u00e3o e Cultura"},"image":{"@id":"https:\/\/educacao.cambe.pr.gov.br\/#\/schema\/logo\/image\/"}},{"@type":"Person","@id":"https:\/\/educacao.cambe.pr.gov.br\/#\/schema\/person\/a194ff5a99ad942628443f37e7b98c85","name":"Juliano Lopes da Silva","image":{"@type":"ImageObject","inLanguage":"pt-BR","@id":"https:\/\/educacao.cambe.pr.gov.br\/#\/schema\/person\/image\/","url":"https:\/\/secure.gravatar.com\/avatar\/6b2019b8516158d7cb6416618a3a2b45?s=96&d=mm&r=g","contentUrl":"https:\/\/secure.gravatar.com\/avatar\/6b2019b8516158d7cb6416618a3a2b45?s=96&d=mm&r=g","caption":"Juliano Lopes da Silva"},"url":"https:\/\/educacao.cambe.pr.gov.br\/index.php\/author\/jlsilva\/"}]}},"_links":{"self":[{"href":"https:\/\/educacao.cambe.pr.gov.br\/index.php\/wp-json\/wp\/v2\/posts\/2777","targetHints":{"allow":["GET"]}}],"collection":[{"href":"https:\/\/educacao.cambe.pr.gov.br\/index.php\/wp-json\/wp\/v2\/posts"}],"about":[{"href":"https:\/\/educacao.cambe.pr.gov.br\/index.php\/wp-json\/wp\/v2\/types\/post"}],"author":[{"embeddable":true,"href":"https:\/\/educacao.cambe.pr.gov.br\/index.php\/wp-json\/wp\/v2\/users\/7"}],"replies":[{"embeddable":true,"href":"https:\/\/educacao.cambe.pr.gov.br\/index.php\/wp-json\/wp\/v2\/comments?post=2777"}],"version-history":[{"count":3,"href":"https:\/\/educacao.cambe.pr.gov.br\/index.php\/wp-json\/wp\/v2\/posts\/2777\/revisions"}],"predecessor-version":[{"id":2780,"href":"https:\/\/educacao.cambe.pr.gov.br\/index.php\/wp-json\/wp\/v2\/posts\/2777\/revisions\/2780"}],"wp:attachment":[{"href":"https:\/\/educacao.cambe.pr.gov.br\/index.php\/wp-json\/wp\/v2\/media?parent=2777"}],"wp:term":[{"taxonomy":"category","embeddable":true,"href":"https:\/\/educacao.cambe.pr.gov.br\/index.php\/wp-json\/wp\/v2\/categories?post=2777"},{"taxonomy":"post_tag","embeddable":true,"href":"https:\/\/educacao.cambe.pr.gov.br\/index.php\/wp-json\/wp\/v2\/tags?post=2777"}],"curies":[{"name":"wp","href":"https:\/\/api.w.org\/{rel}","templated":true}]}}