{"id":1308,"date":"2022-04-27T11:05:19","date_gmt":"2022-04-27T14:05:19","guid":{"rendered":"http:\/\/educacao.cambe.pr.gov.br\/?p=1308"},"modified":"2024-10-08T08:26:22","modified_gmt":"2024-10-08T11:26:22","slug":"eleitos-novos-representantes-do-conselho-de-alimentacao-escolar-cae","status":"publish","type":"post","link":"https:\/\/educacao.cambe.pr.gov.br\/index.php\/eleitos-novos-representantes-do-conselho-de-alimentacao-escolar-cae\/","title":{"rendered":"Eleitos novos representantes do Conselho de Alimenta\u00e7\u00e3o Escolar &#8211; CAE."},"content":{"rendered":"<p style=\"text-align: justify;\"><span style=\"font-weight: 400;\">No \u00faltimo dia 14, o Conselho de Alimenta\u00e7\u00e3o Escolar &#8211; CAE realizou a elei\u00e7\u00e3o para substitui\u00e7\u00e3o de membros, conforme preconizado pelo Edital 01\/2022. As assembleias ocorreram de forma online, separadas por segmentos e foram transmitidas aos eleitores pelo Youtube, no <\/span><a href=\"https:\/\/www.youtube.com\/c\/SEMEDCAMB%C3%89\"><span style=\"font-weight: 400;\">canal da Secretaria Municipal de Educa\u00e7\u00e3o de Camb\u00e9 &#8211; SEMED<\/span><\/a><span style=\"font-weight: 400;\">.&nbsp;<\/span><\/p>\n<p style=\"text-align: justify;\"><span style=\"font-weight: 400;\">O mandato dos&nbsp; novos conselheiros eleitos seguir\u00e1 a vig\u00eancia de 04\/2021 a 04\/2025. <\/span><span style=\"font-weight: 400;\">Foram eleitos os seguintes representantes conforme seus respectivos segmentos para conselheiro (a) suplente no CAE:<\/span><\/p>\n<ol>\n<li style=\"font-weight: 400;\" aria-level=\"1\"><b>Docentes, Discentes ou Trabalhadores na \u00c1rea da Educa\u00e7\u00e3o da rede municipal de ensino;<\/b><\/li>\n<\/ol>\n<ul>\n<li style=\"font-weight: 400;\" aria-level=\"1\"><strong>J\u00e9ssica Lorraina da Silva G\u00e2mbaro<\/strong> &#8211; <span style=\"font-weight: 400;\">Diretora do CMEI Zilda Arns.<\/span><\/li>\n<\/ul>\n<ol>\n<li style=\"font-weight: 400;\" aria-level=\"1\"><b>Pais de Alunos da rede municipal e ensino;<\/b><\/li>\n<\/ol>\n<ul>\n<li style=\"font-weight: 400;\" aria-level=\"1\"><b>Sylvestre Sylvain &#8211; <\/b><span style=\"font-weight: 400;\">pai de aluna do CMEI Prof. Archimedes Clim\u00e9rio Mozer.<\/span><\/li>\n<li style=\"font-weight: 400;\" aria-level=\"1\"><b>Kallina Rafaela Dantas Sampaio Rodrigues<\/b><span style=\"font-weight: 400;\"> &#8211;&nbsp; m\u00e3e de alunos dos CMEIs Maria das Virgens e CMEI Hugo Gon\u00e7alves.<\/span><\/li>\n<\/ul>\n<ol>\n<li style=\"font-weight: 400;\" aria-level=\"1\"><b>Sociedade Civil organizada<\/b><\/li>\n<\/ol>\n<ul>\n<li style=\"font-weight: 400;\" aria-level=\"1\"><b>Sirlei Moreira da Rocha &#8211; <\/b><span style=\"font-weight: 400;\">Associa\u00e7\u00e3o de Pais e Amigos dos Excepcionais de Camb\u00e9<\/span><b>. <\/b><\/li>\n<li style=\"font-weight: 400;\" aria-level=\"1\"><b>V\u00e2nia Eliza Marquezzi &#8211;&nbsp; <\/b><span>Centro de Educa\u00e7\u00e3o Infantil Lar Mar\u00edlia Barbosa.<\/span><\/li>\n<\/ul>\n","protected":false},"excerpt":{"rendered":"<p>No \u00faltimo dia 14, o Conselho de Alimenta\u00e7\u00e3o Escolar &#8211; CAE realizou a elei\u00e7\u00e3o para substitui\u00e7\u00e3o de membros, conforme preconizado pelo Edital 01\/2022. As assembleias ocorreram de forma online, separadas por segmentos e foram transmitidas aos eleitores pelo Youtube, no canal da Secretaria Municipal de Educa\u00e7\u00e3o de Camb\u00e9 &#8211; SEMED.&nbsp; O mandato dos&nbsp; novos conselheiros [&hellip;]<\/p>\n","protected":false},"author":7,"featured_media":0,"comment_status":"closed","ping_status":"open","sticky":false,"template":"","format":"standard","meta":{"ngg_post_thumbnail":0,"footnotes":""},"categories":[43],"tags":[],"class_list":["post-1308","post","type-post","status-publish","format-standard","hentry","category-conselhos"],"yoast_head":"<!-- This site is optimized with the Yoast SEO plugin v24.4 - https:\/\/yoast.com\/wordpress\/plugins\/seo\/ -->\n<title>Eleitos novos representantes do Conselho de Alimenta\u00e7\u00e3o Escolar - CAE. - Secretaria de Educa\u00e7\u00e3o e Cultura<\/title>\n<meta name=\"robots\" content=\"index, follow, max-snippet:-1, max-image-preview:large, max-video-preview:-1\" \/>\n<link rel=\"canonical\" href=\"https:\/\/educacao.cambe.pr.gov.br\/index.php\/eleitos-novos-representantes-do-conselho-de-alimentacao-escolar-cae\/\" \/>\n<meta property=\"og:locale\" content=\"pt_BR\" \/>\n<meta property=\"og:type\" content=\"article\" \/>\n<meta property=\"og:title\" content=\"Eleitos novos representantes do Conselho de Alimenta\u00e7\u00e3o Escolar - CAE. - Secretaria de Educa\u00e7\u00e3o e Cultura\" \/>\n<meta property=\"og:description\" content=\"No \u00faltimo dia 14, o Conselho de Alimenta\u00e7\u00e3o Escolar &#8211; CAE realizou a elei\u00e7\u00e3o para substitui\u00e7\u00e3o de membros, conforme preconizado pelo Edital 01\/2022. As assembleias ocorreram de forma online, separadas por segmentos e foram transmitidas aos eleitores pelo Youtube, no canal da Secretaria Municipal de Educa\u00e7\u00e3o de Camb\u00e9 &#8211; SEMED.&nbsp; O mandato dos&nbsp; novos conselheiros [&hellip;]\" \/>\n<meta property=\"og:url\" content=\"https:\/\/educacao.cambe.pr.gov.br\/index.php\/eleitos-novos-representantes-do-conselho-de-alimentacao-escolar-cae\/\" \/>\n<meta property=\"og:site_name\" content=\"Secretaria de Educa\u00e7\u00e3o e Cultura\" \/>\n<meta property=\"article:published_time\" content=\"2022-04-27T14:05:19+00:00\" \/>\n<meta property=\"article:modified_time\" content=\"2024-10-08T11:26:22+00:00\" \/>\n<meta name=\"author\" content=\"Juliano Lopes da Silva\" \/>\n<meta name=\"twitter:card\" content=\"summary_large_image\" \/>\n<meta name=\"twitter:label1\" content=\"Escrito por\" \/>\n\t<meta name=\"twitter:data1\" content=\"Juliano Lopes da Silva\" \/>\n\t<meta name=\"twitter:label2\" content=\"Est. tempo de leitura\" \/>\n\t<meta name=\"twitter:data2\" content=\"1 minuto\" \/>\n<script type=\"application\/ld+json\" class=\"yoast-schema-graph\">{\"@context\":\"https:\/\/schema.org\",\"@graph\":[{\"@type\":\"Article\",\"@id\":\"https:\/\/educacao.cambe.pr.gov.br\/index.php\/eleitos-novos-representantes-do-conselho-de-alimentacao-escolar-cae\/#article\",\"isPartOf\":{\"@id\":\"https:\/\/educacao.cambe.pr.gov.br\/index.php\/eleitos-novos-representantes-do-conselho-de-alimentacao-escolar-cae\/\"},\"author\":{\"name\":\"Juliano Lopes da Silva\",\"@id\":\"https:\/\/educacao.cambe.pr.gov.br\/#\/schema\/person\/a194ff5a99ad942628443f37e7b98c85\"},\"headline\":\"Eleitos novos representantes do Conselho de Alimenta\u00e7\u00e3o Escolar &#8211; CAE.\",\"datePublished\":\"2022-04-27T14:05:19+00:00\",\"dateModified\":\"2024-10-08T11:26:22+00:00\",\"mainEntityOfPage\":{\"@id\":\"https:\/\/educacao.cambe.pr.gov.br\/index.php\/eleitos-novos-representantes-do-conselho-de-alimentacao-escolar-cae\/\"},\"wordCount\":194,\"publisher\":{\"@id\":\"https:\/\/educacao.cambe.pr.gov.br\/#organization\"},\"articleSection\":[\"CONSELHOS\"],\"inLanguage\":\"pt-BR\"},{\"@type\":\"WebPage\",\"@id\":\"https:\/\/educacao.cambe.pr.gov.br\/index.php\/eleitos-novos-representantes-do-conselho-de-alimentacao-escolar-cae\/\",\"url\":\"https:\/\/educacao.cambe.pr.gov.br\/index.php\/eleitos-novos-representantes-do-conselho-de-alimentacao-escolar-cae\/\",\"name\":\"Eleitos novos representantes do Conselho de Alimenta\u00e7\u00e3o Escolar - CAE. - Secretaria de Educa\u00e7\u00e3o e Cultura\",\"isPartOf\":{\"@id\":\"https:\/\/educacao.cambe.pr.gov.br\/#website\"},\"datePublished\":\"2022-04-27T14:05:19+00:00\",\"dateModified\":\"2024-10-08T11:26:22+00:00\",\"breadcrumb\":{\"@id\":\"https:\/\/educacao.cambe.pr.gov.br\/index.php\/eleitos-novos-representantes-do-conselho-de-alimentacao-escolar-cae\/#breadcrumb\"},\"inLanguage\":\"pt-BR\",\"potentialAction\":[{\"@type\":\"ReadAction\",\"target\":[\"https:\/\/educacao.cambe.pr.gov.br\/index.php\/eleitos-novos-representantes-do-conselho-de-alimentacao-escolar-cae\/\"]}]},{\"@type\":\"BreadcrumbList\",\"@id\":\"https:\/\/educacao.cambe.pr.gov.br\/index.php\/eleitos-novos-representantes-do-conselho-de-alimentacao-escolar-cae\/#breadcrumb\",\"itemListElement\":[{\"@type\":\"ListItem\",\"position\":1,\"name\":\"In\u00edcio\",\"item\":\"https:\/\/educacao.cambe.pr.gov.br\/\"},{\"@type\":\"ListItem\",\"position\":2,\"name\":\"Eleitos novos representantes do Conselho de Alimenta\u00e7\u00e3o Escolar &#8211; CAE.\"}]},{\"@type\":\"WebSite\",\"@id\":\"https:\/\/educacao.cambe.pr.gov.br\/#website\",\"url\":\"https:\/\/educacao.cambe.pr.gov.br\/\",\"name\":\"Secretaria de Educa\u00e7\u00e3o e Cultura\",\"description\":\"Prefeitura de Camb\u00e9\",\"publisher\":{\"@id\":\"https:\/\/educacao.cambe.pr.gov.br\/#organization\"},\"potentialAction\":[{\"@type\":\"SearchAction\",\"target\":{\"@type\":\"EntryPoint\",\"urlTemplate\":\"https:\/\/educacao.cambe.pr.gov.br\/?s={search_term_string}\"},\"query-input\":{\"@type\":\"PropertyValueSpecification\",\"valueRequired\":true,\"valueName\":\"search_term_string\"}}],\"inLanguage\":\"pt-BR\"},{\"@type\":\"Organization\",\"@id\":\"https:\/\/educacao.cambe.pr.gov.br\/#organization\",\"name\":\"Secretaria de Educa\u00e7\u00e3o e Cultura\",\"url\":\"https:\/\/educacao.cambe.pr.gov.br\/\",\"logo\":{\"@type\":\"ImageObject\",\"inLanguage\":\"pt-BR\",\"@id\":\"https:\/\/educacao.cambe.pr.gov.br\/#\/schema\/logo\/image\/\",\"url\":\"https:\/\/educacao.cambe.pr.gov.br\/wp-content\/uploads\/2020\/08\/cambe_rural_brazao-pq.png\",\"contentUrl\":\"https:\/\/educacao.cambe.pr.gov.br\/wp-content\/uploads\/2020\/08\/cambe_rural_brazao-pq.png\",\"width\":150,\"height\":150,\"caption\":\"Secretaria de Educa\u00e7\u00e3o e Cultura\"},\"image\":{\"@id\":\"https:\/\/educacao.cambe.pr.gov.br\/#\/schema\/logo\/image\/\"}},{\"@type\":\"Person\",\"@id\":\"https:\/\/educacao.cambe.pr.gov.br\/#\/schema\/person\/a194ff5a99ad942628443f37e7b98c85\",\"name\":\"Juliano Lopes da Silva\",\"image\":{\"@type\":\"ImageObject\",\"inLanguage\":\"pt-BR\",\"@id\":\"https:\/\/educacao.cambe.pr.gov.br\/#\/schema\/person\/image\/\",\"url\":\"https:\/\/secure.gravatar.com\/avatar\/6b2019b8516158d7cb6416618a3a2b45?s=96&d=mm&r=g\",\"contentUrl\":\"https:\/\/secure.gravatar.com\/avatar\/6b2019b8516158d7cb6416618a3a2b45?s=96&d=mm&r=g\",\"caption\":\"Juliano Lopes da Silva\"},\"url\":\"https:\/\/educacao.cambe.pr.gov.br\/index.php\/author\/jlsilva\/\"}]}<\/script>\n<!-- \/ Yoast SEO plugin. -->","yoast_head_json":{"title":"Eleitos novos representantes do Conselho de Alimenta\u00e7\u00e3o Escolar - CAE. - Secretaria de Educa\u00e7\u00e3o e Cultura","robots":{"index":"index","follow":"follow","max-snippet":"max-snippet:-1","max-image-preview":"max-image-preview:large","max-video-preview":"max-video-preview:-1"},"canonical":"https:\/\/educacao.cambe.pr.gov.br\/index.php\/eleitos-novos-representantes-do-conselho-de-alimentacao-escolar-cae\/","og_locale":"pt_BR","og_type":"article","og_title":"Eleitos novos representantes do Conselho de Alimenta\u00e7\u00e3o Escolar - CAE. - Secretaria de Educa\u00e7\u00e3o e Cultura","og_description":"No \u00faltimo dia 14, o Conselho de Alimenta\u00e7\u00e3o Escolar &#8211; CAE realizou a elei\u00e7\u00e3o para substitui\u00e7\u00e3o de membros, conforme preconizado pelo Edital 01\/2022. As assembleias ocorreram de forma online, separadas por segmentos e foram transmitidas aos eleitores pelo Youtube, no canal da Secretaria Municipal de Educa\u00e7\u00e3o de Camb\u00e9 &#8211; SEMED.&nbsp; O mandato dos&nbsp; novos conselheiros [&hellip;]","og_url":"https:\/\/educacao.cambe.pr.gov.br\/index.php\/eleitos-novos-representantes-do-conselho-de-alimentacao-escolar-cae\/","og_site_name":"Secretaria de Educa\u00e7\u00e3o e Cultura","article_published_time":"2022-04-27T14:05:19+00:00","article_modified_time":"2024-10-08T11:26:22+00:00","author":"Juliano Lopes da Silva","twitter_card":"summary_large_image","twitter_misc":{"Escrito por":"Juliano Lopes da Silva","Est. tempo de leitura":"1 minuto"},"schema":{"@context":"https:\/\/schema.org","@graph":[{"@type":"Article","@id":"https:\/\/educacao.cambe.pr.gov.br\/index.php\/eleitos-novos-representantes-do-conselho-de-alimentacao-escolar-cae\/#article","isPartOf":{"@id":"https:\/\/educacao.cambe.pr.gov.br\/index.php\/eleitos-novos-representantes-do-conselho-de-alimentacao-escolar-cae\/"},"author":{"name":"Juliano Lopes da Silva","@id":"https:\/\/educacao.cambe.pr.gov.br\/#\/schema\/person\/a194ff5a99ad942628443f37e7b98c85"},"headline":"Eleitos novos representantes do Conselho de Alimenta\u00e7\u00e3o Escolar &#8211; CAE.","datePublished":"2022-04-27T14:05:19+00:00","dateModified":"2024-10-08T11:26:22+00:00","mainEntityOfPage":{"@id":"https:\/\/educacao.cambe.pr.gov.br\/index.php\/eleitos-novos-representantes-do-conselho-de-alimentacao-escolar-cae\/"},"wordCount":194,"publisher":{"@id":"https:\/\/educacao.cambe.pr.gov.br\/#organization"},"articleSection":["CONSELHOS"],"inLanguage":"pt-BR"},{"@type":"WebPage","@id":"https:\/\/educacao.cambe.pr.gov.br\/index.php\/eleitos-novos-representantes-do-conselho-de-alimentacao-escolar-cae\/","url":"https:\/\/educacao.cambe.pr.gov.br\/index.php\/eleitos-novos-representantes-do-conselho-de-alimentacao-escolar-cae\/","name":"Eleitos novos representantes do Conselho de Alimenta\u00e7\u00e3o Escolar - CAE. - Secretaria de Educa\u00e7\u00e3o e Cultura","isPartOf":{"@id":"https:\/\/educacao.cambe.pr.gov.br\/#website"},"datePublished":"2022-04-27T14:05:19+00:00","dateModified":"2024-10-08T11:26:22+00:00","breadcrumb":{"@id":"https:\/\/educacao.cambe.pr.gov.br\/index.php\/eleitos-novos-representantes-do-conselho-de-alimentacao-escolar-cae\/#breadcrumb"},"inLanguage":"pt-BR","potentialAction":[{"@type":"ReadAction","target":["https:\/\/educacao.cambe.pr.gov.br\/index.php\/eleitos-novos-representantes-do-conselho-de-alimentacao-escolar-cae\/"]}]},{"@type":"BreadcrumbList","@id":"https:\/\/educacao.cambe.pr.gov.br\/index.php\/eleitos-novos-representantes-do-conselho-de-alimentacao-escolar-cae\/#breadcrumb","itemListElement":[{"@type":"ListItem","position":1,"name":"In\u00edcio","item":"https:\/\/educacao.cambe.pr.gov.br\/"},{"@type":"ListItem","position":2,"name":"Eleitos novos representantes do Conselho de Alimenta\u00e7\u00e3o Escolar &#8211; CAE."}]},{"@type":"WebSite","@id":"https:\/\/educacao.cambe.pr.gov.br\/#website","url":"https:\/\/educacao.cambe.pr.gov.br\/","name":"Secretaria de Educa\u00e7\u00e3o e Cultura","description":"Prefeitura de Camb\u00e9","publisher":{"@id":"https:\/\/educacao.cambe.pr.gov.br\/#organization"},"potentialAction":[{"@type":"SearchAction","target":{"@type":"EntryPoint","urlTemplate":"https:\/\/educacao.cambe.pr.gov.br\/?s={search_term_string}"},"query-input":{"@type":"PropertyValueSpecification","valueRequired":true,"valueName":"search_term_string"}}],"inLanguage":"pt-BR"},{"@type":"Organization","@id":"https:\/\/educacao.cambe.pr.gov.br\/#organization","name":"Secretaria de Educa\u00e7\u00e3o e Cultura","url":"https:\/\/educacao.cambe.pr.gov.br\/","logo":{"@type":"ImageObject","inLanguage":"pt-BR","@id":"https:\/\/educacao.cambe.pr.gov.br\/#\/schema\/logo\/image\/","url":"https:\/\/educacao.cambe.pr.gov.br\/wp-content\/uploads\/2020\/08\/cambe_rural_brazao-pq.png","contentUrl":"https:\/\/educacao.cambe.pr.gov.br\/wp-content\/uploads\/2020\/08\/cambe_rural_brazao-pq.png","width":150,"height":150,"caption":"Secretaria de Educa\u00e7\u00e3o e Cultura"},"image":{"@id":"https:\/\/educacao.cambe.pr.gov.br\/#\/schema\/logo\/image\/"}},{"@type":"Person","@id":"https:\/\/educacao.cambe.pr.gov.br\/#\/schema\/person\/a194ff5a99ad942628443f37e7b98c85","name":"Juliano Lopes da Silva","image":{"@type":"ImageObject","inLanguage":"pt-BR","@id":"https:\/\/educacao.cambe.pr.gov.br\/#\/schema\/person\/image\/","url":"https:\/\/secure.gravatar.com\/avatar\/6b2019b8516158d7cb6416618a3a2b45?s=96&d=mm&r=g","contentUrl":"https:\/\/secure.gravatar.com\/avatar\/6b2019b8516158d7cb6416618a3a2b45?s=96&d=mm&r=g","caption":"Juliano Lopes da Silva"},"url":"https:\/\/educacao.cambe.pr.gov.br\/index.php\/author\/jlsilva\/"}]}},"_links":{"self":[{"href":"https:\/\/educacao.cambe.pr.gov.br\/index.php\/wp-json\/wp\/v2\/posts\/1308","targetHints":{"allow":["GET"]}}],"collection":[{"href":"https:\/\/educacao.cambe.pr.gov.br\/index.php\/wp-json\/wp\/v2\/posts"}],"about":[{"href":"https:\/\/educacao.cambe.pr.gov.br\/index.php\/wp-json\/wp\/v2\/types\/post"}],"author":[{"embeddable":true,"href":"https:\/\/educacao.cambe.pr.gov.br\/index.php\/wp-json\/wp\/v2\/users\/7"}],"replies":[{"embeddable":true,"href":"https:\/\/educacao.cambe.pr.gov.br\/index.php\/wp-json\/wp\/v2\/comments?post=1308"}],"version-history":[{"count":2,"href":"https:\/\/educacao.cambe.pr.gov.br\/index.php\/wp-json\/wp\/v2\/posts\/1308\/revisions"}],"predecessor-version":[{"id":1310,"href":"https:\/\/educacao.cambe.pr.gov.br\/index.php\/wp-json\/wp\/v2\/posts\/1308\/revisions\/1310"}],"wp:attachment":[{"href":"https:\/\/educacao.cambe.pr.gov.br\/index.php\/wp-json\/wp\/v2\/media?parent=1308"}],"wp:term":[{"taxonomy":"category","embeddable":true,"href":"https:\/\/educacao.cambe.pr.gov.br\/index.php\/wp-json\/wp\/v2\/categories?post=1308"},{"taxonomy":"post_tag","embeddable":true,"href":"https:\/\/educacao.cambe.pr.gov.br\/index.php\/wp-json\/wp\/v2\/tags?post=1308"}],"curies":[{"name":"wp","href":"https:\/\/api.w.org\/{rel}","templated":true}]}}