{"id":1111,"date":"2021-11-17T14:02:18","date_gmt":"2021-11-17T17:02:18","guid":{"rendered":"http:\/\/educacao.cambe.pr.gov.br\/?p=1111"},"modified":"2024-10-08T08:26:23","modified_gmt":"2024-10-08T11:26:23","slug":"convocacao-dos-assistentes-de-alfabetizacao-para-o-programa-tempo-de-aprender","status":"publish","type":"post","link":"https:\/\/educacao.cambe.pr.gov.br\/index.php\/convocacao-dos-assistentes-de-alfabetizacao-para-o-programa-tempo-de-aprender\/","title":{"rendered":"Convoca\u00e7\u00e3o dos Assistentes de Alfabetiza\u00e7\u00e3o para o Programa Tempo de Aprender"},"content":{"rendered":"<p style=\"text-align: justify;\"><span style=\"font-weight: 400;\">Conforme disposto no Edital N\u00ba 001\/2021, de 10 de setembro de 2021,&nbsp; a Secretaria Municipal de Educa\u00e7\u00e3o realizar\u00e1 a distribui\u00e7\u00e3o de turmas e escolas aos classificados a Assistentes de Alfabetiza\u00e7\u00e3o. Os convocados iniciar\u00e3o as suas atividades nas escolas municipais de Camb\u00e9, com previs\u00e3o de in\u00edcio para o ano letivo de 2022.&nbsp;<\/span><\/p>\n<p style=\"text-align: justify;\"><span style=\"font-weight: 400;\">Os Assistentes convocados dever\u00e3o comparecer \u00e0 <\/span><b>Escola Municipal Prof. Jac\u00eddio Correia <\/b><span style=\"font-weight: 400;\">(Rua Bar\u00e3o do Rio Branco, 255, Centro, Camb\u00e9), \u00e0s <\/span><b>8h<\/b><span style=\"font-weight: 400;\">, no dia <\/span><b>08\/12\/2021<\/b><span style=\"font-weight: 400;\">.<\/span><\/p>\n<p style=\"text-align: justify;\"><span style=\"font-weight: 400;\">Em primeira convoca\u00e7\u00e3o s\u00e3o chamados os vinte primeiros classificados, sendo:<\/span><\/p>\n<table dir=\"ltr\" style=\"border-color: #000000;\" border=\"1\" cellspacing=\"0\" cellpadding=\"0\">\n<colgroup>\n<col width=\"49\">\n<col width=\"463\"><\/colgroup>\n<tbody>\n<tr>\n<td colspan=\"2\" rowspan=\"1\" data-sheets-value=\"{&quot;1&quot;:2,&quot;2&quot;:&quot;CLASSIFICA\u00c7\u00c3O GERAL E RESULTADOS FINAIS DO EDITAL N\u00ba001\/2021&quot;}\">CLASSIFICA\u00c7\u00c3O GERAL E RESULTADOS FINAIS DO EDITAL N\u00ba001\/2021<\/td>\n<\/tr>\n<tr>\n<td data-sheets-value=\"{&quot;1&quot;:2,&quot;2&quot;:&quot;N\u00ba&quot;}\">N\u00ba<\/td>\n<td data-sheets-value=\"{&quot;1&quot;:2,&quot;2&quot;:&quot;Nome completo (sem abrevia\u00e7\u00e3o).&quot;}\">Nome completo (sem abrevia\u00e7\u00e3o).<\/td>\n<\/tr>\n<tr>\n<td data-sheets-value=\"{&quot;1&quot;:3,&quot;3&quot;:1}\">1<\/td>\n<td data-sheets-value=\"{&quot;1&quot;:2,&quot;2&quot;:&quot;Santa de Matos Paviani&quot;}\">Santa de Matos Paviani<\/td>\n<\/tr>\n<tr>\n<td data-sheets-value=\"{&quot;1&quot;:3,&quot;3&quot;:2}\">2<\/td>\n<td data-sheets-value=\"{&quot;1&quot;:2,&quot;2&quot;:&quot;Maria C\u00e9lia Araujo Coelho&quot;}\">Maria C\u00e9lia Araujo Coelho<\/td>\n<\/tr>\n<tr>\n<td data-sheets-value=\"{&quot;1&quot;:3,&quot;3&quot;:3}\">3<\/td>\n<td data-sheets-value=\"{&quot;1&quot;:2,&quot;2&quot;:&quot;Vera Ferreira Teixeira&quot;}\">Vera Ferreira Teixeira<\/td>\n<\/tr>\n<tr>\n<td data-sheets-value=\"{&quot;1&quot;:3,&quot;3&quot;:4}\">4<\/td>\n<td data-sheets-value=\"{&quot;1&quot;:2,&quot;2&quot;:&quot;Gl\u00e1ucia Angelita de Carvalho Werpachh\u00f3wski&quot;}\">Gl\u00e1ucia Angelita de Carvalho Werpachh\u00f3wski<\/td>\n<\/tr>\n<tr>\n<td data-sheets-value=\"{&quot;1&quot;:3,&quot;3&quot;:5}\">5<\/td>\n<td data-sheets-value=\"{&quot;1&quot;:2,&quot;2&quot;:&quot;Rodrigo Alexandre Cavalarini Faustino&quot;}\">Rodrigo Alexandre Cavalarini Faustino<\/td>\n<\/tr>\n<tr>\n<td data-sheets-value=\"{&quot;1&quot;:3,&quot;3&quot;:6}\">6<\/td>\n<td data-sheets-value=\"{&quot;1&quot;:2,&quot;2&quot;:&quot;Amanda Tamie Ida&quot;}\">Amanda Tamie Ida<\/td>\n<\/tr>\n<tr>\n<td data-sheets-value=\"{&quot;1&quot;:3,&quot;3&quot;:7}\">7<\/td>\n<td data-sheets-value=\"{&quot;1&quot;:2,&quot;2&quot;:&quot;Mayra Ully Ramos Andrade&quot;}\">Mayra Ully Ramos Andrade<\/td>\n<\/tr>\n<tr>\n<td data-sheets-value=\"{&quot;1&quot;:3,&quot;3&quot;:8}\">8<\/td>\n<td data-sheets-value=\"{&quot;1&quot;:2,&quot;2&quot;:&quot;Rose Meire dos Santos&quot;}\">Rose Meire dos Santos<\/td>\n<\/tr>\n<tr>\n<td data-sheets-value=\"{&quot;1&quot;:3,&quot;3&quot;:9}\">9<\/td>\n<td data-sheets-value=\"{&quot;1&quot;:2,&quot;2&quot;:&quot;Nath\u00e1lia de Lima de Souza&quot;}\">Nath\u00e1lia de Lima de Souza<\/td>\n<\/tr>\n<tr>\n<td data-sheets-value=\"{&quot;1&quot;:3,&quot;3&quot;:10}\">10<\/td>\n<td data-sheets-value=\"{&quot;1&quot;:2,&quot;2&quot;:&quot;Mayla Tais Silva Julio&quot;}\">Mayla Tais Silva Julio<\/td>\n<\/tr>\n<tr>\n<td data-sheets-value=\"{&quot;1&quot;:3,&quot;3&quot;:11}\">11<\/td>\n<td data-sheets-value=\"{&quot;1&quot;:2,&quot;2&quot;:&quot;Karina Dalmarco Sant\u2019ana&quot;}\">Karina Dalmarco Sant\u2019ana<\/td>\n<\/tr>\n<tr>\n<td data-sheets-value=\"{&quot;1&quot;:3,&quot;3&quot;:12}\">12<\/td>\n<td data-sheets-value=\"{&quot;1&quot;:2,&quot;2&quot;:&quot;Ra\u00edne B\u00e1rbara Borazio Garcia&quot;}\">Ra\u00edne B\u00e1rbara Borazio Garcia<\/td>\n<\/tr>\n<tr>\n<td data-sheets-value=\"{&quot;1&quot;:3,&quot;3&quot;:13}\">13<\/td>\n<td data-sheets-value=\"{&quot;1&quot;:2,&quot;2&quot;:&quot;Maria Isabel do Amaral Nicacio&quot;}\">Maria Isabel do Amaral Nicacio<\/td>\n<\/tr>\n<tr>\n<td data-sheets-value=\"{&quot;1&quot;:3,&quot;3&quot;:14}\">14<\/td>\n<td data-sheets-value=\"{&quot;1&quot;:2,&quot;2&quot;:&quot;Elmira Dionizio Abr\u00e3o&quot;}\">Elmira Dionizio Abr\u00e3o<\/td>\n<\/tr>\n<tr>\n<td data-sheets-value=\"{&quot;1&quot;:3,&quot;3&quot;:15}\">15<\/td>\n<td data-sheets-value=\"{&quot;1&quot;:2,&quot;2&quot;:&quot;Debora de Paula Santos&quot;}\">Debora de Paula Santos<\/td>\n<\/tr>\n<tr>\n<td data-sheets-value=\"{&quot;1&quot;:3,&quot;3&quot;:16}\">16<\/td>\n<td data-sheets-value=\"{&quot;1&quot;:2,&quot;2&quot;:&quot;Pedro Olivieri Fonseca&quot;}\">Pedro Olivieri Fonseca<\/td>\n<\/tr>\n<tr>\n<td data-sheets-value=\"{&quot;1&quot;:3,&quot;3&quot;:17}\">17<\/td>\n<td data-sheets-value=\"{&quot;1&quot;:2,&quot;2&quot;:&quot;Franciele Pereira Dutra&quot;}\">Franciele Pereira Dutra<\/td>\n<\/tr>\n<tr>\n<td data-sheets-value=\"{&quot;1&quot;:3,&quot;3&quot;:18}\">18<\/td>\n<td data-sheets-value=\"{&quot;1&quot;:2,&quot;2&quot;:&quot;Gabrielle Haddad&quot;}\">Gabrielle Haddad<\/td>\n<\/tr>\n<tr>\n<td data-sheets-value=\"{&quot;1&quot;:3,&quot;3&quot;:19}\">19<\/td>\n<td data-sheets-value=\"{&quot;1&quot;:2,&quot;2&quot;:&quot;Nathalya Luana Fernandes&quot;}\">Nathalya Luana Fernandes<\/td>\n<\/tr>\n<tr>\n<td data-sheets-value=\"{&quot;1&quot;:3,&quot;3&quot;:20}\">20<\/td>\n<td data-sheets-value=\"{&quot;1&quot;:2,&quot;2&quot;:&quot;Fernanda da Silva Pereira Donadon&quot;}\">Fernanda da Silva Pereira Donadon<\/td>\n<\/tr>\n<\/tbody>\n<\/table>\n<p style=\"text-align: justify;\">No dia 08\/12, os Assistentes de Alfabetiza\u00e7\u00e3o devem <strong>apresentar um documento Oficial com foto.<\/strong><\/p>\n","protected":false},"excerpt":{"rendered":"<p>Conforme disposto no Edital N\u00ba 001\/2021, de 10 de setembro de 2021,&nbsp; a Secretaria Municipal de Educa\u00e7\u00e3o realizar\u00e1 a distribui\u00e7\u00e3o de turmas e escolas aos classificados a Assistentes de Alfabetiza\u00e7\u00e3o. Os convocados iniciar\u00e3o as suas atividades nas escolas municipais de Camb\u00e9, com previs\u00e3o de in\u00edcio para o ano letivo de 2022.&nbsp; Os Assistentes convocados dever\u00e3o [&hellip;]<\/p>\n","protected":false},"author":7,"featured_media":0,"comment_status":"closed","ping_status":"open","sticky":false,"template":"","format":"standard","meta":{"ngg_post_thumbnail":0,"footnotes":""},"categories":[1],"tags":[],"class_list":["post-1111","post","type-post","status-publish","format-standard","hentry","category-educacao"],"yoast_head":"<!-- This site is optimized with the Yoast SEO plugin v24.4 - https:\/\/yoast.com\/wordpress\/plugins\/seo\/ -->\n<title>Convoca\u00e7\u00e3o dos Assistentes de Alfabetiza\u00e7\u00e3o para o Programa Tempo de Aprender - Secretaria de Educa\u00e7\u00e3o e Cultura<\/title>\n<meta name=\"robots\" content=\"index, follow, max-snippet:-1, max-image-preview:large, max-video-preview:-1\" \/>\n<link rel=\"canonical\" href=\"https:\/\/educacao.cambe.pr.gov.br\/index.php\/convocacao-dos-assistentes-de-alfabetizacao-para-o-programa-tempo-de-aprender\/\" \/>\n<meta property=\"og:locale\" content=\"pt_BR\" \/>\n<meta property=\"og:type\" content=\"article\" \/>\n<meta property=\"og:title\" content=\"Convoca\u00e7\u00e3o dos Assistentes de Alfabetiza\u00e7\u00e3o para o Programa Tempo de Aprender - Secretaria de Educa\u00e7\u00e3o e Cultura\" \/>\n<meta property=\"og:description\" content=\"Conforme disposto no Edital N\u00ba 001\/2021, de 10 de setembro de 2021,&nbsp; a Secretaria Municipal de Educa\u00e7\u00e3o realizar\u00e1 a distribui\u00e7\u00e3o de turmas e escolas aos classificados a Assistentes de Alfabetiza\u00e7\u00e3o. Os convocados iniciar\u00e3o as suas atividades nas escolas municipais de Camb\u00e9, com previs\u00e3o de in\u00edcio para o ano letivo de 2022.&nbsp; Os Assistentes convocados dever\u00e3o [&hellip;]\" \/>\n<meta property=\"og:url\" content=\"https:\/\/educacao.cambe.pr.gov.br\/index.php\/convocacao-dos-assistentes-de-alfabetizacao-para-o-programa-tempo-de-aprender\/\" \/>\n<meta property=\"og:site_name\" content=\"Secretaria de Educa\u00e7\u00e3o e Cultura\" \/>\n<meta property=\"article:published_time\" content=\"2021-11-17T17:02:18+00:00\" \/>\n<meta property=\"article:modified_time\" content=\"2024-10-08T11:26:23+00:00\" \/>\n<meta name=\"author\" content=\"Juliano Lopes da Silva\" \/>\n<meta name=\"twitter:card\" content=\"summary_large_image\" \/>\n<meta name=\"twitter:label1\" content=\"Escrito por\" \/>\n\t<meta name=\"twitter:data1\" content=\"Juliano Lopes da Silva\" \/>\n\t<meta name=\"twitter:label2\" content=\"Est. tempo de leitura\" \/>\n\t<meta name=\"twitter:data2\" content=\"1 minuto\" \/>\n<script type=\"application\/ld+json\" class=\"yoast-schema-graph\">{\"@context\":\"https:\/\/schema.org\",\"@graph\":[{\"@type\":\"Article\",\"@id\":\"https:\/\/educacao.cambe.pr.gov.br\/index.php\/convocacao-dos-assistentes-de-alfabetizacao-para-o-programa-tempo-de-aprender\/#article\",\"isPartOf\":{\"@id\":\"https:\/\/educacao.cambe.pr.gov.br\/index.php\/convocacao-dos-assistentes-de-alfabetizacao-para-o-programa-tempo-de-aprender\/\"},\"author\":{\"name\":\"Juliano Lopes da Silva\",\"@id\":\"https:\/\/educacao.cambe.pr.gov.br\/#\/schema\/person\/a194ff5a99ad942628443f37e7b98c85\"},\"headline\":\"Convoca\u00e7\u00e3o dos Assistentes de Alfabetiza\u00e7\u00e3o para o Programa Tempo de Aprender\",\"datePublished\":\"2021-11-17T17:02:18+00:00\",\"dateModified\":\"2024-10-08T11:26:23+00:00\",\"mainEntityOfPage\":{\"@id\":\"https:\/\/educacao.cambe.pr.gov.br\/index.php\/convocacao-dos-assistentes-de-alfabetizacao-para-o-programa-tempo-de-aprender\/\"},\"wordCount\":216,\"publisher\":{\"@id\":\"https:\/\/educacao.cambe.pr.gov.br\/#organization\"},\"articleSection\":[\"Educa\u00e7\u00e3o\"],\"inLanguage\":\"pt-BR\"},{\"@type\":\"WebPage\",\"@id\":\"https:\/\/educacao.cambe.pr.gov.br\/index.php\/convocacao-dos-assistentes-de-alfabetizacao-para-o-programa-tempo-de-aprender\/\",\"url\":\"https:\/\/educacao.cambe.pr.gov.br\/index.php\/convocacao-dos-assistentes-de-alfabetizacao-para-o-programa-tempo-de-aprender\/\",\"name\":\"Convoca\u00e7\u00e3o dos Assistentes de Alfabetiza\u00e7\u00e3o para o Programa Tempo de Aprender - Secretaria de Educa\u00e7\u00e3o e Cultura\",\"isPartOf\":{\"@id\":\"https:\/\/educacao.cambe.pr.gov.br\/#website\"},\"datePublished\":\"2021-11-17T17:02:18+00:00\",\"dateModified\":\"2024-10-08T11:26:23+00:00\",\"breadcrumb\":{\"@id\":\"https:\/\/educacao.cambe.pr.gov.br\/index.php\/convocacao-dos-assistentes-de-alfabetizacao-para-o-programa-tempo-de-aprender\/#breadcrumb\"},\"inLanguage\":\"pt-BR\",\"potentialAction\":[{\"@type\":\"ReadAction\",\"target\":[\"https:\/\/educacao.cambe.pr.gov.br\/index.php\/convocacao-dos-assistentes-de-alfabetizacao-para-o-programa-tempo-de-aprender\/\"]}]},{\"@type\":\"BreadcrumbList\",\"@id\":\"https:\/\/educacao.cambe.pr.gov.br\/index.php\/convocacao-dos-assistentes-de-alfabetizacao-para-o-programa-tempo-de-aprender\/#breadcrumb\",\"itemListElement\":[{\"@type\":\"ListItem\",\"position\":1,\"name\":\"In\u00edcio\",\"item\":\"https:\/\/educacao.cambe.pr.gov.br\/\"},{\"@type\":\"ListItem\",\"position\":2,\"name\":\"Convoca\u00e7\u00e3o dos Assistentes de Alfabetiza\u00e7\u00e3o para o Programa Tempo de Aprender\"}]},{\"@type\":\"WebSite\",\"@id\":\"https:\/\/educacao.cambe.pr.gov.br\/#website\",\"url\":\"https:\/\/educacao.cambe.pr.gov.br\/\",\"name\":\"Secretaria de Educa\u00e7\u00e3o e Cultura\",\"description\":\"Prefeitura de Camb\u00e9\",\"publisher\":{\"@id\":\"https:\/\/educacao.cambe.pr.gov.br\/#organization\"},\"potentialAction\":[{\"@type\":\"SearchAction\",\"target\":{\"@type\":\"EntryPoint\",\"urlTemplate\":\"https:\/\/educacao.cambe.pr.gov.br\/?s={search_term_string}\"},\"query-input\":{\"@type\":\"PropertyValueSpecification\",\"valueRequired\":true,\"valueName\":\"search_term_string\"}}],\"inLanguage\":\"pt-BR\"},{\"@type\":\"Organization\",\"@id\":\"https:\/\/educacao.cambe.pr.gov.br\/#organization\",\"name\":\"Secretaria de Educa\u00e7\u00e3o e Cultura\",\"url\":\"https:\/\/educacao.cambe.pr.gov.br\/\",\"logo\":{\"@type\":\"ImageObject\",\"inLanguage\":\"pt-BR\",\"@id\":\"https:\/\/educacao.cambe.pr.gov.br\/#\/schema\/logo\/image\/\",\"url\":\"https:\/\/educacao.cambe.pr.gov.br\/wp-content\/uploads\/2020\/08\/cambe_rural_brazao-pq.png\",\"contentUrl\":\"https:\/\/educacao.cambe.pr.gov.br\/wp-content\/uploads\/2020\/08\/cambe_rural_brazao-pq.png\",\"width\":150,\"height\":150,\"caption\":\"Secretaria de Educa\u00e7\u00e3o e Cultura\"},\"image\":{\"@id\":\"https:\/\/educacao.cambe.pr.gov.br\/#\/schema\/logo\/image\/\"}},{\"@type\":\"Person\",\"@id\":\"https:\/\/educacao.cambe.pr.gov.br\/#\/schema\/person\/a194ff5a99ad942628443f37e7b98c85\",\"name\":\"Juliano Lopes da Silva\",\"image\":{\"@type\":\"ImageObject\",\"inLanguage\":\"pt-BR\",\"@id\":\"https:\/\/educacao.cambe.pr.gov.br\/#\/schema\/person\/image\/\",\"url\":\"https:\/\/secure.gravatar.com\/avatar\/6b2019b8516158d7cb6416618a3a2b45?s=96&d=mm&r=g\",\"contentUrl\":\"https:\/\/secure.gravatar.com\/avatar\/6b2019b8516158d7cb6416618a3a2b45?s=96&d=mm&r=g\",\"caption\":\"Juliano Lopes da Silva\"},\"url\":\"https:\/\/educacao.cambe.pr.gov.br\/index.php\/author\/jlsilva\/\"}]}<\/script>\n<!-- \/ Yoast SEO plugin. -->","yoast_head_json":{"title":"Convoca\u00e7\u00e3o dos Assistentes de Alfabetiza\u00e7\u00e3o para o Programa Tempo de Aprender - Secretaria de Educa\u00e7\u00e3o e Cultura","robots":{"index":"index","follow":"follow","max-snippet":"max-snippet:-1","max-image-preview":"max-image-preview:large","max-video-preview":"max-video-preview:-1"},"canonical":"https:\/\/educacao.cambe.pr.gov.br\/index.php\/convocacao-dos-assistentes-de-alfabetizacao-para-o-programa-tempo-de-aprender\/","og_locale":"pt_BR","og_type":"article","og_title":"Convoca\u00e7\u00e3o dos Assistentes de Alfabetiza\u00e7\u00e3o para o Programa Tempo de Aprender - Secretaria de Educa\u00e7\u00e3o e Cultura","og_description":"Conforme disposto no Edital N\u00ba 001\/2021, de 10 de setembro de 2021,&nbsp; a Secretaria Municipal de Educa\u00e7\u00e3o realizar\u00e1 a distribui\u00e7\u00e3o de turmas e escolas aos classificados a Assistentes de Alfabetiza\u00e7\u00e3o. Os convocados iniciar\u00e3o as suas atividades nas escolas municipais de Camb\u00e9, com previs\u00e3o de in\u00edcio para o ano letivo de 2022.&nbsp; Os Assistentes convocados dever\u00e3o [&hellip;]","og_url":"https:\/\/educacao.cambe.pr.gov.br\/index.php\/convocacao-dos-assistentes-de-alfabetizacao-para-o-programa-tempo-de-aprender\/","og_site_name":"Secretaria de Educa\u00e7\u00e3o e Cultura","article_published_time":"2021-11-17T17:02:18+00:00","article_modified_time":"2024-10-08T11:26:23+00:00","author":"Juliano Lopes da Silva","twitter_card":"summary_large_image","twitter_misc":{"Escrito por":"Juliano Lopes da Silva","Est. tempo de leitura":"1 minuto"},"schema":{"@context":"https:\/\/schema.org","@graph":[{"@type":"Article","@id":"https:\/\/educacao.cambe.pr.gov.br\/index.php\/convocacao-dos-assistentes-de-alfabetizacao-para-o-programa-tempo-de-aprender\/#article","isPartOf":{"@id":"https:\/\/educacao.cambe.pr.gov.br\/index.php\/convocacao-dos-assistentes-de-alfabetizacao-para-o-programa-tempo-de-aprender\/"},"author":{"name":"Juliano Lopes da Silva","@id":"https:\/\/educacao.cambe.pr.gov.br\/#\/schema\/person\/a194ff5a99ad942628443f37e7b98c85"},"headline":"Convoca\u00e7\u00e3o dos Assistentes de Alfabetiza\u00e7\u00e3o para o Programa Tempo de Aprender","datePublished":"2021-11-17T17:02:18+00:00","dateModified":"2024-10-08T11:26:23+00:00","mainEntityOfPage":{"@id":"https:\/\/educacao.cambe.pr.gov.br\/index.php\/convocacao-dos-assistentes-de-alfabetizacao-para-o-programa-tempo-de-aprender\/"},"wordCount":216,"publisher":{"@id":"https:\/\/educacao.cambe.pr.gov.br\/#organization"},"articleSection":["Educa\u00e7\u00e3o"],"inLanguage":"pt-BR"},{"@type":"WebPage","@id":"https:\/\/educacao.cambe.pr.gov.br\/index.php\/convocacao-dos-assistentes-de-alfabetizacao-para-o-programa-tempo-de-aprender\/","url":"https:\/\/educacao.cambe.pr.gov.br\/index.php\/convocacao-dos-assistentes-de-alfabetizacao-para-o-programa-tempo-de-aprender\/","name":"Convoca\u00e7\u00e3o dos Assistentes de Alfabetiza\u00e7\u00e3o para o Programa Tempo de Aprender - Secretaria de Educa\u00e7\u00e3o e Cultura","isPartOf":{"@id":"https:\/\/educacao.cambe.pr.gov.br\/#website"},"datePublished":"2021-11-17T17:02:18+00:00","dateModified":"2024-10-08T11:26:23+00:00","breadcrumb":{"@id":"https:\/\/educacao.cambe.pr.gov.br\/index.php\/convocacao-dos-assistentes-de-alfabetizacao-para-o-programa-tempo-de-aprender\/#breadcrumb"},"inLanguage":"pt-BR","potentialAction":[{"@type":"ReadAction","target":["https:\/\/educacao.cambe.pr.gov.br\/index.php\/convocacao-dos-assistentes-de-alfabetizacao-para-o-programa-tempo-de-aprender\/"]}]},{"@type":"BreadcrumbList","@id":"https:\/\/educacao.cambe.pr.gov.br\/index.php\/convocacao-dos-assistentes-de-alfabetizacao-para-o-programa-tempo-de-aprender\/#breadcrumb","itemListElement":[{"@type":"ListItem","position":1,"name":"In\u00edcio","item":"https:\/\/educacao.cambe.pr.gov.br\/"},{"@type":"ListItem","position":2,"name":"Convoca\u00e7\u00e3o dos Assistentes de Alfabetiza\u00e7\u00e3o para o Programa Tempo de Aprender"}]},{"@type":"WebSite","@id":"https:\/\/educacao.cambe.pr.gov.br\/#website","url":"https:\/\/educacao.cambe.pr.gov.br\/","name":"Secretaria de Educa\u00e7\u00e3o e Cultura","description":"Prefeitura de Camb\u00e9","publisher":{"@id":"https:\/\/educacao.cambe.pr.gov.br\/#organization"},"potentialAction":[{"@type":"SearchAction","target":{"@type":"EntryPoint","urlTemplate":"https:\/\/educacao.cambe.pr.gov.br\/?s={search_term_string}"},"query-input":{"@type":"PropertyValueSpecification","valueRequired":true,"valueName":"search_term_string"}}],"inLanguage":"pt-BR"},{"@type":"Organization","@id":"https:\/\/educacao.cambe.pr.gov.br\/#organization","name":"Secretaria de Educa\u00e7\u00e3o e Cultura","url":"https:\/\/educacao.cambe.pr.gov.br\/","logo":{"@type":"ImageObject","inLanguage":"pt-BR","@id":"https:\/\/educacao.cambe.pr.gov.br\/#\/schema\/logo\/image\/","url":"https:\/\/educacao.cambe.pr.gov.br\/wp-content\/uploads\/2020\/08\/cambe_rural_brazao-pq.png","contentUrl":"https:\/\/educacao.cambe.pr.gov.br\/wp-content\/uploads\/2020\/08\/cambe_rural_brazao-pq.png","width":150,"height":150,"caption":"Secretaria de Educa\u00e7\u00e3o e Cultura"},"image":{"@id":"https:\/\/educacao.cambe.pr.gov.br\/#\/schema\/logo\/image\/"}},{"@type":"Person","@id":"https:\/\/educacao.cambe.pr.gov.br\/#\/schema\/person\/a194ff5a99ad942628443f37e7b98c85","name":"Juliano Lopes da Silva","image":{"@type":"ImageObject","inLanguage":"pt-BR","@id":"https:\/\/educacao.cambe.pr.gov.br\/#\/schema\/person\/image\/","url":"https:\/\/secure.gravatar.com\/avatar\/6b2019b8516158d7cb6416618a3a2b45?s=96&d=mm&r=g","contentUrl":"https:\/\/secure.gravatar.com\/avatar\/6b2019b8516158d7cb6416618a3a2b45?s=96&d=mm&r=g","caption":"Juliano Lopes da Silva"},"url":"https:\/\/educacao.cambe.pr.gov.br\/index.php\/author\/jlsilva\/"}]}},"_links":{"self":[{"href":"https:\/\/educacao.cambe.pr.gov.br\/index.php\/wp-json\/wp\/v2\/posts\/1111","targetHints":{"allow":["GET"]}}],"collection":[{"href":"https:\/\/educacao.cambe.pr.gov.br\/index.php\/wp-json\/wp\/v2\/posts"}],"about":[{"href":"https:\/\/educacao.cambe.pr.gov.br\/index.php\/wp-json\/wp\/v2\/types\/post"}],"author":[{"embeddable":true,"href":"https:\/\/educacao.cambe.pr.gov.br\/index.php\/wp-json\/wp\/v2\/users\/7"}],"replies":[{"embeddable":true,"href":"https:\/\/educacao.cambe.pr.gov.br\/index.php\/wp-json\/wp\/v2\/comments?post=1111"}],"version-history":[{"count":3,"href":"https:\/\/educacao.cambe.pr.gov.br\/index.php\/wp-json\/wp\/v2\/posts\/1111\/revisions"}],"predecessor-version":[{"id":1114,"href":"https:\/\/educacao.cambe.pr.gov.br\/index.php\/wp-json\/wp\/v2\/posts\/1111\/revisions\/1114"}],"wp:attachment":[{"href":"https:\/\/educacao.cambe.pr.gov.br\/index.php\/wp-json\/wp\/v2\/media?parent=1111"}],"wp:term":[{"taxonomy":"category","embeddable":true,"href":"https:\/\/educacao.cambe.pr.gov.br\/index.php\/wp-json\/wp\/v2\/categories?post=1111"},{"taxonomy":"post_tag","embeddable":true,"href":"https:\/\/educacao.cambe.pr.gov.br\/index.php\/wp-json\/wp\/v2\/tags?post=1111"}],"curies":[{"name":"wp","href":"https:\/\/api.w.org\/{rel}","templated":true}]}}