{"id":1089,"date":"2021-11-10T09:02:29","date_gmt":"2021-11-10T12:02:29","guid":{"rendered":"http:\/\/educacao.cambe.pr.gov.br\/?p=1089"},"modified":"2024-10-08T08:26:23","modified_gmt":"2024-10-08T11:26:23","slug":"3o-etapa-de-inscricao-para-os-candidatos-a-direcao-escolar","status":"publish","type":"post","link":"https:\/\/educacao.cambe.pr.gov.br\/index.php\/3o-etapa-de-inscricao-para-os-candidatos-a-direcao-escolar\/","title":{"rendered":"3\u00ba Etapa de Inscri\u00e7\u00e3o para os Candidatos a Dire\u00e7\u00e3o Escolar"},"content":{"rendered":"<p style=\"text-align: justify;\">Est\u00e3o abertas entre os dias 10 e 11 de novembro de 2021 as inscri\u00e7\u00f5es para a 3\u00ba etapa do Processo para Designa\u00e7\u00e3o de Diretor Escolar, sendo esta uma etapa eliminat\u00f3ria. Conforme Decreto 518\/2021 (Artigo 5, Inciso III) os candidatos dever\u00e3o neste formul\u00e1rio anexar:<\/p>\n<ol style=\"list-style-type: lower-alpha; text-align: justify;\">\n<li style=\"text-align: justify;\">O Certificado do Curso de Forma\u00e7\u00e3o para exerc\u00edcio da Fun\u00e7\u00e3o de Diretor, ofertado pela Secretaria Municipal de Educa\u00e7\u00e3o no ano de 2021.<\/li>\n<li style=\"text-align: justify;\">A declara\u00e7\u00e3o de aprova\u00e7\u00e3o das contas da escola, referente aos recursos recebidos do Fundo Nacional de Desenvolvimento da Educa\u00e7\u00e3o (FNDE) e aos recursos da Associa\u00e7\u00e3o de Pais, Professores e Funcion\u00e1rios (APMF), mediante apresenta\u00e7\u00e3o de declara\u00e7\u00e3o emitida pelo Departamento Administrativo da Secretaria Municipal de Educa\u00e7\u00e3o, <em>somente para os candidatos que participar\u00e3o \u00e0 reelei\u00e7\u00e3o<\/em>.<\/li>\n<li style=\"text-align: justify;\">A Plataforma de Trabalho conforme modelo constante no Anexo II.<\/li>\n<\/ol>\n<p style=\"text-align: justify;\"><strong>O formul\u00e1rio aceitar\u00e1 respostas at\u00e9 \u00e0s 23h 59min do dia 11\/11\/2021 e pode ser acessado<\/strong>&nbsp;<span style=\"color: #ff0000;\"><strong><span style=\"color: #ff0000;\">&gt;&gt;<\/span>&nbsp;<a style=\"color: #ff0000;\" href=\"https:\/\/forms.gle\/a7dGXAkHmjgQTuaz6\">clicando aqui &lt;&lt;<\/a><\/strong><\/span><\/p>\n<p style=\"text-align: justify;\">Para acessar o formul\u00e1rio \u00e9 necess\u00e1rio fazer login no e-mail institucional (@educa.cambe), como confirma\u00e7\u00e3o do envio da inscri\u00e7\u00e3o ser\u00e1 encaminhada no e-mail do candidato a c\u00f3pia das respostas.<\/p>\n<p style=\"text-align: justify;\">Informamos que os problemas ou dificuldades para responder este formul\u00e1rio devem ser direcionadas \u00e0 Comiss\u00e3o Organizadora Central (COC).<\/p>\n","protected":false},"excerpt":{"rendered":"<p>Est\u00e3o abertas entre os dias 10 e 11 de novembro de 2021 as inscri\u00e7\u00f5es para a 3\u00ba etapa do Processo para Designa\u00e7\u00e3o de Diretor Escolar, sendo esta uma etapa eliminat\u00f3ria. Conforme Decreto 518\/2021 (Artigo 5, Inciso III) os candidatos dever\u00e3o neste formul\u00e1rio anexar: O Certificado do Curso de Forma\u00e7\u00e3o para exerc\u00edcio da Fun\u00e7\u00e3o de Diretor, [&hellip;]<\/p>\n","protected":false},"author":7,"featured_media":0,"comment_status":"closed","ping_status":"open","sticky":false,"template":"","format":"standard","meta":{"ngg_post_thumbnail":0,"footnotes":""},"categories":[1],"tags":[],"class_list":["post-1089","post","type-post","status-publish","format-standard","hentry","category-educacao"],"yoast_head":"<!-- This site is optimized with the Yoast SEO plugin v24.4 - https:\/\/yoast.com\/wordpress\/plugins\/seo\/ -->\n<title>3\u00ba Etapa de Inscri\u00e7\u00e3o para os Candidatos a Dire\u00e7\u00e3o Escolar - Secretaria de Educa\u00e7\u00e3o e Cultura<\/title>\n<meta name=\"robots\" content=\"index, follow, max-snippet:-1, max-image-preview:large, max-video-preview:-1\" \/>\n<link rel=\"canonical\" href=\"https:\/\/educacao.cambe.pr.gov.br\/index.php\/3o-etapa-de-inscricao-para-os-candidatos-a-direcao-escolar\/\" \/>\n<meta property=\"og:locale\" content=\"pt_BR\" \/>\n<meta property=\"og:type\" content=\"article\" \/>\n<meta property=\"og:title\" content=\"3\u00ba Etapa de Inscri\u00e7\u00e3o para os Candidatos a Dire\u00e7\u00e3o Escolar - Secretaria de Educa\u00e7\u00e3o e Cultura\" \/>\n<meta property=\"og:description\" content=\"Est\u00e3o abertas entre os dias 10 e 11 de novembro de 2021 as inscri\u00e7\u00f5es para a 3\u00ba etapa do Processo para Designa\u00e7\u00e3o de Diretor Escolar, sendo esta uma etapa eliminat\u00f3ria. Conforme Decreto 518\/2021 (Artigo 5, Inciso III) os candidatos dever\u00e3o neste formul\u00e1rio anexar: O Certificado do Curso de Forma\u00e7\u00e3o para exerc\u00edcio da Fun\u00e7\u00e3o de Diretor, [&hellip;]\" \/>\n<meta property=\"og:url\" content=\"https:\/\/educacao.cambe.pr.gov.br\/index.php\/3o-etapa-de-inscricao-para-os-candidatos-a-direcao-escolar\/\" \/>\n<meta property=\"og:site_name\" content=\"Secretaria de Educa\u00e7\u00e3o e Cultura\" \/>\n<meta property=\"article:published_time\" content=\"2021-11-10T12:02:29+00:00\" \/>\n<meta property=\"article:modified_time\" content=\"2024-10-08T11:26:23+00:00\" \/>\n<meta name=\"author\" content=\"Juliano Lopes da Silva\" \/>\n<meta name=\"twitter:card\" content=\"summary_large_image\" \/>\n<meta name=\"twitter:label1\" content=\"Escrito por\" \/>\n\t<meta name=\"twitter:data1\" content=\"Juliano Lopes da Silva\" \/>\n\t<meta name=\"twitter:label2\" content=\"Est. tempo de leitura\" \/>\n\t<meta name=\"twitter:data2\" content=\"1 minuto\" \/>\n<script type=\"application\/ld+json\" class=\"yoast-schema-graph\">{\"@context\":\"https:\/\/schema.org\",\"@graph\":[{\"@type\":\"Article\",\"@id\":\"https:\/\/educacao.cambe.pr.gov.br\/index.php\/3o-etapa-de-inscricao-para-os-candidatos-a-direcao-escolar\/#article\",\"isPartOf\":{\"@id\":\"https:\/\/educacao.cambe.pr.gov.br\/index.php\/3o-etapa-de-inscricao-para-os-candidatos-a-direcao-escolar\/\"},\"author\":{\"name\":\"Juliano Lopes da Silva\",\"@id\":\"https:\/\/educacao.cambe.pr.gov.br\/#\/schema\/person\/a194ff5a99ad942628443f37e7b98c85\"},\"headline\":\"3\u00ba Etapa de Inscri\u00e7\u00e3o para os Candidatos a Dire\u00e7\u00e3o Escolar\",\"datePublished\":\"2021-11-10T12:02:29+00:00\",\"dateModified\":\"2024-10-08T11:26:23+00:00\",\"mainEntityOfPage\":{\"@id\":\"https:\/\/educacao.cambe.pr.gov.br\/index.php\/3o-etapa-de-inscricao-para-os-candidatos-a-direcao-escolar\/\"},\"wordCount\":225,\"publisher\":{\"@id\":\"https:\/\/educacao.cambe.pr.gov.br\/#organization\"},\"articleSection\":[\"Educa\u00e7\u00e3o\"],\"inLanguage\":\"pt-BR\"},{\"@type\":\"WebPage\",\"@id\":\"https:\/\/educacao.cambe.pr.gov.br\/index.php\/3o-etapa-de-inscricao-para-os-candidatos-a-direcao-escolar\/\",\"url\":\"https:\/\/educacao.cambe.pr.gov.br\/index.php\/3o-etapa-de-inscricao-para-os-candidatos-a-direcao-escolar\/\",\"name\":\"3\u00ba Etapa de Inscri\u00e7\u00e3o para os Candidatos a Dire\u00e7\u00e3o Escolar - Secretaria de Educa\u00e7\u00e3o e Cultura\",\"isPartOf\":{\"@id\":\"https:\/\/educacao.cambe.pr.gov.br\/#website\"},\"datePublished\":\"2021-11-10T12:02:29+00:00\",\"dateModified\":\"2024-10-08T11:26:23+00:00\",\"breadcrumb\":{\"@id\":\"https:\/\/educacao.cambe.pr.gov.br\/index.php\/3o-etapa-de-inscricao-para-os-candidatos-a-direcao-escolar\/#breadcrumb\"},\"inLanguage\":\"pt-BR\",\"potentialAction\":[{\"@type\":\"ReadAction\",\"target\":[\"https:\/\/educacao.cambe.pr.gov.br\/index.php\/3o-etapa-de-inscricao-para-os-candidatos-a-direcao-escolar\/\"]}]},{\"@type\":\"BreadcrumbList\",\"@id\":\"https:\/\/educacao.cambe.pr.gov.br\/index.php\/3o-etapa-de-inscricao-para-os-candidatos-a-direcao-escolar\/#breadcrumb\",\"itemListElement\":[{\"@type\":\"ListItem\",\"position\":1,\"name\":\"In\u00edcio\",\"item\":\"https:\/\/educacao.cambe.pr.gov.br\/\"},{\"@type\":\"ListItem\",\"position\":2,\"name\":\"3\u00ba Etapa de Inscri\u00e7\u00e3o para os Candidatos a Dire\u00e7\u00e3o Escolar\"}]},{\"@type\":\"WebSite\",\"@id\":\"https:\/\/educacao.cambe.pr.gov.br\/#website\",\"url\":\"https:\/\/educacao.cambe.pr.gov.br\/\",\"name\":\"Secretaria de Educa\u00e7\u00e3o e Cultura\",\"description\":\"Prefeitura de Camb\u00e9\",\"publisher\":{\"@id\":\"https:\/\/educacao.cambe.pr.gov.br\/#organization\"},\"potentialAction\":[{\"@type\":\"SearchAction\",\"target\":{\"@type\":\"EntryPoint\",\"urlTemplate\":\"https:\/\/educacao.cambe.pr.gov.br\/?s={search_term_string}\"},\"query-input\":{\"@type\":\"PropertyValueSpecification\",\"valueRequired\":true,\"valueName\":\"search_term_string\"}}],\"inLanguage\":\"pt-BR\"},{\"@type\":\"Organization\",\"@id\":\"https:\/\/educacao.cambe.pr.gov.br\/#organization\",\"name\":\"Secretaria de Educa\u00e7\u00e3o e Cultura\",\"url\":\"https:\/\/educacao.cambe.pr.gov.br\/\",\"logo\":{\"@type\":\"ImageObject\",\"inLanguage\":\"pt-BR\",\"@id\":\"https:\/\/educacao.cambe.pr.gov.br\/#\/schema\/logo\/image\/\",\"url\":\"https:\/\/educacao.cambe.pr.gov.br\/wp-content\/uploads\/2020\/08\/cambe_rural_brazao-pq.png\",\"contentUrl\":\"https:\/\/educacao.cambe.pr.gov.br\/wp-content\/uploads\/2020\/08\/cambe_rural_brazao-pq.png\",\"width\":150,\"height\":150,\"caption\":\"Secretaria de Educa\u00e7\u00e3o e Cultura\"},\"image\":{\"@id\":\"https:\/\/educacao.cambe.pr.gov.br\/#\/schema\/logo\/image\/\"}},{\"@type\":\"Person\",\"@id\":\"https:\/\/educacao.cambe.pr.gov.br\/#\/schema\/person\/a194ff5a99ad942628443f37e7b98c85\",\"name\":\"Juliano Lopes da Silva\",\"image\":{\"@type\":\"ImageObject\",\"inLanguage\":\"pt-BR\",\"@id\":\"https:\/\/educacao.cambe.pr.gov.br\/#\/schema\/person\/image\/\",\"url\":\"https:\/\/secure.gravatar.com\/avatar\/6b2019b8516158d7cb6416618a3a2b45?s=96&d=mm&r=g\",\"contentUrl\":\"https:\/\/secure.gravatar.com\/avatar\/6b2019b8516158d7cb6416618a3a2b45?s=96&d=mm&r=g\",\"caption\":\"Juliano Lopes da Silva\"},\"url\":\"https:\/\/educacao.cambe.pr.gov.br\/index.php\/author\/jlsilva\/\"}]}<\/script>\n<!-- \/ Yoast SEO plugin. -->","yoast_head_json":{"title":"3\u00ba Etapa de Inscri\u00e7\u00e3o para os Candidatos a Dire\u00e7\u00e3o Escolar - Secretaria de Educa\u00e7\u00e3o e Cultura","robots":{"index":"index","follow":"follow","max-snippet":"max-snippet:-1","max-image-preview":"max-image-preview:large","max-video-preview":"max-video-preview:-1"},"canonical":"https:\/\/educacao.cambe.pr.gov.br\/index.php\/3o-etapa-de-inscricao-para-os-candidatos-a-direcao-escolar\/","og_locale":"pt_BR","og_type":"article","og_title":"3\u00ba Etapa de Inscri\u00e7\u00e3o para os Candidatos a Dire\u00e7\u00e3o Escolar - Secretaria de Educa\u00e7\u00e3o e Cultura","og_description":"Est\u00e3o abertas entre os dias 10 e 11 de novembro de 2021 as inscri\u00e7\u00f5es para a 3\u00ba etapa do Processo para Designa\u00e7\u00e3o de Diretor Escolar, sendo esta uma etapa eliminat\u00f3ria. Conforme Decreto 518\/2021 (Artigo 5, Inciso III) os candidatos dever\u00e3o neste formul\u00e1rio anexar: O Certificado do Curso de Forma\u00e7\u00e3o para exerc\u00edcio da Fun\u00e7\u00e3o de Diretor, [&hellip;]","og_url":"https:\/\/educacao.cambe.pr.gov.br\/index.php\/3o-etapa-de-inscricao-para-os-candidatos-a-direcao-escolar\/","og_site_name":"Secretaria de Educa\u00e7\u00e3o e Cultura","article_published_time":"2021-11-10T12:02:29+00:00","article_modified_time":"2024-10-08T11:26:23+00:00","author":"Juliano Lopes da Silva","twitter_card":"summary_large_image","twitter_misc":{"Escrito por":"Juliano Lopes da Silva","Est. tempo de leitura":"1 minuto"},"schema":{"@context":"https:\/\/schema.org","@graph":[{"@type":"Article","@id":"https:\/\/educacao.cambe.pr.gov.br\/index.php\/3o-etapa-de-inscricao-para-os-candidatos-a-direcao-escolar\/#article","isPartOf":{"@id":"https:\/\/educacao.cambe.pr.gov.br\/index.php\/3o-etapa-de-inscricao-para-os-candidatos-a-direcao-escolar\/"},"author":{"name":"Juliano Lopes da Silva","@id":"https:\/\/educacao.cambe.pr.gov.br\/#\/schema\/person\/a194ff5a99ad942628443f37e7b98c85"},"headline":"3\u00ba Etapa de Inscri\u00e7\u00e3o para os Candidatos a Dire\u00e7\u00e3o Escolar","datePublished":"2021-11-10T12:02:29+00:00","dateModified":"2024-10-08T11:26:23+00:00","mainEntityOfPage":{"@id":"https:\/\/educacao.cambe.pr.gov.br\/index.php\/3o-etapa-de-inscricao-para-os-candidatos-a-direcao-escolar\/"},"wordCount":225,"publisher":{"@id":"https:\/\/educacao.cambe.pr.gov.br\/#organization"},"articleSection":["Educa\u00e7\u00e3o"],"inLanguage":"pt-BR"},{"@type":"WebPage","@id":"https:\/\/educacao.cambe.pr.gov.br\/index.php\/3o-etapa-de-inscricao-para-os-candidatos-a-direcao-escolar\/","url":"https:\/\/educacao.cambe.pr.gov.br\/index.php\/3o-etapa-de-inscricao-para-os-candidatos-a-direcao-escolar\/","name":"3\u00ba Etapa de Inscri\u00e7\u00e3o para os Candidatos a Dire\u00e7\u00e3o Escolar - Secretaria de Educa\u00e7\u00e3o e Cultura","isPartOf":{"@id":"https:\/\/educacao.cambe.pr.gov.br\/#website"},"datePublished":"2021-11-10T12:02:29+00:00","dateModified":"2024-10-08T11:26:23+00:00","breadcrumb":{"@id":"https:\/\/educacao.cambe.pr.gov.br\/index.php\/3o-etapa-de-inscricao-para-os-candidatos-a-direcao-escolar\/#breadcrumb"},"inLanguage":"pt-BR","potentialAction":[{"@type":"ReadAction","target":["https:\/\/educacao.cambe.pr.gov.br\/index.php\/3o-etapa-de-inscricao-para-os-candidatos-a-direcao-escolar\/"]}]},{"@type":"BreadcrumbList","@id":"https:\/\/educacao.cambe.pr.gov.br\/index.php\/3o-etapa-de-inscricao-para-os-candidatos-a-direcao-escolar\/#breadcrumb","itemListElement":[{"@type":"ListItem","position":1,"name":"In\u00edcio","item":"https:\/\/educacao.cambe.pr.gov.br\/"},{"@type":"ListItem","position":2,"name":"3\u00ba Etapa de Inscri\u00e7\u00e3o para os Candidatos a Dire\u00e7\u00e3o Escolar"}]},{"@type":"WebSite","@id":"https:\/\/educacao.cambe.pr.gov.br\/#website","url":"https:\/\/educacao.cambe.pr.gov.br\/","name":"Secretaria de Educa\u00e7\u00e3o e Cultura","description":"Prefeitura de Camb\u00e9","publisher":{"@id":"https:\/\/educacao.cambe.pr.gov.br\/#organization"},"potentialAction":[{"@type":"SearchAction","target":{"@type":"EntryPoint","urlTemplate":"https:\/\/educacao.cambe.pr.gov.br\/?s={search_term_string}"},"query-input":{"@type":"PropertyValueSpecification","valueRequired":true,"valueName":"search_term_string"}}],"inLanguage":"pt-BR"},{"@type":"Organization","@id":"https:\/\/educacao.cambe.pr.gov.br\/#organization","name":"Secretaria de Educa\u00e7\u00e3o e Cultura","url":"https:\/\/educacao.cambe.pr.gov.br\/","logo":{"@type":"ImageObject","inLanguage":"pt-BR","@id":"https:\/\/educacao.cambe.pr.gov.br\/#\/schema\/logo\/image\/","url":"https:\/\/educacao.cambe.pr.gov.br\/wp-content\/uploads\/2020\/08\/cambe_rural_brazao-pq.png","contentUrl":"https:\/\/educacao.cambe.pr.gov.br\/wp-content\/uploads\/2020\/08\/cambe_rural_brazao-pq.png","width":150,"height":150,"caption":"Secretaria de Educa\u00e7\u00e3o e Cultura"},"image":{"@id":"https:\/\/educacao.cambe.pr.gov.br\/#\/schema\/logo\/image\/"}},{"@type":"Person","@id":"https:\/\/educacao.cambe.pr.gov.br\/#\/schema\/person\/a194ff5a99ad942628443f37e7b98c85","name":"Juliano Lopes da Silva","image":{"@type":"ImageObject","inLanguage":"pt-BR","@id":"https:\/\/educacao.cambe.pr.gov.br\/#\/schema\/person\/image\/","url":"https:\/\/secure.gravatar.com\/avatar\/6b2019b8516158d7cb6416618a3a2b45?s=96&d=mm&r=g","contentUrl":"https:\/\/secure.gravatar.com\/avatar\/6b2019b8516158d7cb6416618a3a2b45?s=96&d=mm&r=g","caption":"Juliano Lopes da Silva"},"url":"https:\/\/educacao.cambe.pr.gov.br\/index.php\/author\/jlsilva\/"}]}},"_links":{"self":[{"href":"https:\/\/educacao.cambe.pr.gov.br\/index.php\/wp-json\/wp\/v2\/posts\/1089","targetHints":{"allow":["GET"]}}],"collection":[{"href":"https:\/\/educacao.cambe.pr.gov.br\/index.php\/wp-json\/wp\/v2\/posts"}],"about":[{"href":"https:\/\/educacao.cambe.pr.gov.br\/index.php\/wp-json\/wp\/v2\/types\/post"}],"author":[{"embeddable":true,"href":"https:\/\/educacao.cambe.pr.gov.br\/index.php\/wp-json\/wp\/v2\/users\/7"}],"replies":[{"embeddable":true,"href":"https:\/\/educacao.cambe.pr.gov.br\/index.php\/wp-json\/wp\/v2\/comments?post=1089"}],"version-history":[{"count":3,"href":"https:\/\/educacao.cambe.pr.gov.br\/index.php\/wp-json\/wp\/v2\/posts\/1089\/revisions"}],"predecessor-version":[{"id":1092,"href":"https:\/\/educacao.cambe.pr.gov.br\/index.php\/wp-json\/wp\/v2\/posts\/1089\/revisions\/1092"}],"wp:attachment":[{"href":"https:\/\/educacao.cambe.pr.gov.br\/index.php\/wp-json\/wp\/v2\/media?parent=1089"}],"wp:term":[{"taxonomy":"category","embeddable":true,"href":"https:\/\/educacao.cambe.pr.gov.br\/index.php\/wp-json\/wp\/v2\/categories?post=1089"},{"taxonomy":"post_tag","embeddable":true,"href":"https:\/\/educacao.cambe.pr.gov.br\/index.php\/wp-json\/wp\/v2\/tags?post=1089"}],"curies":[{"name":"wp","href":"https:\/\/api.w.org\/{rel}","templated":true}]}}