{"id":1074,"date":"2021-10-01T11:03:48","date_gmt":"2021-10-01T14:03:48","guid":{"rendered":"http:\/\/educacao.cambe.pr.gov.br\/?p=1074"},"modified":"2024-10-08T08:26:23","modified_gmt":"2024-10-08T11:26:23","slug":"classificacao-final-assistentes-do-programa-tempo-de-aprender","status":"publish","type":"post","link":"https:\/\/educacao.cambe.pr.gov.br\/index.php\/classificacao-final-assistentes-do-programa-tempo-de-aprender\/","title":{"rendered":"Classifica\u00e7\u00e3o Final Assistentes do Programa Tempo de Aprender"},"content":{"rendered":"<p style=\"text-align: justify;\">Conforme disposto no item 8, do Edital N\u00ba 001\/2021, publicado em 10 de setembro de 2021, a Secretaria Municipal de Educa\u00e7\u00e3o torna p\u00fablica a listagem de Classifica\u00e7\u00e3o Final dos inscritos no Processo Seletivo destinado a sele\u00e7\u00e3o e constitui\u00e7\u00e3o de banco&nbsp; de Assistentes de Alfabetiza\u00e7\u00e3o para o Programa Tempo de Aprender.<\/p>\n<p style=\"text-align: justify;\">De acordo com o mesmo Edital, item 9, a CONVOCA\u00c7\u00c3O dos Assistentes de Alfabetiza\u00e7\u00e3o para a escolha de vagas ser\u00e1 PUBLICADA POSTERIORMENTE no site desta Secretaria e no endere\u00e7o eletr\u00f4nico pessoal de cada inscrito, obedecendo a ordem de classifica\u00e7\u00e3o da Lista Final.<\/p>\n<table style=\"width: 77.8128%; border-color: #000000; height: 3255px;\">\n<tbody>\n<tr style=\"height: 79px;\">\n<td style=\"width: 75.9023%; height: 79px;\" colspan=\"3\">\n<p style=\"text-align: center;\"><b>CLASSIFICA\u00c7\u00c3O GERAL E RESULTADOS FINAIS DO EDITAL N\u00ba001\/2021<\/b><\/p>\n<\/td>\n<\/tr>\n<tr style=\"height: 112px;\">\n<td style=\"width: 3.70851%; height: 112px;\"><b>N\u00ba<\/b><\/td>\n<td style=\"width: 36.2229%; height: 112px;\"><b>Nome completo (sem abrevia\u00e7\u00e3o).<\/b><\/td>\n<td style=\"width: 35.9709%; height: 112px;\"><b>TOTAL DE PONTOS OBTIDOS<\/b><\/td>\n<\/tr>\n<tr style=\"height: 64px;\">\n<td style=\"width: 3.70851%; height: 64px;\"><span style=\"font-weight: 400;\">01<\/span><\/td>\n<td style=\"width: 36.2229%; height: 64px;\"><span style=\"font-weight: 400;\">Santa de Matos Paviani<\/span><\/td>\n<td style=\"width: 35.9709%; height: 64px;\"><span style=\"font-weight: 400;\">174<\/span><\/td>\n<\/tr>\n<tr style=\"height: 64px;\">\n<td style=\"width: 3.70851%; height: 64px;\"><span style=\"font-weight: 400;\">02<\/span><\/td>\n<td style=\"width: 36.2229%; height: 64px;\"><span style=\"font-weight: 400;\">Maria C\u00e9lia Araujo Coelho<\/span><\/td>\n<td style=\"width: 35.9709%; height: 64px;\"><span style=\"font-weight: 400;\">133<\/span><\/td>\n<\/tr>\n<tr style=\"height: 64px;\">\n<td style=\"width: 3.70851%; height: 64px;\"><span style=\"font-weight: 400;\">03<\/span><\/td>\n<td style=\"width: 36.2229%; height: 64px;\"><span style=\"font-weight: 400;\">Vera Ferreira Teixeira<\/span><\/td>\n<td style=\"width: 35.9709%; height: 64px;\"><span style=\"font-weight: 400;\">122<\/span><\/td>\n<\/tr>\n<tr style=\"height: 88px;\">\n<td style=\"width: 3.70851%; height: 88px;\"><span style=\"font-weight: 400;\">04<\/span><\/td>\n<td style=\"width: 36.2229%; height: 88px;\"><span style=\"font-weight: 400;\">Gl\u00e1ucia Angelita de Carvalho Werpachh\u00f3wski<\/span><\/td>\n<td style=\"width: 35.9709%; height: 88px;\"><span style=\"font-weight: 400;\">96<\/span><\/td>\n<\/tr>\n<tr style=\"height: 88px;\">\n<td style=\"width: 3.70851%; height: 88px;\"><span style=\"font-weight: 400;\">05<\/span><\/td>\n<td style=\"width: 36.2229%; height: 88px;\"><span style=\"font-weight: 400;\">Rodrigo Alexandre Cavalarini Faustino<\/span><\/td>\n<td style=\"width: 35.9709%; height: 88px;\"><span style=\"font-weight: 400;\">95<\/span><\/td>\n<\/tr>\n<tr style=\"height: 64px;\">\n<td style=\"width: 3.70851%; height: 64px;\"><span style=\"font-weight: 400;\">06<\/span><\/td>\n<td style=\"width: 36.2229%; height: 64px;\"><span style=\"font-weight: 400;\">Amanda Tamie Ida<\/span><\/td>\n<td style=\"width: 35.9709%; height: 64px;\"><span style=\"font-weight: 400;\">75<\/span><\/td>\n<\/tr>\n<tr style=\"height: 64px;\">\n<td style=\"width: 3.70851%; height: 64px;\"><span style=\"font-weight: 400;\">07<\/span><\/td>\n<td style=\"width: 36.2229%; height: 64px;\"><span style=\"font-weight: 400;\">Mayra Ully Ramos Andrade<\/span><\/td>\n<td style=\"width: 35.9709%; height: 64px;\"><span style=\"font-weight: 400;\">73<\/span><\/td>\n<\/tr>\n<tr style=\"height: 64px;\">\n<td style=\"width: 3.70851%; height: 64px;\"><span style=\"font-weight: 400;\">08<\/span><\/td>\n<td style=\"width: 36.2229%; height: 64px;\"><span style=\"font-weight: 400;\">Rose Meire dos Santos<\/span><\/td>\n<td style=\"width: 35.9709%; height: 64px;\"><span style=\"font-weight: 400;\">72<\/span><\/td>\n<\/tr>\n<tr style=\"height: 64px;\">\n<td style=\"width: 3.70851%; height: 64px;\"><span style=\"font-weight: 400;\">09<\/span><\/td>\n<td style=\"width: 36.2229%; height: 64px;\"><span style=\"font-weight: 400;\">Nath\u00e1lia de Lima de Souza<\/span><\/td>\n<td style=\"width: 35.9709%; height: 64px;\"><span style=\"font-weight: 400;\">45<\/span><\/td>\n<\/tr>\n<tr style=\"height: 64px;\">\n<td style=\"width: 3.70851%; height: 64px;\"><span style=\"font-weight: 400;\">10<\/span><\/td>\n<td style=\"width: 36.2229%; height: 64px;\"><span style=\"font-weight: 400;\">Mayla Tais Silva Julio<\/span><\/td>\n<td style=\"width: 35.9709%; height: 64px;\"><span style=\"font-weight: 400;\">45<\/span><\/td>\n<\/tr>\n<tr style=\"height: 64px;\">\n<td style=\"width: 3.70851%; height: 64px;\"><span style=\"font-weight: 400;\">11<\/span><\/td>\n<td style=\"width: 36.2229%; height: 64px;\"><span style=\"font-weight: 400;\">Karina Dalmarco Sant&#8217;ana<\/span><\/td>\n<td style=\"width: 35.9709%; height: 64px;\"><span style=\"font-weight: 400;\">38<\/span><\/td>\n<\/tr>\n<tr style=\"height: 64px;\">\n<td style=\"width: 3.70851%; height: 64px;\"><span style=\"font-weight: 400;\">12<\/span><\/td>\n<td style=\"width: 36.2229%; height: 64px;\"><span style=\"font-weight: 400;\">Ra\u00edne B\u00e1rbara Borazio Garcia<\/span><\/td>\n<td style=\"width: 35.9709%; height: 64px;\"><span style=\"font-weight: 400;\">29<\/span><\/td>\n<\/tr>\n<tr style=\"height: 88px;\">\n<td style=\"width: 3.70851%; height: 88px;\"><span style=\"font-weight: 400;\">13<\/span><\/td>\n<td style=\"width: 36.2229%; height: 88px;\"><span style=\"font-weight: 400;\">Maria Isabel do Amaral Nicacio<\/span><\/td>\n<td style=\"width: 35.9709%; height: 88px;\"><span style=\"font-weight: 400;\">25<\/span><\/td>\n<\/tr>\n<tr style=\"height: 64px;\">\n<td style=\"width: 3.70851%; height: 64px;\"><span style=\"font-weight: 400;\">14<\/span><\/td>\n<td style=\"width: 36.2229%; height: 64px;\"><span style=\"font-weight: 400;\">Elmira Dionizio Abr\u00e3o<\/span><\/td>\n<td style=\"width: 35.9709%; height: 64px;\"><span style=\"font-weight: 400;\">23<\/span><\/td>\n<\/tr>\n<tr style=\"height: 64px;\">\n<td style=\"width: 3.70851%; height: 64px;\"><span style=\"font-weight: 400;\">15<\/span><\/td>\n<td style=\"width: 36.2229%; height: 64px;\"><span style=\"font-weight: 400;\">Debora de Paula Santos<\/span><\/td>\n<td style=\"width: 35.9709%; height: 64px;\"><span style=\"font-weight: 400;\">22<\/span><\/td>\n<\/tr>\n<tr style=\"height: 64px;\">\n<td style=\"width: 3.70851%; height: 64px;\"><span style=\"font-weight: 400;\">16<\/span><\/td>\n<td style=\"width: 36.2229%; height: 64px;\"><span style=\"font-weight: 400;\">Pedro Olivieri Fonseca<\/span><\/td>\n<td style=\"width: 35.9709%; height: 64px;\"><span style=\"font-weight: 400;\">20<\/span><\/td>\n<\/tr>\n<tr style=\"height: 64px;\">\n<td style=\"width: 3.70851%; height: 64px;\"><span style=\"font-weight: 400;\">17<\/span><\/td>\n<td style=\"width: 36.2229%; height: 64px;\"><span style=\"font-weight: 400;\">Franciele Pereira Dutra<\/span><\/td>\n<td style=\"width: 35.9709%; height: 64px;\"><span style=\"font-weight: 400;\">20<\/span><\/td>\n<\/tr>\n<tr style=\"height: 64px;\">\n<td style=\"width: 3.70851%; height: 64px;\"><span style=\"font-weight: 400;\">18<\/span><\/td>\n<td style=\"width: 36.2229%; height: 64px;\"><span style=\"font-weight: 400;\">Gabrielle Haddad<\/span><\/td>\n<td style=\"width: 35.9709%; height: 64px;\"><span style=\"font-weight: 400;\">20<\/span><\/td>\n<\/tr>\n<tr style=\"height: 64px;\">\n<td style=\"width: 3.70851%; height: 64px;\"><span style=\"font-weight: 400;\">19<\/span><\/td>\n<td style=\"width: 36.2229%; height: 64px;\"><span style=\"font-weight: 400;\">Nathalya Luana Fernandes<\/span><\/td>\n<td style=\"width: 35.9709%; height: 64px;\"><span style=\"font-weight: 400;\">20<\/span><\/td>\n<\/tr>\n<tr style=\"height: 88px;\">\n<td style=\"width: 3.70851%; height: 88px;\"><span style=\"font-weight: 400;\">20<\/span><\/td>\n<td style=\"width: 36.2229%; height: 88px;\"><span style=\"font-weight: 400;\">Fernanda da Silva Pereira Donadon<\/span><\/td>\n<td style=\"width: 35.9709%; height: 88px;\"><span style=\"font-weight: 400;\">20<\/span><\/td>\n<\/tr>\n<tr style=\"height: 64px;\">\n<td style=\"width: 3.70851%; height: 64px;\"><span style=\"font-weight: 400;\">21<\/span><\/td>\n<td style=\"width: 36.2229%; height: 64px;\"><span style=\"font-weight: 400;\">C\u00e9lia da Silva dos Santos<\/span><\/td>\n<td style=\"width: 35.9709%; height: 64px;\"><span style=\"font-weight: 400;\">20<\/span><\/td>\n<\/tr>\n<tr style=\"height: 64px;\">\n<td style=\"width: 3.70851%; height: 64px;\"><span style=\"font-weight: 400;\">22<\/span><\/td>\n<td style=\"width: 36.2229%; height: 64px;\"><span style=\"font-weight: 400;\">T\u00e1bita Bueno<\/span><\/td>\n<td style=\"width: 35.9709%; height: 64px;\"><span style=\"font-weight: 400;\">20<\/span><\/td>\n<\/tr>\n<tr style=\"height: 88px;\">\n<td style=\"width: 3.70851%; height: 88px;\"><span style=\"font-weight: 400;\">23<\/span><\/td>\n<td style=\"width: 36.2229%; height: 88px;\"><span style=\"font-weight: 400;\">Jaqueline Ribeiro da Silva Goncalves<\/span><\/td>\n<td style=\"width: 35.9709%; height: 88px;\"><span style=\"font-weight: 400;\">20<\/span><\/td>\n<\/tr>\n<tr style=\"height: 88px;\">\n<td style=\"width: 3.70851%; height: 88px;\"><span style=\"font-weight: 400;\">24<\/span><\/td>\n<td style=\"width: 36.2229%; height: 88px;\"><span style=\"font-weight: 400;\">Mirian Cordeiro de Ara\u00fajo Santos<\/span><\/td>\n<td style=\"width: 35.9709%; height: 88px;\"><span style=\"font-weight: 400;\">20<\/span><\/td>\n<\/tr>\n<tr style=\"height: 64px;\">\n<td style=\"width: 3.70851%; height: 64px;\"><span style=\"font-weight: 400;\">25<\/span><\/td>\n<td style=\"width: 36.2229%; height: 64px;\"><span style=\"font-weight: 400;\">Sandra Mara Dalto moreno<\/span><\/td>\n<td style=\"width: 35.9709%; height: 64px;\"><span style=\"font-weight: 400;\">20<\/span><\/td>\n<\/tr>\n<tr style=\"height: 64px;\">\n<td style=\"width: 3.70851%; height: 64px;\"><span style=\"font-weight: 400;\">26<\/span><\/td>\n<td style=\"width: 36.2229%; height: 64px;\"><span style=\"font-weight: 400;\">Isabela Dias da Silva<\/span><\/td>\n<td style=\"width: 35.9709%; height: 64px;\"><span style=\"font-weight: 400;\">20<\/span><\/td>\n<\/tr>\n<tr style=\"height: 64px;\">\n<td style=\"width: 3.70851%; height: 64px;\"><span style=\"font-weight: 400;\">27<\/span><\/td>\n<td style=\"width: 36.2229%; height: 64px;\"><span style=\"font-weight: 400;\">Ang\u00e9lica Maria Sotana Soares<\/span><\/td>\n<td style=\"width: 35.9709%; height: 64px;\"><span style=\"font-weight: 400;\">20<\/span><\/td>\n<\/tr>\n<tr style=\"height: 64px;\">\n<td style=\"width: 3.70851%; height: 64px;\"><span style=\"font-weight: 400;\">28<\/span><\/td>\n<td style=\"width: 36.2229%; height: 64px;\"><span style=\"font-weight: 400;\">Tatiana Porto Vieira<\/span><\/td>\n<td style=\"width: 35.9709%; height: 64px;\"><span style=\"font-weight: 400;\">15<\/span><\/td>\n<\/tr>\n<tr style=\"height: 64px;\">\n<td style=\"width: 3.70851%; height: 64px;\"><span style=\"font-weight: 400;\">29<\/span><\/td>\n<td style=\"width: 36.2229%; height: 64px;\"><span style=\"font-weight: 400;\">Rosana Aparecida de Santa<\/span><\/td>\n<td style=\"width: 35.9709%; height: 64px;\"><span style=\"font-weight: 400;\">15<\/span><\/td>\n<\/tr>\n<tr style=\"height: 88px;\">\n<td style=\"width: 3.70851%; height: 88px;\"><span style=\"font-weight: 400;\">30<\/span><\/td>\n<td style=\"width: 36.2229%; height: 88px;\"><span style=\"font-weight: 400;\">Dayana Pontes do Nascimento<\/span><\/td>\n<td style=\"width: 35.9709%; height: 88px;\"><span style=\"font-weight: 400;\">15<\/span><\/td>\n<\/tr>\n<tr style=\"height: 88px;\">\n<td style=\"width: 3.70851%; height: 88px;\"><span style=\"font-weight: 400;\">31<\/span><\/td>\n<td style=\"width: 36.2229%; height: 88px;\"><span style=\"font-weight: 400;\">Jeise Mara Calef Rocateli Antonio<\/span><\/td>\n<td style=\"width: 35.9709%; height: 88px;\"><span style=\"font-weight: 400;\">15<\/span><\/td>\n<\/tr>\n<tr style=\"height: 64px;\">\n<td style=\"width: 3.70851%; height: 64px;\"><span style=\"font-weight: 400;\">32<\/span><\/td>\n<td style=\"width: 36.2229%; height: 64px;\"><span style=\"font-weight: 400;\">Filipe Ignacio Alves<\/span><\/td>\n<td style=\"width: 35.9709%; height: 64px;\"><span style=\"font-weight: 400;\">15<\/span><\/td>\n<\/tr>\n<tr style=\"height: 88px;\">\n<td style=\"width: 3.70851%; height: 88px;\"><span style=\"font-weight: 400;\">33<\/span><\/td>\n<td style=\"width: 36.2229%; height: 88px;\"><span style=\"font-weight: 400;\">Bruna Fernanda Comar da Mota<\/span><\/td>\n<td style=\"width: 35.9709%; height: 88px;\"><span style=\"font-weight: 400;\">15<\/span><\/td>\n<\/tr>\n<tr style=\"height: 64px;\">\n<td style=\"width: 3.70851%; height: 64px;\"><span style=\"font-weight: 400;\">34<\/span><\/td>\n<td style=\"width: 36.2229%; height: 64px;\"><span style=\"font-weight: 400;\">Jhenifer Tha\u00eds Ferreira<\/span><\/td>\n<td style=\"width: 35.9709%; height: 64px;\"><span style=\"font-weight: 400;\">15<\/span><\/td>\n<\/tr>\n<tr style=\"height: 64px;\">\n<td style=\"width: 3.70851%; height: 64px;\"><span style=\"font-weight: 400;\">35<\/span><\/td>\n<td style=\"width: 36.2229%; height: 64px;\"><span style=\"font-weight: 400;\">J\u00e9ssica Laisa Santos Lima<\/span><\/td>\n<td style=\"width: 35.9709%; height: 64px;\"><span style=\"font-weight: 400;\">15<\/span><\/td>\n<\/tr>\n<tr style=\"height: 64px;\">\n<td style=\"width: 3.70851%; height: 64px;\"><span style=\"font-weight: 400;\">36<\/span><\/td>\n<td style=\"width: 36.2229%; height: 64px;\"><span style=\"font-weight: 400;\">Yasmin Maria Duarte<\/span><\/td>\n<td style=\"width: 35.9709%; height: 64px;\"><span style=\"font-weight: 400;\">15<\/span><\/td>\n<\/tr>\n<tr style=\"height: 88px;\">\n<td style=\"width: 3.70851%; height: 88px;\"><span style=\"font-weight: 400;\">37<\/span><\/td>\n<td style=\"width: 36.2229%; height: 88px;\"><span style=\"font-weight: 400;\">Crislaine Maiara Sabadine Koenig<\/span><\/td>\n<td style=\"width: 35.9709%; height: 88px;\"><span style=\"font-weight: 400;\">15<\/span><\/td>\n<\/tr>\n<tr style=\"height: 88px;\">\n<td style=\"width: 3.70851%; height: 88px;\"><span style=\"font-weight: 400;\">38<\/span><\/td>\n<td style=\"width: 36.2229%; height: 88px;\"><span style=\"font-weight: 400;\">Izabel Cristina dos Santos Delcol<\/span><\/td>\n<td style=\"width: 35.9709%; height: 88px;\"><span style=\"font-weight: 400;\">10<\/span><\/td>\n<\/tr>\n<tr style=\"height: 88px;\">\n<td style=\"width: 3.70851%; height: 88px;\"><span style=\"font-weight: 400;\">39<\/span><\/td>\n<td style=\"width: 36.2229%; height: 88px;\"><span style=\"font-weight: 400;\">Kesia Daiane Ramos de Oliveira<\/span><\/td>\n<td style=\"width: 35.9709%; height: 88px;\"><span style=\"font-weight: 400;\">10<\/span><\/td>\n<\/tr>\n<tr style=\"height: 88px;\">\n<td style=\"width: 3.70851%; height: 88px;\"><span style=\"font-weight: 400;\">40<\/span><\/td>\n<td style=\"width: 36.2229%; height: 88px;\"><span style=\"font-weight: 400;\">Nathalia Caroline de Souza Favaro<\/span><\/td>\n<td style=\"width: 35.9709%; height: 88px;\"><span style=\"font-weight: 400;\">10<\/span><\/td>\n<\/tr>\n<tr style=\"height: 64px;\">\n<td style=\"width: 3.70851%; height: 64px;\"><span style=\"font-weight: 400;\">41<\/span><\/td>\n<td style=\"width: 36.2229%; height: 64px;\"><span style=\"font-weight: 400;\">Let\u00edcia Chudis Victrio<\/span><\/td>\n<td style=\"width: 35.9709%; height: 64px;\"><span style=\"font-weight: 400;\">10<\/span><\/td>\n<\/tr>\n<tr style=\"height: 64px;\">\n<td style=\"width: 3.70851%; height: 64px;\"><span style=\"font-weight: 400;\">42<\/span><\/td>\n<td style=\"width: 36.2229%; height: 64px;\"><span style=\"font-weight: 400;\">Franciele Fernandes de Lima<\/span><\/td>\n<td style=\"width: 35.9709%; height: 64px;\"><span style=\"font-weight: 400;\">10<\/span><\/td>\n<\/tr>\n<tr style=\"height: 64px;\">\n<td style=\"width: 3.70851%; height: 64px;\"><span style=\"font-weight: 400;\">43<\/span><\/td>\n<td style=\"width: 36.2229%; height: 64px;\"><span style=\"font-weight: 400;\">Elourde Julot Toussaint<\/span><\/td>\n<td style=\"width: 35.9709%; height: 64px;\"><span style=\"font-weight: 400;\">Desclassificada<\/span><\/td>\n<\/tr>\n<\/tbody>\n<\/table>\n","protected":false},"excerpt":{"rendered":"<p>Conforme disposto no item 8, do Edital N\u00ba 001\/2021, publicado em 10 de setembro de 2021, a Secretaria Municipal de Educa\u00e7\u00e3o torna p\u00fablica a listagem de Classifica\u00e7\u00e3o Final dos inscritos no Processo Seletivo destinado a sele\u00e7\u00e3o e constitui\u00e7\u00e3o de banco&nbsp; de Assistentes de Alfabetiza\u00e7\u00e3o para o Programa Tempo de Aprender. De acordo com o mesmo [&hellip;]<\/p>\n","protected":false},"author":7,"featured_media":0,"comment_status":"closed","ping_status":"open","sticky":false,"template":"","format":"standard","meta":{"ngg_post_thumbnail":0,"footnotes":""},"categories":[1],"tags":[],"class_list":["post-1074","post","type-post","status-publish","format-standard","hentry","category-educacao"],"yoast_head":"<!-- This site is optimized with the Yoast SEO plugin v24.4 - https:\/\/yoast.com\/wordpress\/plugins\/seo\/ -->\n<title>Classifica\u00e7\u00e3o Final Assistentes do Programa Tempo de Aprender - Secretaria de Educa\u00e7\u00e3o e Cultura<\/title>\n<meta name=\"robots\" content=\"index, follow, max-snippet:-1, max-image-preview:large, max-video-preview:-1\" \/>\n<link rel=\"canonical\" href=\"https:\/\/educacao.cambe.pr.gov.br\/index.php\/classificacao-final-assistentes-do-programa-tempo-de-aprender\/\" \/>\n<meta property=\"og:locale\" content=\"pt_BR\" \/>\n<meta property=\"og:type\" content=\"article\" \/>\n<meta property=\"og:title\" content=\"Classifica\u00e7\u00e3o Final Assistentes do Programa Tempo de Aprender - Secretaria de Educa\u00e7\u00e3o e Cultura\" \/>\n<meta property=\"og:description\" content=\"Conforme disposto no item 8, do Edital N\u00ba 001\/2021, publicado em 10 de setembro de 2021, a Secretaria Municipal de Educa\u00e7\u00e3o torna p\u00fablica a listagem de Classifica\u00e7\u00e3o Final dos inscritos no Processo Seletivo destinado a sele\u00e7\u00e3o e constitui\u00e7\u00e3o de banco&nbsp; de Assistentes de Alfabetiza\u00e7\u00e3o para o Programa Tempo de Aprender. De acordo com o mesmo [&hellip;]\" \/>\n<meta property=\"og:url\" content=\"https:\/\/educacao.cambe.pr.gov.br\/index.php\/classificacao-final-assistentes-do-programa-tempo-de-aprender\/\" \/>\n<meta property=\"og:site_name\" content=\"Secretaria de Educa\u00e7\u00e3o e Cultura\" \/>\n<meta property=\"article:published_time\" content=\"2021-10-01T14:03:48+00:00\" \/>\n<meta property=\"article:modified_time\" content=\"2024-10-08T11:26:23+00:00\" \/>\n<meta name=\"author\" content=\"Juliano Lopes da Silva\" \/>\n<meta name=\"twitter:card\" content=\"summary_large_image\" \/>\n<meta name=\"twitter:label1\" content=\"Escrito por\" \/>\n\t<meta name=\"twitter:data1\" content=\"Juliano Lopes da Silva\" \/>\n\t<meta name=\"twitter:label2\" content=\"Est. tempo de leitura\" \/>\n\t<meta name=\"twitter:data2\" content=\"2 minutos\" \/>\n<script type=\"application\/ld+json\" class=\"yoast-schema-graph\">{\"@context\":\"https:\/\/schema.org\",\"@graph\":[{\"@type\":\"Article\",\"@id\":\"https:\/\/educacao.cambe.pr.gov.br\/index.php\/classificacao-final-assistentes-do-programa-tempo-de-aprender\/#article\",\"isPartOf\":{\"@id\":\"https:\/\/educacao.cambe.pr.gov.br\/index.php\/classificacao-final-assistentes-do-programa-tempo-de-aprender\/\"},\"author\":{\"name\":\"Juliano Lopes da Silva\",\"@id\":\"https:\/\/educacao.cambe.pr.gov.br\/#\/schema\/person\/a194ff5a99ad942628443f37e7b98c85\"},\"headline\":\"Classifica\u00e7\u00e3o Final Assistentes do Programa Tempo de Aprender\",\"datePublished\":\"2021-10-01T14:03:48+00:00\",\"dateModified\":\"2024-10-08T11:26:23+00:00\",\"mainEntityOfPage\":{\"@id\":\"https:\/\/educacao.cambe.pr.gov.br\/index.php\/classificacao-final-assistentes-do-programa-tempo-de-aprender\/\"},\"wordCount\":310,\"publisher\":{\"@id\":\"https:\/\/educacao.cambe.pr.gov.br\/#organization\"},\"articleSection\":[\"Educa\u00e7\u00e3o\"],\"inLanguage\":\"pt-BR\"},{\"@type\":\"WebPage\",\"@id\":\"https:\/\/educacao.cambe.pr.gov.br\/index.php\/classificacao-final-assistentes-do-programa-tempo-de-aprender\/\",\"url\":\"https:\/\/educacao.cambe.pr.gov.br\/index.php\/classificacao-final-assistentes-do-programa-tempo-de-aprender\/\",\"name\":\"Classifica\u00e7\u00e3o Final Assistentes do Programa Tempo de Aprender - Secretaria de Educa\u00e7\u00e3o e Cultura\",\"isPartOf\":{\"@id\":\"https:\/\/educacao.cambe.pr.gov.br\/#website\"},\"datePublished\":\"2021-10-01T14:03:48+00:00\",\"dateModified\":\"2024-10-08T11:26:23+00:00\",\"breadcrumb\":{\"@id\":\"https:\/\/educacao.cambe.pr.gov.br\/index.php\/classificacao-final-assistentes-do-programa-tempo-de-aprender\/#breadcrumb\"},\"inLanguage\":\"pt-BR\",\"potentialAction\":[{\"@type\":\"ReadAction\",\"target\":[\"https:\/\/educacao.cambe.pr.gov.br\/index.php\/classificacao-final-assistentes-do-programa-tempo-de-aprender\/\"]}]},{\"@type\":\"BreadcrumbList\",\"@id\":\"https:\/\/educacao.cambe.pr.gov.br\/index.php\/classificacao-final-assistentes-do-programa-tempo-de-aprender\/#breadcrumb\",\"itemListElement\":[{\"@type\":\"ListItem\",\"position\":1,\"name\":\"In\u00edcio\",\"item\":\"https:\/\/educacao.cambe.pr.gov.br\/\"},{\"@type\":\"ListItem\",\"position\":2,\"name\":\"Classifica\u00e7\u00e3o Final Assistentes do Programa Tempo de Aprender\"}]},{\"@type\":\"WebSite\",\"@id\":\"https:\/\/educacao.cambe.pr.gov.br\/#website\",\"url\":\"https:\/\/educacao.cambe.pr.gov.br\/\",\"name\":\"Secretaria de Educa\u00e7\u00e3o e Cultura\",\"description\":\"Prefeitura de Camb\u00e9\",\"publisher\":{\"@id\":\"https:\/\/educacao.cambe.pr.gov.br\/#organization\"},\"potentialAction\":[{\"@type\":\"SearchAction\",\"target\":{\"@type\":\"EntryPoint\",\"urlTemplate\":\"https:\/\/educacao.cambe.pr.gov.br\/?s={search_term_string}\"},\"query-input\":{\"@type\":\"PropertyValueSpecification\",\"valueRequired\":true,\"valueName\":\"search_term_string\"}}],\"inLanguage\":\"pt-BR\"},{\"@type\":\"Organization\",\"@id\":\"https:\/\/educacao.cambe.pr.gov.br\/#organization\",\"name\":\"Secretaria de Educa\u00e7\u00e3o e Cultura\",\"url\":\"https:\/\/educacao.cambe.pr.gov.br\/\",\"logo\":{\"@type\":\"ImageObject\",\"inLanguage\":\"pt-BR\",\"@id\":\"https:\/\/educacao.cambe.pr.gov.br\/#\/schema\/logo\/image\/\",\"url\":\"https:\/\/educacao.cambe.pr.gov.br\/wp-content\/uploads\/2020\/08\/cambe_rural_brazao-pq.png\",\"contentUrl\":\"https:\/\/educacao.cambe.pr.gov.br\/wp-content\/uploads\/2020\/08\/cambe_rural_brazao-pq.png\",\"width\":150,\"height\":150,\"caption\":\"Secretaria de Educa\u00e7\u00e3o e Cultura\"},\"image\":{\"@id\":\"https:\/\/educacao.cambe.pr.gov.br\/#\/schema\/logo\/image\/\"}},{\"@type\":\"Person\",\"@id\":\"https:\/\/educacao.cambe.pr.gov.br\/#\/schema\/person\/a194ff5a99ad942628443f37e7b98c85\",\"name\":\"Juliano Lopes da Silva\",\"image\":{\"@type\":\"ImageObject\",\"inLanguage\":\"pt-BR\",\"@id\":\"https:\/\/educacao.cambe.pr.gov.br\/#\/schema\/person\/image\/\",\"url\":\"https:\/\/secure.gravatar.com\/avatar\/6b2019b8516158d7cb6416618a3a2b45?s=96&d=mm&r=g\",\"contentUrl\":\"https:\/\/secure.gravatar.com\/avatar\/6b2019b8516158d7cb6416618a3a2b45?s=96&d=mm&r=g\",\"caption\":\"Juliano Lopes da Silva\"},\"url\":\"https:\/\/educacao.cambe.pr.gov.br\/index.php\/author\/jlsilva\/\"}]}<\/script>\n<!-- \/ Yoast SEO plugin. -->","yoast_head_json":{"title":"Classifica\u00e7\u00e3o Final Assistentes do Programa Tempo de Aprender - Secretaria de Educa\u00e7\u00e3o e Cultura","robots":{"index":"index","follow":"follow","max-snippet":"max-snippet:-1","max-image-preview":"max-image-preview:large","max-video-preview":"max-video-preview:-1"},"canonical":"https:\/\/educacao.cambe.pr.gov.br\/index.php\/classificacao-final-assistentes-do-programa-tempo-de-aprender\/","og_locale":"pt_BR","og_type":"article","og_title":"Classifica\u00e7\u00e3o Final Assistentes do Programa Tempo de Aprender - Secretaria de Educa\u00e7\u00e3o e Cultura","og_description":"Conforme disposto no item 8, do Edital N\u00ba 001\/2021, publicado em 10 de setembro de 2021, a Secretaria Municipal de Educa\u00e7\u00e3o torna p\u00fablica a listagem de Classifica\u00e7\u00e3o Final dos inscritos no Processo Seletivo destinado a sele\u00e7\u00e3o e constitui\u00e7\u00e3o de banco&nbsp; de Assistentes de Alfabetiza\u00e7\u00e3o para o Programa Tempo de Aprender. De acordo com o mesmo [&hellip;]","og_url":"https:\/\/educacao.cambe.pr.gov.br\/index.php\/classificacao-final-assistentes-do-programa-tempo-de-aprender\/","og_site_name":"Secretaria de Educa\u00e7\u00e3o e Cultura","article_published_time":"2021-10-01T14:03:48+00:00","article_modified_time":"2024-10-08T11:26:23+00:00","author":"Juliano Lopes da Silva","twitter_card":"summary_large_image","twitter_misc":{"Escrito por":"Juliano Lopes da Silva","Est. tempo de leitura":"2 minutos"},"schema":{"@context":"https:\/\/schema.org","@graph":[{"@type":"Article","@id":"https:\/\/educacao.cambe.pr.gov.br\/index.php\/classificacao-final-assistentes-do-programa-tempo-de-aprender\/#article","isPartOf":{"@id":"https:\/\/educacao.cambe.pr.gov.br\/index.php\/classificacao-final-assistentes-do-programa-tempo-de-aprender\/"},"author":{"name":"Juliano Lopes da Silva","@id":"https:\/\/educacao.cambe.pr.gov.br\/#\/schema\/person\/a194ff5a99ad942628443f37e7b98c85"},"headline":"Classifica\u00e7\u00e3o Final Assistentes do Programa Tempo de Aprender","datePublished":"2021-10-01T14:03:48+00:00","dateModified":"2024-10-08T11:26:23+00:00","mainEntityOfPage":{"@id":"https:\/\/educacao.cambe.pr.gov.br\/index.php\/classificacao-final-assistentes-do-programa-tempo-de-aprender\/"},"wordCount":310,"publisher":{"@id":"https:\/\/educacao.cambe.pr.gov.br\/#organization"},"articleSection":["Educa\u00e7\u00e3o"],"inLanguage":"pt-BR"},{"@type":"WebPage","@id":"https:\/\/educacao.cambe.pr.gov.br\/index.php\/classificacao-final-assistentes-do-programa-tempo-de-aprender\/","url":"https:\/\/educacao.cambe.pr.gov.br\/index.php\/classificacao-final-assistentes-do-programa-tempo-de-aprender\/","name":"Classifica\u00e7\u00e3o Final Assistentes do Programa Tempo de Aprender - Secretaria de Educa\u00e7\u00e3o e Cultura","isPartOf":{"@id":"https:\/\/educacao.cambe.pr.gov.br\/#website"},"datePublished":"2021-10-01T14:03:48+00:00","dateModified":"2024-10-08T11:26:23+00:00","breadcrumb":{"@id":"https:\/\/educacao.cambe.pr.gov.br\/index.php\/classificacao-final-assistentes-do-programa-tempo-de-aprender\/#breadcrumb"},"inLanguage":"pt-BR","potentialAction":[{"@type":"ReadAction","target":["https:\/\/educacao.cambe.pr.gov.br\/index.php\/classificacao-final-assistentes-do-programa-tempo-de-aprender\/"]}]},{"@type":"BreadcrumbList","@id":"https:\/\/educacao.cambe.pr.gov.br\/index.php\/classificacao-final-assistentes-do-programa-tempo-de-aprender\/#breadcrumb","itemListElement":[{"@type":"ListItem","position":1,"name":"In\u00edcio","item":"https:\/\/educacao.cambe.pr.gov.br\/"},{"@type":"ListItem","position":2,"name":"Classifica\u00e7\u00e3o Final Assistentes do Programa Tempo de Aprender"}]},{"@type":"WebSite","@id":"https:\/\/educacao.cambe.pr.gov.br\/#website","url":"https:\/\/educacao.cambe.pr.gov.br\/","name":"Secretaria de Educa\u00e7\u00e3o e Cultura","description":"Prefeitura de Camb\u00e9","publisher":{"@id":"https:\/\/educacao.cambe.pr.gov.br\/#organization"},"potentialAction":[{"@type":"SearchAction","target":{"@type":"EntryPoint","urlTemplate":"https:\/\/educacao.cambe.pr.gov.br\/?s={search_term_string}"},"query-input":{"@type":"PropertyValueSpecification","valueRequired":true,"valueName":"search_term_string"}}],"inLanguage":"pt-BR"},{"@type":"Organization","@id":"https:\/\/educacao.cambe.pr.gov.br\/#organization","name":"Secretaria de Educa\u00e7\u00e3o e Cultura","url":"https:\/\/educacao.cambe.pr.gov.br\/","logo":{"@type":"ImageObject","inLanguage":"pt-BR","@id":"https:\/\/educacao.cambe.pr.gov.br\/#\/schema\/logo\/image\/","url":"https:\/\/educacao.cambe.pr.gov.br\/wp-content\/uploads\/2020\/08\/cambe_rural_brazao-pq.png","contentUrl":"https:\/\/educacao.cambe.pr.gov.br\/wp-content\/uploads\/2020\/08\/cambe_rural_brazao-pq.png","width":150,"height":150,"caption":"Secretaria de Educa\u00e7\u00e3o e Cultura"},"image":{"@id":"https:\/\/educacao.cambe.pr.gov.br\/#\/schema\/logo\/image\/"}},{"@type":"Person","@id":"https:\/\/educacao.cambe.pr.gov.br\/#\/schema\/person\/a194ff5a99ad942628443f37e7b98c85","name":"Juliano Lopes da Silva","image":{"@type":"ImageObject","inLanguage":"pt-BR","@id":"https:\/\/educacao.cambe.pr.gov.br\/#\/schema\/person\/image\/","url":"https:\/\/secure.gravatar.com\/avatar\/6b2019b8516158d7cb6416618a3a2b45?s=96&d=mm&r=g","contentUrl":"https:\/\/secure.gravatar.com\/avatar\/6b2019b8516158d7cb6416618a3a2b45?s=96&d=mm&r=g","caption":"Juliano Lopes da Silva"},"url":"https:\/\/educacao.cambe.pr.gov.br\/index.php\/author\/jlsilva\/"}]}},"_links":{"self":[{"href":"https:\/\/educacao.cambe.pr.gov.br\/index.php\/wp-json\/wp\/v2\/posts\/1074","targetHints":{"allow":["GET"]}}],"collection":[{"href":"https:\/\/educacao.cambe.pr.gov.br\/index.php\/wp-json\/wp\/v2\/posts"}],"about":[{"href":"https:\/\/educacao.cambe.pr.gov.br\/index.php\/wp-json\/wp\/v2\/types\/post"}],"author":[{"embeddable":true,"href":"https:\/\/educacao.cambe.pr.gov.br\/index.php\/wp-json\/wp\/v2\/users\/7"}],"replies":[{"embeddable":true,"href":"https:\/\/educacao.cambe.pr.gov.br\/index.php\/wp-json\/wp\/v2\/comments?post=1074"}],"version-history":[{"count":7,"href":"https:\/\/educacao.cambe.pr.gov.br\/index.php\/wp-json\/wp\/v2\/posts\/1074\/revisions"}],"predecessor-version":[{"id":1081,"href":"https:\/\/educacao.cambe.pr.gov.br\/index.php\/wp-json\/wp\/v2\/posts\/1074\/revisions\/1081"}],"wp:attachment":[{"href":"https:\/\/educacao.cambe.pr.gov.br\/index.php\/wp-json\/wp\/v2\/media?parent=1074"}],"wp:term":[{"taxonomy":"category","embeddable":true,"href":"https:\/\/educacao.cambe.pr.gov.br\/index.php\/wp-json\/wp\/v2\/categories?post=1074"},{"taxonomy":"post_tag","embeddable":true,"href":"https:\/\/educacao.cambe.pr.gov.br\/index.php\/wp-json\/wp\/v2\/tags?post=1074"}],"curies":[{"name":"wp","href":"https:\/\/api.w.org\/{rel}","templated":true}]}}