{"id":1066,"date":"2021-09-29T10:29:08","date_gmt":"2021-09-29T13:29:08","guid":{"rendered":"http:\/\/educacao.cambe.pr.gov.br\/?p=1066"},"modified":"2024-10-08T08:26:23","modified_gmt":"2024-10-08T11:26:23","slug":"curso-de-formacao-para-exercicio-da-funcao-de-diretor","status":"publish","type":"post","link":"https:\/\/educacao.cambe.pr.gov.br\/index.php\/curso-de-formacao-para-exercicio-da-funcao-de-diretor\/","title":{"rendered":"Curso de Forma\u00e7\u00e3o Para Exerc\u00edcio da Fun\u00e7\u00e3o de Diretor"},"content":{"rendered":"<p>A Comiss\u00e3o Organizadora Central do Processo de Consulta \u00e0 Comunidade Escolar para Designa\u00e7\u00e3o de Diretores das Unidades Escolares, torna p\u00fablico a lista de nomes, em ordem alfab\u00e9tica, dos professores inscritos validada para o <strong>Curso de Forma\u00e7\u00e3o Para Exerc\u00edcio da Fun\u00e7\u00e3o de Diretor.<\/strong><\/p>\n<table dir=\"ltr\" style=\"width: 95.4688%;\" border=\"1\" cellspacing=\"0\" cellpadding=\"0\">\n<colgroup>\n<col width=\"35\">\n<col width=\"387\">\n<col width=\"353\"><\/colgroup>\n<tbody>\n<tr>\n<td style=\"width: 3.75%;\" data-sheets-value=\"{&quot;1&quot;:2,&quot;2&quot;:&quot;n&quot;}\">Qnt.<\/td>\n<td style=\"width: 46.0938%;\" data-sheets-value=\"{&quot;1&quot;:2,&quot;2&quot;:&quot;NOME&quot;}\">NOME<\/td>\n<td style=\"width: 45.4688%;\" data-sheets-value=\"{&quot;1&quot;:2,&quot;2&quot;:&quot;UNIDADE ESCOLAR&quot;}\">UNIDADE ESCOLAR<\/td>\n<\/tr>\n<tr>\n<td style=\"width: 3.75%;\" data-sheets-value=\"{&quot;1&quot;:3,&quot;3&quot;:1}\">1<\/td>\n<td style=\"width: 46.0938%;\" data-sheets-value=\"{&quot;1&quot;:2,&quot;2&quot;:&quot;ADRIANA NUNES DE ANDRADE CASTELANI&quot;}\">ADRIANA NUNES DE ANDRADE CASTELANI<\/td>\n<td style=\"width: 45.4688%;\" data-sheets-value=\"{&quot;1&quot;:2,&quot;2&quot;:&quot;E.M. PEDRO TKOTZ&quot;}\">E.M. PEDRO TKOTZ<\/td>\n<\/tr>\n<tr>\n<td style=\"width: 3.75%;\" data-sheets-value=\"{&quot;1&quot;:3,&quot;3&quot;:2}\">2<\/td>\n<td style=\"width: 46.0938%;\" data-sheets-value=\"{&quot;1&quot;:2,&quot;2&quot;:&quot;AMANDA CRISTINA CAMPANINI&quot;}\">AMANDA CRISTINA CAMPANINI<\/td>\n<td style=\"width: 45.4688%;\" data-sheets-value=\"{&quot;1&quot;:2,&quot;2&quot;:&quot;CMEI. PREFEITO ARCHIMEDES CLIM\u00c9RIO MOZER&quot;}\">CMEI. PREFEITO ARCHIMEDES CLIM\u00c9RIO MOZER<\/td>\n<\/tr>\n<tr>\n<td style=\"width: 3.75%;\" data-sheets-value=\"{&quot;1&quot;:3,&quot;3&quot;:3}\">3<\/td>\n<td style=\"width: 46.0938%;\" data-sheets-value=\"{&quot;1&quot;:2,&quot;2&quot;:&quot;AMANDA DE MELO JORGE FERNANDES&quot;}\">AMANDA DE MELO JORGE FERNANDES<\/td>\n<td style=\"width: 45.4688%;\" data-sheets-value=\"{&quot;1&quot;:2,&quot;2&quot;:&quot;CMEI. JOS\u00c9 SEST\u00c1RIO&quot;}\">CMEI. JOS\u00c9 SEST\u00c1RIO<\/td>\n<\/tr>\n<tr>\n<td style=\"width: 3.75%;\" data-sheets-value=\"{&quot;1&quot;:3,&quot;3&quot;:4}\">4<\/td>\n<td style=\"width: 46.0938%;\" data-sheets-value=\"{&quot;1&quot;:2,&quot;2&quot;:&quot;ANA CARLA DA SILVA&quot;}\">ANA CARLA DA SILVA<\/td>\n<td style=\"width: 45.4688%;\" data-sheets-value=\"{&quot;1&quot;:2,&quot;2&quot;:&quot;E.M. CEC\u00cdLIA MEIRELES - CAIC&quot;}\">E.M. CEC\u00cdLIA MEIRELES &#8211; CAIC<\/td>\n<\/tr>\n<tr>\n<td style=\"width: 3.75%;\" data-sheets-value=\"{&quot;1&quot;:3,&quot;3&quot;:5}\">5<\/td>\n<td style=\"width: 46.0938%;\" data-sheets-value=\"{&quot;1&quot;:2,&quot;2&quot;:&quot;ANA CL\u00c1UDIA MARQUES DE JESUS MONTINI DOS SANTOS&quot;}\">ANA CL\u00c1UDIA MARQUES DE JESUS MONTINI DOS SANTOS<\/td>\n<td style=\"width: 45.4688%;\" data-sheets-value=\"{&quot;1&quot;:2,&quot;2&quot;:&quot;E.M. ROBERTO CONCEI\u00c7\u00c3O&quot;}\">E.M. ROBERTO CONCEI\u00c7\u00c3O<\/td>\n<\/tr>\n<tr>\n<td style=\"width: 3.75%;\" data-sheets-value=\"{&quot;1&quot;:3,&quot;3&quot;:6}\">6<\/td>\n<td style=\"width: 46.0938%;\" data-sheets-value=\"{&quot;1&quot;:2,&quot;2&quot;:&quot;ANA PAULA DE LIMA MORALES&quot;}\">ANA PAULA DE LIMA MORALES<\/td>\n<td style=\"width: 45.4688%;\" data-sheets-value=\"{&quot;1&quot;:2,&quot;2&quot;:&quot;CMEI. IRM\u00c3 DULCE&quot;}\">CMEI. IRM\u00c3 DULCE<\/td>\n<\/tr>\n<tr>\n<td style=\"width: 3.75%;\" data-sheets-value=\"{&quot;1&quot;:3,&quot;3&quot;:7}\">7<\/td>\n<td style=\"width: 46.0938%;\" data-sheets-value=\"{&quot;1&quot;:2,&quot;2&quot;:&quot;ANGELA MARIA DE PAULA&quot;}\">ANGELA MARIA DE PAULA<\/td>\n<td style=\"width: 45.4688%;\" data-sheets-value=\"{&quot;1&quot;:2,&quot;2&quot;:&quot;CMEI. JOANA BENADUCCI MARTIN&quot;}\">CMEI. JOANA BENADUCCI MARTIN<\/td>\n<\/tr>\n<tr>\n<td style=\"width: 3.75%;\" data-sheets-value=\"{&quot;1&quot;:3,&quot;3&quot;:8}\">8<\/td>\n<td style=\"width: 46.0938%;\" data-sheets-value=\"{&quot;1&quot;:2,&quot;2&quot;:&quot;ANG\u00c9LICA SAYURI MORITA&quot;}\">ANG\u00c9LICA SAYURI MORITA<\/td>\n<td style=\"width: 45.4688%;\" data-sheets-value=\"{&quot;1&quot;:2,&quot;2&quot;:&quot;E.M. ALVORADA&quot;}\">E.M. ALVORADA<\/td>\n<\/tr>\n<tr>\n<td style=\"width: 3.75%;\" data-sheets-value=\"{&quot;1&quot;:3,&quot;3&quot;:9}\">9<\/td>\n<td style=\"width: 46.0938%;\" data-sheets-value=\"{&quot;1&quot;:2,&quot;2&quot;:&quot;BARBARA FERNANDA FERREIRA CAON&quot;}\">BARBARA FERNANDA FERREIRA CAON<\/td>\n<td style=\"width: 45.4688%;\" data-sheets-value=\"{&quot;1&quot;:2,&quot;2&quot;:&quot;CMEI. AM\u00c1BILE FERRO BOSCOLO&quot;}\">CMEI. AM\u00c1BILE FERRO BOSCOLO<\/td>\n<\/tr>\n<tr>\n<td style=\"width: 3.75%;\" data-sheets-value=\"{&quot;1&quot;:3,&quot;3&quot;:10}\">10<\/td>\n<td style=\"width: 46.0938%;\" data-sheets-value=\"{&quot;1&quot;:2,&quot;2&quot;:&quot;BRUNA KELLEN DA SILVA ROSA&quot;}\">BRUNA KELLEN DA SILVA ROSA<\/td>\n<td style=\"width: 45.4688%;\" data-sheets-value=\"{&quot;1&quot;:2,&quot;2&quot;:&quot;E.M. Pe. SYMPHORIANO KOPF&quot;}\">E.M. Pe. SYMPHORIANO KOPF<\/td>\n<\/tr>\n<tr>\n<td style=\"width: 3.75%;\" data-sheets-value=\"{&quot;1&quot;:3,&quot;3&quot;:11}\">11<\/td>\n<td style=\"width: 46.0938%;\" data-sheets-value=\"{&quot;1&quot;:2,&quot;2&quot;:&quot;CAROLINA APARECIDA MARTINI DA COSTA&quot;}\">CAROLINA APARECIDA MARTINI DA COSTA<\/td>\n<td style=\"width: 45.4688%;\" data-sheets-value=\"{&quot;1&quot;:2,&quot;2&quot;:&quot;CMEI. ANT\u00d4NIO DE OLIVEIRA GERALDO&quot;}\">CMEI. ANT\u00d4NIO DE OLIVEIRA GERALDO<\/td>\n<\/tr>\n<tr>\n<td style=\"width: 3.75%;\" data-sheets-value=\"{&quot;1&quot;:3,&quot;3&quot;:12}\">12<\/td>\n<td style=\"width: 46.0938%;\" data-sheets-value=\"{&quot;1&quot;:2,&quot;2&quot;:&quot;CRISTIANE APARECIDA DA SILVA LE\u00c3O&quot;}\">CRISTIANE APARECIDA DA SILVA LE\u00c3O<\/td>\n<td style=\"width: 45.4688%;\" data-sheets-value=\"{&quot;1&quot;:2,&quot;2&quot;:&quot;E.R.M. DOM PEDRO II&quot;}\">E.R.M. DOM PEDRO II<\/td>\n<\/tr>\n<tr>\n<td style=\"width: 3.75%;\" data-sheets-value=\"{&quot;1&quot;:3,&quot;3&quot;:13}\">13<\/td>\n<td style=\"width: 46.0938%;\" data-sheets-value=\"{&quot;1&quot;:2,&quot;2&quot;:&quot;CRISTIANE DE MENEZES&quot;}\">CRISTIANE DE MENEZES<\/td>\n<td style=\"width: 45.4688%;\" data-sheets-value=\"{&quot;1&quot;:2,&quot;2&quot;:&quot;CMEI. IGNEZ RODRIGUES BERGAMASCHI&quot;}\">CMEI. IGNEZ RODRIGUES BERGAMASCHI<\/td>\n<\/tr>\n<tr>\n<td style=\"width: 3.75%;\" data-sheets-value=\"{&quot;1&quot;:3,&quot;3&quot;:14}\">14<\/td>\n<td style=\"width: 46.0938%;\" data-sheets-value=\"{&quot;1&quot;:2,&quot;2&quot;:&quot;DULCINEIA BORTOTTO SPINASSI&quot;}\">DULCINEIA BORTOTTO SPINASSI<\/td>\n<td style=\"width: 45.4688%;\" data-sheets-value=\"{&quot;1&quot;:2,&quot;2&quot;:&quot;CMEI. JAMILE AIUB HAULY&quot;}\">CMEI. JAMILE AIUB HAULY<\/td>\n<\/tr>\n<tr>\n<td style=\"width: 3.75%;\" data-sheets-value=\"{&quot;1&quot;:3,&quot;3&quot;:15}\">15<\/td>\n<td style=\"width: 46.0938%;\" data-sheets-value=\"{&quot;1&quot;:2,&quot;2&quot;:&quot;ELAINE CRISTINA OKIMOTO RIBEIRO DE QUEIROZ&quot;}\">ELAINE CRISTINA OKIMOTO RIBEIRO DE QUEIROZ<\/td>\n<td style=\"width: 45.4688%;\" data-sheets-value=\"{&quot;1&quot;:2,&quot;2&quot;:&quot;CMEI. MARIA MAGDALENA CARVALHO CORREIA&quot;}\">CMEI. MARIA MAGDALENA CARVALHO CORREIA<\/td>\n<\/tr>\n<tr>\n<td style=\"width: 3.75%;\" data-sheets-value=\"{&quot;1&quot;:3,&quot;3&quot;:16}\">16<\/td>\n<td style=\"width: 46.0938%;\" data-sheets-value=\"{&quot;1&quot;:2,&quot;2&quot;:&quot;ELIZABETH PEREIRA RODRIGUES&quot;}\">ELIZABETH PEREIRA RODRIGUES<\/td>\n<td style=\"width: 45.4688%;\" data-sheets-value=\"{&quot;1&quot;:2,&quot;2&quot;:&quot;CMEI. PADRE JOS\u00c9 LUIS NIETO OCHOA DE OCARIZ&quot;}\">CMEI. PADRE JOS\u00c9 LUIS NIETO OCHOA DE OCARIZ<\/td>\n<\/tr>\n<tr>\n<td style=\"width: 3.75%;\" data-sheets-value=\"{&quot;1&quot;:3,&quot;3&quot;:17}\">17<\/td>\n<td style=\"width: 46.0938%;\" data-sheets-value=\"{&quot;1&quot;:2,&quot;2&quot;:&quot;ERALDO PEDRO DA SILVA&quot;}\">ERALDO PEDRO DA SILVA<\/td>\n<td style=\"width: 45.4688%;\" data-sheets-value=\"{&quot;1&quot;:2,&quot;2&quot;:&quot;E.M. Pe. SYMPHORIANO KOPF&quot;}\">E.M. Pe. SYMPHORIANO KOPF<\/td>\n<\/tr>\n<tr>\n<td style=\"width: 3.75%;\" data-sheets-value=\"{&quot;1&quot;:3,&quot;3&quot;:18}\">18<\/td>\n<td style=\"width: 46.0938%;\" data-sheets-value=\"{&quot;1&quot;:2,&quot;2&quot;:&quot;\u00c9RICA CRISTINE TORRES DE SOUZA&quot;}\">\u00c9RICA CRISTINE TORRES DE SOUZA<\/td>\n<td style=\"width: 45.4688%;\" data-sheets-value=\"{&quot;1&quot;:2,&quot;2&quot;:&quot;CMEI. IGNEZ RODRIGUES BERGAMASCHI&quot;}\">CMEI. IGNEZ RODRIGUES BERGAMASCHI<\/td>\n<\/tr>\n<tr>\n<td style=\"width: 3.75%;\" data-sheets-value=\"{&quot;1&quot;:3,&quot;3&quot;:19}\">19<\/td>\n<td style=\"width: 46.0938%;\" data-sheets-value=\"{&quot;1&quot;:2,&quot;2&quot;:&quot;ESTER THALYTA ALVES DE OLIVEIRA ROGENSKI&quot;}\">ESTER THALYTA ALVES DE OLIVEIRA ROGENSKI<\/td>\n<td style=\"width: 45.4688%;\" data-sheets-value=\"{&quot;1&quot;:2,&quot;2&quot;:&quot;CMEI. NELSON FLOR\u00caNCIO PIZAIA&quot;}\">CMEI. NELSON FLOR\u00caNCIO PIZAIA<\/td>\n<\/tr>\n<tr>\n<td style=\"width: 3.75%;\" data-sheets-value=\"{&quot;1&quot;:3,&quot;3&quot;:20}\">20<\/td>\n<td style=\"width: 46.0938%;\" data-sheets-value=\"{&quot;1&quot;:2,&quot;2&quot;:&quot;EUL\u00c1LIA REGINA FERRAZ DE LIMA&quot;}\">EUL\u00c1LIA REGINA FERRAZ DE LIMA<\/td>\n<td style=\"width: 45.4688%;\" data-sheets-value=\"{&quot;1&quot;:2,&quot;2&quot;:&quot;CMEI. AM\u00c1BILE FERRO BOSCOLO&quot;}\">CMEI. AM\u00c1BILE FERRO BOSCOLO<\/td>\n<\/tr>\n<tr>\n<td style=\"width: 3.75%;\" data-sheets-value=\"{&quot;1&quot;:3,&quot;3&quot;:21}\">21<\/td>\n<td style=\"width: 46.0938%;\" data-sheets-value=\"{&quot;1&quot;:2,&quot;2&quot;:&quot;GEIZA RODRIGUES DE MELO SUZUKI&quot;}\">GEIZA RODRIGUES DE MELO SUZUKI<\/td>\n<td style=\"width: 45.4688%;\" data-sheets-value=\"{&quot;1&quot;:2,&quot;2&quot;:&quot;CMEI. PREFEITO ARCHIMEDES CLIM\u00c9RIO MOZER&quot;}\">CMEI. PREFEITO ARCHIMEDES CLIM\u00c9RIO MOZER<\/td>\n<\/tr>\n<tr>\n<td style=\"width: 3.75%;\" data-sheets-value=\"{&quot;1&quot;:3,&quot;3&quot;:22}\">22<\/td>\n<td style=\"width: 46.0938%;\" data-sheets-value=\"{&quot;1&quot;:2,&quot;2&quot;:&quot;GRAZIELLY FERNNANDA DE ARAUJO VICENTE&quot;}\">GRAZIELLY FERNNANDA DE ARAUJO VICENTE<\/td>\n<td style=\"width: 45.4688%;\" data-sheets-value=\"{&quot;1&quot;:2,&quot;2&quot;:&quot;CMEI. MUNHOZ ZERBETTO&quot;}\">CMEI. MUNHOZ ZERBETTO<\/td>\n<\/tr>\n<tr>\n<td style=\"width: 3.75%;\" data-sheets-value=\"{&quot;1&quot;:3,&quot;3&quot;:23}\">23<\/td>\n<td style=\"width: 46.0938%;\" data-sheets-value=\"{&quot;1&quot;:2,&quot;2&quot;:&quot;HELENA FERNANDES DOS SANTOS DE OLIVEIRA&quot;}\">HELENA FERNANDES DOS SANTOS DE OLIVEIRA<\/td>\n<td style=\"width: 45.4688%;\" data-sheets-value=\"{&quot;1&quot;:2,&quot;2&quot;:&quot;CMEI. ROSA RAMINELLI DE OLIVEIRA&quot;}\">CMEI. ROSA RAMINELLI DE OLIVEIRA<\/td>\n<\/tr>\n<tr>\n<td style=\"width: 3.75%;\" data-sheets-value=\"{&quot;1&quot;:3,&quot;3&quot;:24}\">24<\/td>\n<td style=\"width: 46.0938%;\" data-sheets-value=\"{&quot;1&quot;:2,&quot;2&quot;:&quot;JAMILLY THOMAZ DE SOUZA SENEGALIA&quot;}\">JAMILLY THOMAZ DE SOUZA SENEGALIA<\/td>\n<td style=\"width: 45.4688%;\" data-sheets-value=\"{&quot;1&quot;:2,&quot;2&quot;:&quot;CMEI. WALDOMIRO MOREIRA GOMES&quot;}\">CMEI. WALDOMIRO MOREIRA GOMES<\/td>\n<\/tr>\n<tr>\n<td style=\"width: 3.75%;\" data-sheets-value=\"{&quot;1&quot;:3,&quot;3&quot;:25}\">25<\/td>\n<td style=\"width: 46.0938%;\" data-sheets-value=\"{&quot;1&quot;:2,&quot;2&quot;:&quot;JANAINA GRASIELE DUARTE BUGHI&quot;}\">JANAINA GRASIELE DUARTE BUGHI<\/td>\n<td style=\"width: 45.4688%;\" data-sheets-value=\"{&quot;1&quot;:2,&quot;2&quot;:&quot;E.M. ALVORADA&quot;}\">E.M. ALVORADA<\/td>\n<\/tr>\n<tr>\n<td style=\"width: 3.75%;\" data-sheets-value=\"{&quot;1&quot;:3,&quot;3&quot;:26}\">26<\/td>\n<td style=\"width: 46.0938%;\" data-sheets-value=\"{&quot;1&quot;:2,&quot;2&quot;:&quot;J\u00c9SSICA LORRAINA DA SILVA GAMBARO&quot;}\">J\u00c9SSICA LORRAINA DA SILVA GAMBARO<\/td>\n<td style=\"width: 45.4688%;\" data-sheets-value=\"{&quot;1&quot;:2,&quot;2&quot;:&quot;CMEI. ZILDA ARNS NEUMANN&quot;}\">CMEI. ZILDA ARNS NEUMANN<\/td>\n<\/tr>\n<tr>\n<td style=\"width: 3.75%;\" data-sheets-value=\"{&quot;1&quot;:3,&quot;3&quot;:27}\">27<\/td>\n<td style=\"width: 46.0938%;\" data-sheets-value=\"{&quot;1&quot;:2,&quot;2&quot;:&quot;JOSIELE DINIZ DA SILVA RICHIERI&quot;}\">JOSIELE DINIZ DA SILVA RICHIERI<\/td>\n<td style=\"width: 45.4688%;\" data-sheets-value=\"{&quot;1&quot;:2,&quot;2&quot;:&quot;E.M. JD. SANTA ISABEL&quot;}\">E.M. JD. SANTA ISABEL<\/td>\n<\/tr>\n<tr>\n<td style=\"width: 3.75%;\" data-sheets-value=\"{&quot;1&quot;:3,&quot;3&quot;:28}\">28<\/td>\n<td style=\"width: 46.0938%;\" data-sheets-value=\"{&quot;1&quot;:2,&quot;2&quot;:&quot;JULIANA SALLES OLIVEIRA ROMAGNOLLI PERES&quot;}\">JULIANA SALLES OLIVEIRA ROMAGNOLLI PERES<\/td>\n<td style=\"width: 45.4688%;\" data-sheets-value=\"{&quot;1&quot;:2,&quot;2&quot;:&quot;E.M. PROF. JAC\u00cdDIO CORREIA&quot;}\">E.M. PROF. JAC\u00cdDIO CORREIA<\/td>\n<\/tr>\n<tr>\n<td style=\"width: 3.75%;\" data-sheets-value=\"{&quot;1&quot;:3,&quot;3&quot;:29}\">29<\/td>\n<td style=\"width: 46.0938%;\" data-sheets-value=\"{&quot;1&quot;:2,&quot;2&quot;:&quot;JULIANA VILELA ALVES&quot;}\">JULIANA VILELA ALVES<\/td>\n<td style=\"width: 45.4688%;\" data-sheets-value=\"{&quot;1&quot;:2,&quot;2&quot;:&quot;E.M. PEDRO TKOTZ&quot;}\">E.M. PEDRO TKOTZ<\/td>\n<\/tr>\n<tr>\n<td style=\"width: 3.75%;\" data-sheets-value=\"{&quot;1&quot;:3,&quot;3&quot;:30}\">30<\/td>\n<td style=\"width: 46.0938%;\" data-sheets-value=\"{&quot;1&quot;:2,&quot;2&quot;:&quot;KARINA APARECIDA PALHARI ALVES&quot;}\">KARINA APARECIDA PALHARI ALVES<\/td>\n<td style=\"width: 45.4688%;\" data-sheets-value=\"{&quot;1&quot;:2,&quot;2&quot;:&quot;E.M. PROF.\u00aa IZAURA FERREIRA NEVES&quot;}\">E.M. PROF.\u00aa IZAURA FERREIRA NEVES<\/td>\n<\/tr>\n<tr>\n<td style=\"width: 3.75%;\" data-sheets-value=\"{&quot;1&quot;:3,&quot;3&quot;:31}\">31<\/td>\n<td style=\"width: 46.0938%;\" data-sheets-value=\"{&quot;1&quot;:2,&quot;2&quot;:&quot;LOHAINE MAGALH\u00c3ES FERREIRA DE BRITO&quot;}\">LOHAINE MAGALH\u00c3ES FERREIRA DE BRITO<\/td>\n<td style=\"width: 45.4688%;\" data-sheets-value=\"{&quot;1&quot;:2,&quot;2&quot;:&quot;CMEI. PREFEITO EUSTACHIO SELLMANN&quot;}\">CMEI. PREFEITO EUSTACHIO SELLMANN<\/td>\n<\/tr>\n<tr>\n<td style=\"width: 3.75%;\" data-sheets-value=\"{&quot;1&quot;:3,&quot;3&quot;:32}\">32<\/td>\n<td style=\"width: 46.0938%;\" data-sheets-value=\"{&quot;1&quot;:2,&quot;2&quot;:&quot;MARIA ISABEL BARUSSO PAGNAN&quot;}\">MARIA ISABEL BARUSSO PAGNAN<\/td>\n<td style=\"width: 45.4688%;\" data-sheets-value=\"{&quot;1&quot;:2,&quot;2&quot;:&quot;CMEI. DR. DAISAKU IKEDA&quot;}\">CMEI. DR. DAISAKU IKEDA<\/td>\n<\/tr>\n<tr>\n<td style=\"width: 3.75%;\" data-sheets-value=\"{&quot;1&quot;:3,&quot;3&quot;:33}\">33<\/td>\n<td style=\"width: 46.0938%;\" data-sheets-value=\"{&quot;1&quot;:2,&quot;2&quot;:&quot;MARIA JOS\u00c9 BRIZOLA RIBEIRO TRINCE&quot;}\">MARIA JOS\u00c9 BRIZOLA RIBEIRO TRINCE<\/td>\n<td style=\"width: 45.4688%;\" data-sheets-value=\"{&quot;1&quot;:2,&quot;2&quot;:&quot;E.M. SANTOS DUMONT&quot;}\">E.M. SANTOS DUMONT<\/td>\n<\/tr>\n<tr>\n<td style=\"width: 3.75%;\" data-sheets-value=\"{&quot;1&quot;:3,&quot;3&quot;:34}\">34<\/td>\n<td style=\"width: 46.0938%;\" data-sheets-value=\"{&quot;1&quot;:2,&quot;2&quot;:&quot;MICHELE FERREIRA DE SOUZA BARROS&quot;}\">MICHELE FERREIRA DE SOUZA BARROS<\/td>\n<td style=\"width: 45.4688%;\" data-sheets-value=\"{&quot;1&quot;:2,&quot;2&quot;:&quot;CMEI. EUFRAUZINA MINERVINA DE JESUS&quot;}\">CMEI. EUFRAUZINA MINERVINA DE JESUS<\/td>\n<\/tr>\n<tr>\n<td style=\"width: 3.75%;\" data-sheets-value=\"{&quot;1&quot;:3,&quot;3&quot;:35}\">35<\/td>\n<td style=\"width: 46.0938%;\" data-sheets-value=\"{&quot;1&quot;:2,&quot;2&quot;:&quot;MILENA STABILE MOURA DE ANDRADE&quot;}\">MILENA STABILE MOURA DE ANDRADE<\/td>\n<td style=\"width: 45.4688%;\" data-sheets-value=\"{&quot;1&quot;:2,&quot;2&quot;:&quot;CMEI. HUGO GON\u00c7ALVES&quot;}\">CMEI. HUGO GON\u00c7ALVES<\/td>\n<\/tr>\n<tr>\n<td style=\"width: 3.75%;\" data-sheets-value=\"{&quot;1&quot;:3,&quot;3&quot;:36}\">36<\/td>\n<td style=\"width: 46.0938%;\" data-sheets-value=\"{&quot;1&quot;:2,&quot;2&quot;:&quot;MIRELE MONIQUE VENANCIO PEREIRA&quot;}\">MIRELE MONIQUE VENANCIO PEREIRA<\/td>\n<td style=\"width: 45.4688%;\" data-sheets-value=\"{&quot;1&quot;:2,&quot;2&quot;:&quot;CMEI. AQUARELA&quot;}\">CMEI. AQUARELA<\/td>\n<\/tr>\n<tr>\n<td style=\"width: 3.75%;\" data-sheets-value=\"{&quot;1&quot;:3,&quot;3&quot;:37}\">37<\/td>\n<td style=\"width: 46.0938%;\" data-sheets-value=\"{&quot;1&quot;:2,&quot;2&quot;:&quot;PATR\u00cdCIA SALLES ROCHA BONFIM&quot;}\">PATR\u00cdCIA SALLES ROCHA BONFIM<\/td>\n<td style=\"width: 45.4688%;\" data-sheets-value=\"{&quot;1&quot;:2,&quot;2&quot;:&quot;CMEI. MUNHOZ ZERBETTO&quot;}\">CMEI. MUNHOZ ZERBETTO<\/td>\n<\/tr>\n<tr>\n<td style=\"width: 3.75%;\" data-sheets-value=\"{&quot;1&quot;:3,&quot;3&quot;:38}\">38<\/td>\n<td style=\"width: 46.0938%;\" data-sheets-value=\"{&quot;1&quot;:2,&quot;2&quot;:&quot;PAULA CRISTINA RODRIGUES MARTINS DELGADO&quot;}\">PAULA CRISTINA RODRIGUES MARTINS DELGADO<\/td>\n<td style=\"width: 45.4688%;\" data-sheets-value=\"{&quot;1&quot;:2,&quot;2&quot;:&quot;CMEI. MARIA DAS VIRGENS FALC\u00c3O&quot;}\">CMEI. MARIA DAS VIRGENS FALC\u00c3O<\/td>\n<\/tr>\n<tr>\n<td style=\"width: 3.75%;\" data-sheets-value=\"{&quot;1&quot;:3,&quot;3&quot;:39}\">39<\/td>\n<td style=\"width: 46.0938%;\" data-sheets-value=\"{&quot;1&quot;:2,&quot;2&quot;:&quot;PAULA DANIELE DE AQUINO&quot;}\">PAULA DANIELE DE AQUINO<\/td>\n<td style=\"width: 45.4688%;\" data-sheets-value=\"{&quot;1&quot;:2,&quot;2&quot;:&quot;CMEI. ROSA RAMINELLI DE OLIVEIRA&quot;}\">CMEI. ROSA RAMINELLI DE OLIVEIRA<\/td>\n<\/tr>\n<tr>\n<td style=\"width: 3.75%;\" data-sheets-value=\"{&quot;1&quot;:3,&quot;3&quot;:40}\">40<\/td>\n<td style=\"width: 46.0938%;\" data-sheets-value=\"{&quot;1&quot;:2,&quot;2&quot;:&quot;PAULO HENRIQUE BARBARA&quot;}\">PAULO HENRIQUE BARBARA<\/td>\n<td style=\"width: 45.4688%;\" data-sheets-value=\"{&quot;1&quot;:2,&quot;2&quot;:&quot;E.M. IRM\u00c3 HILDA SOARES&quot;}\">E.M. IRM\u00c3 HILDA SOARES<\/td>\n<\/tr>\n<tr>\n<td style=\"width: 3.75%;\" data-sheets-value=\"{&quot;1&quot;:3,&quot;3&quot;:41}\">41<\/td>\n<td style=\"width: 46.0938%;\" data-sheets-value=\"{&quot;1&quot;:2,&quot;2&quot;:&quot;RAQUEL SOFIA CANCINI SLEMER&quot;}\">RAQUEL SOFIA CANCINI SLEMER<\/td>\n<td style=\"width: 45.4688%;\" data-sheets-value=\"{&quot;1&quot;:2,&quot;2&quot;:&quot;CMEI. MADRE TEREZA DE CALCUT\u00c1&quot;}\">CMEI. MADRE TEREZA DE CALCUT\u00c1<\/td>\n<\/tr>\n<tr>\n<td style=\"width: 3.75%;\" data-sheets-value=\"{&quot;1&quot;:3,&quot;3&quot;:42}\">42<\/td>\n<td style=\"width: 46.0938%;\" data-sheets-value=\"{&quot;1&quot;:2,&quot;2&quot;:&quot;RENATA MARIA SAMPAIO CIRIACO RAMOS&quot;}\">RENATA MARIA SAMPAIO CIRIACO RAMOS<\/td>\n<td style=\"width: 45.4688%;\" data-sheets-value=\"{&quot;1&quot;:2,&quot;2&quot;:&quot;CMEI. BEATO ANTONIO FREDERICO OZANAM&quot;}\">CMEI. BEATO ANTONIO FREDERICO OZANAM<\/td>\n<\/tr>\n<tr>\n<td style=\"width: 3.75%;\" data-sheets-value=\"{&quot;1&quot;:3,&quot;3&quot;:43}\">43<\/td>\n<td style=\"width: 46.0938%;\" data-sheets-value=\"{&quot;1&quot;:2,&quot;2&quot;:&quot;ROSIMARA IGLESIAS&quot;}\">ROSIMARA IGLESIAS<\/td>\n<td style=\"width: 45.4688%;\" data-sheets-value=\"{&quot;1&quot;:2,&quot;2&quot;:&quot;E.M. PEDRO TKOTZ&quot;}\">E.M. PEDRO TKOTZ<\/td>\n<\/tr>\n<tr>\n<td style=\"width: 3.75%;\" data-sheets-value=\"{&quot;1&quot;:3,&quot;3&quot;:44}\">44<\/td>\n<td style=\"width: 46.0938%;\" data-sheets-value=\"{&quot;1&quot;:2,&quot;2&quot;:&quot;TAIS GABRIELA PIAZENTIN&quot;}\">TAIS GABRIELA PIAZENTIN<\/td>\n<td style=\"width: 45.4688%;\" data-sheets-value=\"{&quot;1&quot;:2,&quot;2&quot;:&quot;CMEI. JOS\u00c9 SEST\u00c1RIO&quot;}\">CMEI. JOS\u00c9 SEST\u00c1RIO<\/td>\n<\/tr>\n<tr>\n<td style=\"width: 3.75%;\" data-sheets-value=\"{&quot;1&quot;:3,&quot;3&quot;:45}\">45<\/td>\n<td style=\"width: 46.0938%;\" data-sheets-value=\"{&quot;1&quot;:2,&quot;2&quot;:&quot;TAMIRES BARTAZAR ARA\u00daJO&quot;}\">TAMIRES BARTAZAR ARA\u00daJO<\/td>\n<td style=\"width: 45.4688%;\" data-sheets-value=\"{&quot;1&quot;:2,&quot;2&quot;:&quot;E.M. OLAVO SOARES BARROS&quot;}\">E.M. OLAVO SOARES BARROS<\/td>\n<\/tr>\n<tr>\n<td style=\"width: 3.75%;\" data-sheets-value=\"{&quot;1&quot;:3,&quot;3&quot;:46}\">46<\/td>\n<td style=\"width: 46.0938%;\" data-sheets-value=\"{&quot;1&quot;:2,&quot;2&quot;:&quot;T\u00c2NIA REGINA ASSOFRA&quot;}\">T\u00c2NIA REGINA ASSOFRA<\/td>\n<td style=\"width: 45.4688%;\" data-sheets-value=\"{&quot;1&quot;:2,&quot;2&quot;:&quot;E.M. ROBERTO CONCEI\u00c7\u00c3O&quot;}\">E.M. ROBERTO CONCEI\u00c7\u00c3O<\/td>\n<\/tr>\n<tr>\n<td style=\"width: 3.75%;\" data-sheets-value=\"{&quot;1&quot;:3,&quot;3&quot;:47}\">47<\/td>\n<td style=\"width: 46.0938%;\" data-sheets-value=\"{&quot;1&quot;:2,&quot;2&quot;:&quot;THAIS ACORSI SANDOLI&quot;}\">THAIS ACORSI SANDOLI<\/td>\n<td style=\"width: 45.4688%;\" data-sheets-value=\"{&quot;1&quot;:2,&quot;2&quot;:&quot;E.M. PROF.\u00aa MARIA ROSA TREVISAN GALHASCE&quot;}\">E.M. PROF.\u00aa MARIA ROSA TREVISAN GALHASCE<\/td>\n<\/tr>\n<tr>\n<td style=\"width: 3.75%;\" data-sheets-value=\"{&quot;1&quot;:3,&quot;3&quot;:48}\">48<\/td>\n<td style=\"width: 46.0938%;\" data-sheets-value=\"{&quot;1&quot;:2,&quot;2&quot;:&quot;VALDIC\u00c9IA APARECIDA FREI VIDEIRA&quot;}\">VALDIC\u00c9IA APARECIDA FREI VIDEIRA<\/td>\n<td style=\"width: 45.4688%;\" data-sheets-value=\"{&quot;1&quot;:2,&quot;2&quot;:&quot;E.M. SANTOS DUMONT&quot;}\">E.M. SANTOS DUMONT<\/td>\n<\/tr>\n<tr>\n<td style=\"width: 3.75%;\" data-sheets-value=\"{&quot;1&quot;:3,&quot;3&quot;:49}\">49<\/td>\n<td style=\"width: 46.0938%;\" data-sheets-value=\"{&quot;1&quot;:2,&quot;2&quot;:&quot;VALDIRENE CRISTINA BORAZIO DA SILVA&quot;}\">VALDIRENE CRISTINA BORAZIO DA SILVA<\/td>\n<td style=\"width: 45.4688%;\" data-sheets-value=\"{&quot;1&quot;:2,&quot;2&quot;:&quot;CMEI. A SEMENTINHA&quot;}\">CMEI. A SEMENTINHA<\/td>\n<\/tr>\n<tr>\n<td style=\"width: 3.75%;\" data-sheets-value=\"{&quot;1&quot;:3,&quot;3&quot;:50}\">50<\/td>\n<td style=\"width: 46.0938%;\" data-sheets-value=\"{&quot;1&quot;:2,&quot;2&quot;:&quot;VAL\u00c9RIA VERISSIMO GOMES&quot;}\">VAL\u00c9RIA VERISSIMO GOMES<\/td>\n<td style=\"width: 45.4688%;\" data-sheets-value=\"{&quot;1&quot;:2,&quot;2&quot;:&quot;CMEI. JOANA BENADUCCI MARTIN&quot;}\">CMEI. JOANA BENADUCCI MARTIN<\/td>\n<\/tr>\n<tr>\n<td style=\"width: 3.75%;\" data-sheets-value=\"{&quot;1&quot;:3,&quot;3&quot;:51}\">51<\/td>\n<td style=\"width: 46.0938%;\" data-sheets-value=\"{&quot;1&quot;:2,&quot;2&quot;:&quot;V\u00c2NIA APARECIDA DE SOUZA LIMEIRA&quot;}\">V\u00c2NIA APARECIDA DE SOUZA LIMEIRA<\/td>\n<td style=\"width: 45.4688%;\" data-sheets-value=\"{&quot;1&quot;:2,&quot;2&quot;:&quot;CMEI. HUGO SIMAS&quot;}\">CMEI. HUGO SIMAS<\/td>\n<\/tr>\n<tr>\n<td style=\"width: 3.75%;\" data-sheets-value=\"{&quot;1&quot;:3,&quot;3&quot;:52}\">52<\/td>\n<td style=\"width: 46.0938%;\" data-sheets-value=\"{&quot;1&quot;:2,&quot;2&quot;:&quot;VANILDA DA SILVA DIAS&quot;}\">VANILDA DA SILVA DIAS<\/td>\n<td style=\"width: 45.4688%;\" data-sheets-value=\"{&quot;1&quot;:2,&quot;2&quot;:&quot;CMEI. BAL\u00c3O M\u00c1GICO&quot;}\">CMEI. BAL\u00c3O M\u00c1GICO<\/td>\n<\/tr>\n<\/tbody>\n<\/table>\n<p>&nbsp;<\/p>\n<p>A forma\u00e7\u00e3o tem in\u00edcio previsto para o dia 01\/10\/2021, os cursistas devem receber o link e senha de acesso no seu e-mail institucional nos pr\u00f3ximos dias.<\/p>\n","protected":false},"excerpt":{"rendered":"<p>A Comiss\u00e3o Organizadora Central do Processo de Consulta \u00e0 Comunidade Escolar para Designa\u00e7\u00e3o de Diretores das Unidades Escolares, torna p\u00fablico a lista de nomes, em ordem alfab\u00e9tica, dos professores inscritos validada para o Curso de Forma\u00e7\u00e3o Para Exerc\u00edcio da Fun\u00e7\u00e3o de Diretor. Qnt. NOME UNIDADE ESCOLAR 1 ADRIANA NUNES DE ANDRADE CASTELANI E.M. PEDRO TKOTZ [&hellip;]<\/p>\n","protected":false},"author":7,"featured_media":0,"comment_status":"closed","ping_status":"open","sticky":false,"template":"","format":"standard","meta":{"ngg_post_thumbnail":0,"footnotes":""},"categories":[1],"tags":[],"class_list":["post-1066","post","type-post","status-publish","format-standard","hentry","category-educacao"],"yoast_head":"<!-- This site is optimized with the Yoast SEO plugin v24.4 - https:\/\/yoast.com\/wordpress\/plugins\/seo\/ -->\n<title>Curso de Forma\u00e7\u00e3o Para Exerc\u00edcio da Fun\u00e7\u00e3o de Diretor - Secretaria de Educa\u00e7\u00e3o e Cultura<\/title>\n<meta name=\"robots\" content=\"index, follow, max-snippet:-1, max-image-preview:large, max-video-preview:-1\" \/>\n<link rel=\"canonical\" href=\"https:\/\/educacao.cambe.pr.gov.br\/index.php\/curso-de-formacao-para-exercicio-da-funcao-de-diretor\/\" \/>\n<meta property=\"og:locale\" content=\"pt_BR\" \/>\n<meta property=\"og:type\" content=\"article\" \/>\n<meta property=\"og:title\" content=\"Curso de Forma\u00e7\u00e3o Para Exerc\u00edcio da Fun\u00e7\u00e3o de Diretor - Secretaria de Educa\u00e7\u00e3o e Cultura\" \/>\n<meta property=\"og:description\" content=\"A Comiss\u00e3o Organizadora Central do Processo de Consulta \u00e0 Comunidade Escolar para Designa\u00e7\u00e3o de Diretores das Unidades Escolares, torna p\u00fablico a lista de nomes, em ordem alfab\u00e9tica, dos professores inscritos validada para o Curso de Forma\u00e7\u00e3o Para Exerc\u00edcio da Fun\u00e7\u00e3o de Diretor. Qnt. NOME UNIDADE ESCOLAR 1 ADRIANA NUNES DE ANDRADE CASTELANI E.M. PEDRO TKOTZ [&hellip;]\" \/>\n<meta property=\"og:url\" content=\"https:\/\/educacao.cambe.pr.gov.br\/index.php\/curso-de-formacao-para-exercicio-da-funcao-de-diretor\/\" \/>\n<meta property=\"og:site_name\" content=\"Secretaria de Educa\u00e7\u00e3o e Cultura\" \/>\n<meta property=\"article:published_time\" content=\"2021-09-29T13:29:08+00:00\" \/>\n<meta property=\"article:modified_time\" content=\"2024-10-08T11:26:23+00:00\" \/>\n<meta name=\"author\" content=\"Juliano Lopes da Silva\" \/>\n<meta name=\"twitter:card\" content=\"summary_large_image\" \/>\n<meta name=\"twitter:label1\" content=\"Escrito por\" \/>\n\t<meta name=\"twitter:data1\" content=\"Juliano Lopes da Silva\" \/>\n\t<meta name=\"twitter:label2\" content=\"Est. tempo de leitura\" \/>\n\t<meta name=\"twitter:data2\" content=\"3 minutos\" \/>\n<script type=\"application\/ld+json\" class=\"yoast-schema-graph\">{\"@context\":\"https:\/\/schema.org\",\"@graph\":[{\"@type\":\"Article\",\"@id\":\"https:\/\/educacao.cambe.pr.gov.br\/index.php\/curso-de-formacao-para-exercicio-da-funcao-de-diretor\/#article\",\"isPartOf\":{\"@id\":\"https:\/\/educacao.cambe.pr.gov.br\/index.php\/curso-de-formacao-para-exercicio-da-funcao-de-diretor\/\"},\"author\":{\"name\":\"Juliano Lopes da Silva\",\"@id\":\"https:\/\/educacao.cambe.pr.gov.br\/#\/schema\/person\/a194ff5a99ad942628443f37e7b98c85\"},\"headline\":\"Curso de Forma\u00e7\u00e3o Para Exerc\u00edcio da Fun\u00e7\u00e3o de Diretor\",\"datePublished\":\"2021-09-29T13:29:08+00:00\",\"dateModified\":\"2024-10-08T11:26:23+00:00\",\"mainEntityOfPage\":{\"@id\":\"https:\/\/educacao.cambe.pr.gov.br\/index.php\/curso-de-formacao-para-exercicio-da-funcao-de-diretor\/\"},\"wordCount\":571,\"publisher\":{\"@id\":\"https:\/\/educacao.cambe.pr.gov.br\/#organization\"},\"articleSection\":[\"Educa\u00e7\u00e3o\"],\"inLanguage\":\"pt-BR\"},{\"@type\":\"WebPage\",\"@id\":\"https:\/\/educacao.cambe.pr.gov.br\/index.php\/curso-de-formacao-para-exercicio-da-funcao-de-diretor\/\",\"url\":\"https:\/\/educacao.cambe.pr.gov.br\/index.php\/curso-de-formacao-para-exercicio-da-funcao-de-diretor\/\",\"name\":\"Curso de Forma\u00e7\u00e3o Para Exerc\u00edcio da Fun\u00e7\u00e3o de Diretor - Secretaria de Educa\u00e7\u00e3o e Cultura\",\"isPartOf\":{\"@id\":\"https:\/\/educacao.cambe.pr.gov.br\/#website\"},\"datePublished\":\"2021-09-29T13:29:08+00:00\",\"dateModified\":\"2024-10-08T11:26:23+00:00\",\"breadcrumb\":{\"@id\":\"https:\/\/educacao.cambe.pr.gov.br\/index.php\/curso-de-formacao-para-exercicio-da-funcao-de-diretor\/#breadcrumb\"},\"inLanguage\":\"pt-BR\",\"potentialAction\":[{\"@type\":\"ReadAction\",\"target\":[\"https:\/\/educacao.cambe.pr.gov.br\/index.php\/curso-de-formacao-para-exercicio-da-funcao-de-diretor\/\"]}]},{\"@type\":\"BreadcrumbList\",\"@id\":\"https:\/\/educacao.cambe.pr.gov.br\/index.php\/curso-de-formacao-para-exercicio-da-funcao-de-diretor\/#breadcrumb\",\"itemListElement\":[{\"@type\":\"ListItem\",\"position\":1,\"name\":\"In\u00edcio\",\"item\":\"https:\/\/educacao.cambe.pr.gov.br\/\"},{\"@type\":\"ListItem\",\"position\":2,\"name\":\"Curso de Forma\u00e7\u00e3o Para Exerc\u00edcio da Fun\u00e7\u00e3o de Diretor\"}]},{\"@type\":\"WebSite\",\"@id\":\"https:\/\/educacao.cambe.pr.gov.br\/#website\",\"url\":\"https:\/\/educacao.cambe.pr.gov.br\/\",\"name\":\"Secretaria de Educa\u00e7\u00e3o e Cultura\",\"description\":\"Prefeitura de Camb\u00e9\",\"publisher\":{\"@id\":\"https:\/\/educacao.cambe.pr.gov.br\/#organization\"},\"potentialAction\":[{\"@type\":\"SearchAction\",\"target\":{\"@type\":\"EntryPoint\",\"urlTemplate\":\"https:\/\/educacao.cambe.pr.gov.br\/?s={search_term_string}\"},\"query-input\":{\"@type\":\"PropertyValueSpecification\",\"valueRequired\":true,\"valueName\":\"search_term_string\"}}],\"inLanguage\":\"pt-BR\"},{\"@type\":\"Organization\",\"@id\":\"https:\/\/educacao.cambe.pr.gov.br\/#organization\",\"name\":\"Secretaria de Educa\u00e7\u00e3o e Cultura\",\"url\":\"https:\/\/educacao.cambe.pr.gov.br\/\",\"logo\":{\"@type\":\"ImageObject\",\"inLanguage\":\"pt-BR\",\"@id\":\"https:\/\/educacao.cambe.pr.gov.br\/#\/schema\/logo\/image\/\",\"url\":\"https:\/\/educacao.cambe.pr.gov.br\/wp-content\/uploads\/2020\/08\/cambe_rural_brazao-pq.png\",\"contentUrl\":\"https:\/\/educacao.cambe.pr.gov.br\/wp-content\/uploads\/2020\/08\/cambe_rural_brazao-pq.png\",\"width\":150,\"height\":150,\"caption\":\"Secretaria de Educa\u00e7\u00e3o e Cultura\"},\"image\":{\"@id\":\"https:\/\/educacao.cambe.pr.gov.br\/#\/schema\/logo\/image\/\"}},{\"@type\":\"Person\",\"@id\":\"https:\/\/educacao.cambe.pr.gov.br\/#\/schema\/person\/a194ff5a99ad942628443f37e7b98c85\",\"name\":\"Juliano Lopes da Silva\",\"image\":{\"@type\":\"ImageObject\",\"inLanguage\":\"pt-BR\",\"@id\":\"https:\/\/educacao.cambe.pr.gov.br\/#\/schema\/person\/image\/\",\"url\":\"https:\/\/secure.gravatar.com\/avatar\/6b2019b8516158d7cb6416618a3a2b45?s=96&d=mm&r=g\",\"contentUrl\":\"https:\/\/secure.gravatar.com\/avatar\/6b2019b8516158d7cb6416618a3a2b45?s=96&d=mm&r=g\",\"caption\":\"Juliano Lopes da Silva\"},\"url\":\"https:\/\/educacao.cambe.pr.gov.br\/index.php\/author\/jlsilva\/\"}]}<\/script>\n<!-- \/ Yoast SEO plugin. -->","yoast_head_json":{"title":"Curso de Forma\u00e7\u00e3o Para Exerc\u00edcio da Fun\u00e7\u00e3o de Diretor - Secretaria de Educa\u00e7\u00e3o e Cultura","robots":{"index":"index","follow":"follow","max-snippet":"max-snippet:-1","max-image-preview":"max-image-preview:large","max-video-preview":"max-video-preview:-1"},"canonical":"https:\/\/educacao.cambe.pr.gov.br\/index.php\/curso-de-formacao-para-exercicio-da-funcao-de-diretor\/","og_locale":"pt_BR","og_type":"article","og_title":"Curso de Forma\u00e7\u00e3o Para Exerc\u00edcio da Fun\u00e7\u00e3o de Diretor - Secretaria de Educa\u00e7\u00e3o e Cultura","og_description":"A Comiss\u00e3o Organizadora Central do Processo de Consulta \u00e0 Comunidade Escolar para Designa\u00e7\u00e3o de Diretores das Unidades Escolares, torna p\u00fablico a lista de nomes, em ordem alfab\u00e9tica, dos professores inscritos validada para o Curso de Forma\u00e7\u00e3o Para Exerc\u00edcio da Fun\u00e7\u00e3o de Diretor. Qnt. NOME UNIDADE ESCOLAR 1 ADRIANA NUNES DE ANDRADE CASTELANI E.M. PEDRO TKOTZ [&hellip;]","og_url":"https:\/\/educacao.cambe.pr.gov.br\/index.php\/curso-de-formacao-para-exercicio-da-funcao-de-diretor\/","og_site_name":"Secretaria de Educa\u00e7\u00e3o e Cultura","article_published_time":"2021-09-29T13:29:08+00:00","article_modified_time":"2024-10-08T11:26:23+00:00","author":"Juliano Lopes da Silva","twitter_card":"summary_large_image","twitter_misc":{"Escrito por":"Juliano Lopes da Silva","Est. tempo de leitura":"3 minutos"},"schema":{"@context":"https:\/\/schema.org","@graph":[{"@type":"Article","@id":"https:\/\/educacao.cambe.pr.gov.br\/index.php\/curso-de-formacao-para-exercicio-da-funcao-de-diretor\/#article","isPartOf":{"@id":"https:\/\/educacao.cambe.pr.gov.br\/index.php\/curso-de-formacao-para-exercicio-da-funcao-de-diretor\/"},"author":{"name":"Juliano Lopes da Silva","@id":"https:\/\/educacao.cambe.pr.gov.br\/#\/schema\/person\/a194ff5a99ad942628443f37e7b98c85"},"headline":"Curso de Forma\u00e7\u00e3o Para Exerc\u00edcio da Fun\u00e7\u00e3o de Diretor","datePublished":"2021-09-29T13:29:08+00:00","dateModified":"2024-10-08T11:26:23+00:00","mainEntityOfPage":{"@id":"https:\/\/educacao.cambe.pr.gov.br\/index.php\/curso-de-formacao-para-exercicio-da-funcao-de-diretor\/"},"wordCount":571,"publisher":{"@id":"https:\/\/educacao.cambe.pr.gov.br\/#organization"},"articleSection":["Educa\u00e7\u00e3o"],"inLanguage":"pt-BR"},{"@type":"WebPage","@id":"https:\/\/educacao.cambe.pr.gov.br\/index.php\/curso-de-formacao-para-exercicio-da-funcao-de-diretor\/","url":"https:\/\/educacao.cambe.pr.gov.br\/index.php\/curso-de-formacao-para-exercicio-da-funcao-de-diretor\/","name":"Curso de Forma\u00e7\u00e3o Para Exerc\u00edcio da Fun\u00e7\u00e3o de Diretor - Secretaria de Educa\u00e7\u00e3o e Cultura","isPartOf":{"@id":"https:\/\/educacao.cambe.pr.gov.br\/#website"},"datePublished":"2021-09-29T13:29:08+00:00","dateModified":"2024-10-08T11:26:23+00:00","breadcrumb":{"@id":"https:\/\/educacao.cambe.pr.gov.br\/index.php\/curso-de-formacao-para-exercicio-da-funcao-de-diretor\/#breadcrumb"},"inLanguage":"pt-BR","potentialAction":[{"@type":"ReadAction","target":["https:\/\/educacao.cambe.pr.gov.br\/index.php\/curso-de-formacao-para-exercicio-da-funcao-de-diretor\/"]}]},{"@type":"BreadcrumbList","@id":"https:\/\/educacao.cambe.pr.gov.br\/index.php\/curso-de-formacao-para-exercicio-da-funcao-de-diretor\/#breadcrumb","itemListElement":[{"@type":"ListItem","position":1,"name":"In\u00edcio","item":"https:\/\/educacao.cambe.pr.gov.br\/"},{"@type":"ListItem","position":2,"name":"Curso de Forma\u00e7\u00e3o Para Exerc\u00edcio da Fun\u00e7\u00e3o de Diretor"}]},{"@type":"WebSite","@id":"https:\/\/educacao.cambe.pr.gov.br\/#website","url":"https:\/\/educacao.cambe.pr.gov.br\/","name":"Secretaria de Educa\u00e7\u00e3o e Cultura","description":"Prefeitura de Camb\u00e9","publisher":{"@id":"https:\/\/educacao.cambe.pr.gov.br\/#organization"},"potentialAction":[{"@type":"SearchAction","target":{"@type":"EntryPoint","urlTemplate":"https:\/\/educacao.cambe.pr.gov.br\/?s={search_term_string}"},"query-input":{"@type":"PropertyValueSpecification","valueRequired":true,"valueName":"search_term_string"}}],"inLanguage":"pt-BR"},{"@type":"Organization","@id":"https:\/\/educacao.cambe.pr.gov.br\/#organization","name":"Secretaria de Educa\u00e7\u00e3o e Cultura","url":"https:\/\/educacao.cambe.pr.gov.br\/","logo":{"@type":"ImageObject","inLanguage":"pt-BR","@id":"https:\/\/educacao.cambe.pr.gov.br\/#\/schema\/logo\/image\/","url":"https:\/\/educacao.cambe.pr.gov.br\/wp-content\/uploads\/2020\/08\/cambe_rural_brazao-pq.png","contentUrl":"https:\/\/educacao.cambe.pr.gov.br\/wp-content\/uploads\/2020\/08\/cambe_rural_brazao-pq.png","width":150,"height":150,"caption":"Secretaria de Educa\u00e7\u00e3o e Cultura"},"image":{"@id":"https:\/\/educacao.cambe.pr.gov.br\/#\/schema\/logo\/image\/"}},{"@type":"Person","@id":"https:\/\/educacao.cambe.pr.gov.br\/#\/schema\/person\/a194ff5a99ad942628443f37e7b98c85","name":"Juliano Lopes da Silva","image":{"@type":"ImageObject","inLanguage":"pt-BR","@id":"https:\/\/educacao.cambe.pr.gov.br\/#\/schema\/person\/image\/","url":"https:\/\/secure.gravatar.com\/avatar\/6b2019b8516158d7cb6416618a3a2b45?s=96&d=mm&r=g","contentUrl":"https:\/\/secure.gravatar.com\/avatar\/6b2019b8516158d7cb6416618a3a2b45?s=96&d=mm&r=g","caption":"Juliano Lopes da Silva"},"url":"https:\/\/educacao.cambe.pr.gov.br\/index.php\/author\/jlsilva\/"}]}},"_links":{"self":[{"href":"https:\/\/educacao.cambe.pr.gov.br\/index.php\/wp-json\/wp\/v2\/posts\/1066","targetHints":{"allow":["GET"]}}],"collection":[{"href":"https:\/\/educacao.cambe.pr.gov.br\/index.php\/wp-json\/wp\/v2\/posts"}],"about":[{"href":"https:\/\/educacao.cambe.pr.gov.br\/index.php\/wp-json\/wp\/v2\/types\/post"}],"author":[{"embeddable":true,"href":"https:\/\/educacao.cambe.pr.gov.br\/index.php\/wp-json\/wp\/v2\/users\/7"}],"replies":[{"embeddable":true,"href":"https:\/\/educacao.cambe.pr.gov.br\/index.php\/wp-json\/wp\/v2\/comments?post=1066"}],"version-history":[{"count":4,"href":"https:\/\/educacao.cambe.pr.gov.br\/index.php\/wp-json\/wp\/v2\/posts\/1066\/revisions"}],"predecessor-version":[{"id":1070,"href":"https:\/\/educacao.cambe.pr.gov.br\/index.php\/wp-json\/wp\/v2\/posts\/1066\/revisions\/1070"}],"wp:attachment":[{"href":"https:\/\/educacao.cambe.pr.gov.br\/index.php\/wp-json\/wp\/v2\/media?parent=1066"}],"wp:term":[{"taxonomy":"category","embeddable":true,"href":"https:\/\/educacao.cambe.pr.gov.br\/index.php\/wp-json\/wp\/v2\/categories?post=1066"},{"taxonomy":"post_tag","embeddable":true,"href":"https:\/\/educacao.cambe.pr.gov.br\/index.php\/wp-json\/wp\/v2\/tags?post=1066"}],"curies":[{"name":"wp","href":"https:\/\/api.w.org\/{rel}","templated":true}]}}