{"id":1055,"date":"2021-09-27T10:17:35","date_gmt":"2021-09-27T13:17:35","guid":{"rendered":"http:\/\/educacao.cambe.pr.gov.br\/?p=1055"},"modified":"2024-10-08T08:26:23","modified_gmt":"2024-10-08T11:26:23","slug":"aberta-as-inscricoes-para-o-curso-de-formacao-para-o-exercicio-da-funcao-de-diretor-escolar","status":"publish","type":"post","link":"https:\/\/educacao.cambe.pr.gov.br\/index.php\/aberta-as-inscricoes-para-o-curso-de-formacao-para-o-exercicio-da-funcao-de-diretor-escolar\/","title":{"rendered":"Abertas as inscri\u00e7\u00f5es para o Curso de Forma\u00e7\u00e3o para o Exerc\u00edcio da Fun\u00e7\u00e3o de Diretor Escolar"},"content":{"rendered":"<p style=\"text-align: justify;\">A Comiss\u00e3o Organizadora Central (COC) do Processo de Consulta \u00e0 Comunidade Escolar para Designa\u00e7\u00e3o de Diretores das Unidades Escolares, d\u00e1 in\u00edcio as inscri\u00e7\u00f5es da 2\u00ba etapa de inscri\u00e7\u00e3o dos candidatos&nbsp; para o curso de forma\u00e7\u00e3o previsto no Decreto 518\/2021.<\/p>\n<p style=\"text-align: justify;\">Devem se inscrever para o curso os candidatos cujo os nomes constam na <a href=\"https:\/\/educacao.cambe.pr.gov.br\/2021\/09\/24\/coc-publica-a-lista-das-inscricoes-validadas-para-o-processo-de-consulta-a-comunidade-escola\/\">lista de inscri\u00e7\u00f5es validadas na 1\u00ba etapa do processo.<\/a><\/p>\n<p style=\"text-align: justify;\">Para preencher o formul\u00e1rio \u00e9 preciso fazer login no e-mail institucional. A COC informa que <strong>receber\u00e1 inscri\u00e7\u00f5es at\u00e9 \u00e0s 23h 59min do dia 28 de setembro de 2021<\/strong>, dificuldades ou problemas no preenchimento do formul\u00e1rio devem ser encaminhadas a Comiss\u00e3o.<\/p>\n<p><strong>Clique no link a seguir para realizar a sua inscri\u00e7\u00e3o no Curso de Forma\u00e7\u00e3o Para Exerc\u00edcio da Fun\u00e7\u00e3o de Diretor<\/strong> &nbsp;\u27a1\ufe0f<a href=\"https:\/\/forms.gle\/KXNHAsbyHhzLCbpe7\"> INSCRI\u00c7\u00c3O &#8211; clique aqui<\/a><\/p>\n<p>&nbsp;<\/p>\n","protected":false},"excerpt":{"rendered":"<p>A Comiss\u00e3o Organizadora Central (COC) do Processo de Consulta \u00e0 Comunidade Escolar para Designa\u00e7\u00e3o de Diretores das Unidades Escolares, d\u00e1 in\u00edcio as inscri\u00e7\u00f5es da 2\u00ba etapa de inscri\u00e7\u00e3o dos candidatos&nbsp; para o curso de forma\u00e7\u00e3o previsto no Decreto 518\/2021. Devem se inscrever para o curso os candidatos cujo os nomes constam na lista de inscri\u00e7\u00f5es [&hellip;]<\/p>\n","protected":false},"author":7,"featured_media":0,"comment_status":"closed","ping_status":"open","sticky":false,"template":"","format":"standard","meta":{"ngg_post_thumbnail":0,"footnotes":""},"categories":[1],"tags":[],"class_list":["post-1055","post","type-post","status-publish","format-standard","hentry","category-educacao"],"yoast_head":"<!-- This site is optimized with the Yoast SEO plugin v24.4 - https:\/\/yoast.com\/wordpress\/plugins\/seo\/ -->\n<title>Abertas as inscri\u00e7\u00f5es para o Curso de Forma\u00e7\u00e3o para o Exerc\u00edcio da Fun\u00e7\u00e3o de Diretor Escolar - Secretaria de Educa\u00e7\u00e3o e Cultura<\/title>\n<meta name=\"robots\" content=\"index, follow, max-snippet:-1, max-image-preview:large, max-video-preview:-1\" \/>\n<link rel=\"canonical\" href=\"https:\/\/educacao.cambe.pr.gov.br\/index.php\/aberta-as-inscricoes-para-o-curso-de-formacao-para-o-exercicio-da-funcao-de-diretor-escolar\/\" \/>\n<meta property=\"og:locale\" content=\"pt_BR\" \/>\n<meta property=\"og:type\" content=\"article\" \/>\n<meta property=\"og:title\" content=\"Abertas as inscri\u00e7\u00f5es para o Curso de Forma\u00e7\u00e3o para o Exerc\u00edcio da Fun\u00e7\u00e3o de Diretor Escolar - Secretaria de Educa\u00e7\u00e3o e Cultura\" \/>\n<meta property=\"og:description\" content=\"A Comiss\u00e3o Organizadora Central (COC) do Processo de Consulta \u00e0 Comunidade Escolar para Designa\u00e7\u00e3o de Diretores das Unidades Escolares, d\u00e1 in\u00edcio as inscri\u00e7\u00f5es da 2\u00ba etapa de inscri\u00e7\u00e3o dos candidatos&nbsp; para o curso de forma\u00e7\u00e3o previsto no Decreto 518\/2021. Devem se inscrever para o curso os candidatos cujo os nomes constam na lista de inscri\u00e7\u00f5es [&hellip;]\" \/>\n<meta property=\"og:url\" content=\"https:\/\/educacao.cambe.pr.gov.br\/index.php\/aberta-as-inscricoes-para-o-curso-de-formacao-para-o-exercicio-da-funcao-de-diretor-escolar\/\" \/>\n<meta property=\"og:site_name\" content=\"Secretaria de Educa\u00e7\u00e3o e Cultura\" \/>\n<meta property=\"article:published_time\" content=\"2021-09-27T13:17:35+00:00\" \/>\n<meta property=\"article:modified_time\" content=\"2024-10-08T11:26:23+00:00\" \/>\n<meta name=\"author\" content=\"Juliano Lopes da Silva\" \/>\n<meta name=\"twitter:card\" content=\"summary_large_image\" \/>\n<meta name=\"twitter:label1\" content=\"Escrito por\" \/>\n\t<meta name=\"twitter:data1\" content=\"Juliano Lopes da Silva\" \/>\n\t<meta name=\"twitter:label2\" content=\"Est. tempo de leitura\" \/>\n\t<meta name=\"twitter:data2\" content=\"1 minuto\" \/>\n<script type=\"application\/ld+json\" class=\"yoast-schema-graph\">{\"@context\":\"https:\/\/schema.org\",\"@graph\":[{\"@type\":\"Article\",\"@id\":\"https:\/\/educacao.cambe.pr.gov.br\/index.php\/aberta-as-inscricoes-para-o-curso-de-formacao-para-o-exercicio-da-funcao-de-diretor-escolar\/#article\",\"isPartOf\":{\"@id\":\"https:\/\/educacao.cambe.pr.gov.br\/index.php\/aberta-as-inscricoes-para-o-curso-de-formacao-para-o-exercicio-da-funcao-de-diretor-escolar\/\"},\"author\":{\"name\":\"Juliano Lopes da Silva\",\"@id\":\"https:\/\/educacao.cambe.pr.gov.br\/#\/schema\/person\/a194ff5a99ad942628443f37e7b98c85\"},\"headline\":\"Abertas as inscri\u00e7\u00f5es para o Curso de Forma\u00e7\u00e3o para o Exerc\u00edcio da Fun\u00e7\u00e3o de Diretor Escolar\",\"datePublished\":\"2021-09-27T13:17:35+00:00\",\"dateModified\":\"2024-10-08T11:26:23+00:00\",\"mainEntityOfPage\":{\"@id\":\"https:\/\/educacao.cambe.pr.gov.br\/index.php\/aberta-as-inscricoes-para-o-curso-de-formacao-para-o-exercicio-da-funcao-de-diretor-escolar\/\"},\"wordCount\":157,\"publisher\":{\"@id\":\"https:\/\/educacao.cambe.pr.gov.br\/#organization\"},\"articleSection\":[\"Educa\u00e7\u00e3o\"],\"inLanguage\":\"pt-BR\"},{\"@type\":\"WebPage\",\"@id\":\"https:\/\/educacao.cambe.pr.gov.br\/index.php\/aberta-as-inscricoes-para-o-curso-de-formacao-para-o-exercicio-da-funcao-de-diretor-escolar\/\",\"url\":\"https:\/\/educacao.cambe.pr.gov.br\/index.php\/aberta-as-inscricoes-para-o-curso-de-formacao-para-o-exercicio-da-funcao-de-diretor-escolar\/\",\"name\":\"Abertas as inscri\u00e7\u00f5es para o Curso de Forma\u00e7\u00e3o para o Exerc\u00edcio da Fun\u00e7\u00e3o de Diretor Escolar - Secretaria de Educa\u00e7\u00e3o e Cultura\",\"isPartOf\":{\"@id\":\"https:\/\/educacao.cambe.pr.gov.br\/#website\"},\"datePublished\":\"2021-09-27T13:17:35+00:00\",\"dateModified\":\"2024-10-08T11:26:23+00:00\",\"breadcrumb\":{\"@id\":\"https:\/\/educacao.cambe.pr.gov.br\/index.php\/aberta-as-inscricoes-para-o-curso-de-formacao-para-o-exercicio-da-funcao-de-diretor-escolar\/#breadcrumb\"},\"inLanguage\":\"pt-BR\",\"potentialAction\":[{\"@type\":\"ReadAction\",\"target\":[\"https:\/\/educacao.cambe.pr.gov.br\/index.php\/aberta-as-inscricoes-para-o-curso-de-formacao-para-o-exercicio-da-funcao-de-diretor-escolar\/\"]}]},{\"@type\":\"BreadcrumbList\",\"@id\":\"https:\/\/educacao.cambe.pr.gov.br\/index.php\/aberta-as-inscricoes-para-o-curso-de-formacao-para-o-exercicio-da-funcao-de-diretor-escolar\/#breadcrumb\",\"itemListElement\":[{\"@type\":\"ListItem\",\"position\":1,\"name\":\"In\u00edcio\",\"item\":\"https:\/\/educacao.cambe.pr.gov.br\/\"},{\"@type\":\"ListItem\",\"position\":2,\"name\":\"Abertas as inscri\u00e7\u00f5es para o Curso de Forma\u00e7\u00e3o para o Exerc\u00edcio da Fun\u00e7\u00e3o de Diretor Escolar\"}]},{\"@type\":\"WebSite\",\"@id\":\"https:\/\/educacao.cambe.pr.gov.br\/#website\",\"url\":\"https:\/\/educacao.cambe.pr.gov.br\/\",\"name\":\"Secretaria de Educa\u00e7\u00e3o e Cultura\",\"description\":\"Prefeitura de Camb\u00e9\",\"publisher\":{\"@id\":\"https:\/\/educacao.cambe.pr.gov.br\/#organization\"},\"potentialAction\":[{\"@type\":\"SearchAction\",\"target\":{\"@type\":\"EntryPoint\",\"urlTemplate\":\"https:\/\/educacao.cambe.pr.gov.br\/?s={search_term_string}\"},\"query-input\":{\"@type\":\"PropertyValueSpecification\",\"valueRequired\":true,\"valueName\":\"search_term_string\"}}],\"inLanguage\":\"pt-BR\"},{\"@type\":\"Organization\",\"@id\":\"https:\/\/educacao.cambe.pr.gov.br\/#organization\",\"name\":\"Secretaria de Educa\u00e7\u00e3o e Cultura\",\"url\":\"https:\/\/educacao.cambe.pr.gov.br\/\",\"logo\":{\"@type\":\"ImageObject\",\"inLanguage\":\"pt-BR\",\"@id\":\"https:\/\/educacao.cambe.pr.gov.br\/#\/schema\/logo\/image\/\",\"url\":\"https:\/\/educacao.cambe.pr.gov.br\/wp-content\/uploads\/2020\/08\/cambe_rural_brazao-pq.png\",\"contentUrl\":\"https:\/\/educacao.cambe.pr.gov.br\/wp-content\/uploads\/2020\/08\/cambe_rural_brazao-pq.png\",\"width\":150,\"height\":150,\"caption\":\"Secretaria de Educa\u00e7\u00e3o e Cultura\"},\"image\":{\"@id\":\"https:\/\/educacao.cambe.pr.gov.br\/#\/schema\/logo\/image\/\"}},{\"@type\":\"Person\",\"@id\":\"https:\/\/educacao.cambe.pr.gov.br\/#\/schema\/person\/a194ff5a99ad942628443f37e7b98c85\",\"name\":\"Juliano Lopes da Silva\",\"image\":{\"@type\":\"ImageObject\",\"inLanguage\":\"pt-BR\",\"@id\":\"https:\/\/educacao.cambe.pr.gov.br\/#\/schema\/person\/image\/\",\"url\":\"https:\/\/secure.gravatar.com\/avatar\/6b2019b8516158d7cb6416618a3a2b45?s=96&d=mm&r=g\",\"contentUrl\":\"https:\/\/secure.gravatar.com\/avatar\/6b2019b8516158d7cb6416618a3a2b45?s=96&d=mm&r=g\",\"caption\":\"Juliano Lopes da Silva\"},\"url\":\"https:\/\/educacao.cambe.pr.gov.br\/index.php\/author\/jlsilva\/\"}]}<\/script>\n<!-- \/ Yoast SEO plugin. -->","yoast_head_json":{"title":"Abertas as inscri\u00e7\u00f5es para o Curso de Forma\u00e7\u00e3o para o Exerc\u00edcio da Fun\u00e7\u00e3o de Diretor Escolar - Secretaria de Educa\u00e7\u00e3o e Cultura","robots":{"index":"index","follow":"follow","max-snippet":"max-snippet:-1","max-image-preview":"max-image-preview:large","max-video-preview":"max-video-preview:-1"},"canonical":"https:\/\/educacao.cambe.pr.gov.br\/index.php\/aberta-as-inscricoes-para-o-curso-de-formacao-para-o-exercicio-da-funcao-de-diretor-escolar\/","og_locale":"pt_BR","og_type":"article","og_title":"Abertas as inscri\u00e7\u00f5es para o Curso de Forma\u00e7\u00e3o para o Exerc\u00edcio da Fun\u00e7\u00e3o de Diretor Escolar - Secretaria de Educa\u00e7\u00e3o e Cultura","og_description":"A Comiss\u00e3o Organizadora Central (COC) do Processo de Consulta \u00e0 Comunidade Escolar para Designa\u00e7\u00e3o de Diretores das Unidades Escolares, d\u00e1 in\u00edcio as inscri\u00e7\u00f5es da 2\u00ba etapa de inscri\u00e7\u00e3o dos candidatos&nbsp; para o curso de forma\u00e7\u00e3o previsto no Decreto 518\/2021. Devem se inscrever para o curso os candidatos cujo os nomes constam na lista de inscri\u00e7\u00f5es [&hellip;]","og_url":"https:\/\/educacao.cambe.pr.gov.br\/index.php\/aberta-as-inscricoes-para-o-curso-de-formacao-para-o-exercicio-da-funcao-de-diretor-escolar\/","og_site_name":"Secretaria de Educa\u00e7\u00e3o e Cultura","article_published_time":"2021-09-27T13:17:35+00:00","article_modified_time":"2024-10-08T11:26:23+00:00","author":"Juliano Lopes da Silva","twitter_card":"summary_large_image","twitter_misc":{"Escrito por":"Juliano Lopes da Silva","Est. tempo de leitura":"1 minuto"},"schema":{"@context":"https:\/\/schema.org","@graph":[{"@type":"Article","@id":"https:\/\/educacao.cambe.pr.gov.br\/index.php\/aberta-as-inscricoes-para-o-curso-de-formacao-para-o-exercicio-da-funcao-de-diretor-escolar\/#article","isPartOf":{"@id":"https:\/\/educacao.cambe.pr.gov.br\/index.php\/aberta-as-inscricoes-para-o-curso-de-formacao-para-o-exercicio-da-funcao-de-diretor-escolar\/"},"author":{"name":"Juliano Lopes da Silva","@id":"https:\/\/educacao.cambe.pr.gov.br\/#\/schema\/person\/a194ff5a99ad942628443f37e7b98c85"},"headline":"Abertas as inscri\u00e7\u00f5es para o Curso de Forma\u00e7\u00e3o para o Exerc\u00edcio da Fun\u00e7\u00e3o de Diretor Escolar","datePublished":"2021-09-27T13:17:35+00:00","dateModified":"2024-10-08T11:26:23+00:00","mainEntityOfPage":{"@id":"https:\/\/educacao.cambe.pr.gov.br\/index.php\/aberta-as-inscricoes-para-o-curso-de-formacao-para-o-exercicio-da-funcao-de-diretor-escolar\/"},"wordCount":157,"publisher":{"@id":"https:\/\/educacao.cambe.pr.gov.br\/#organization"},"articleSection":["Educa\u00e7\u00e3o"],"inLanguage":"pt-BR"},{"@type":"WebPage","@id":"https:\/\/educacao.cambe.pr.gov.br\/index.php\/aberta-as-inscricoes-para-o-curso-de-formacao-para-o-exercicio-da-funcao-de-diretor-escolar\/","url":"https:\/\/educacao.cambe.pr.gov.br\/index.php\/aberta-as-inscricoes-para-o-curso-de-formacao-para-o-exercicio-da-funcao-de-diretor-escolar\/","name":"Abertas as inscri\u00e7\u00f5es para o Curso de Forma\u00e7\u00e3o para o Exerc\u00edcio da Fun\u00e7\u00e3o de Diretor Escolar - Secretaria de Educa\u00e7\u00e3o e Cultura","isPartOf":{"@id":"https:\/\/educacao.cambe.pr.gov.br\/#website"},"datePublished":"2021-09-27T13:17:35+00:00","dateModified":"2024-10-08T11:26:23+00:00","breadcrumb":{"@id":"https:\/\/educacao.cambe.pr.gov.br\/index.php\/aberta-as-inscricoes-para-o-curso-de-formacao-para-o-exercicio-da-funcao-de-diretor-escolar\/#breadcrumb"},"inLanguage":"pt-BR","potentialAction":[{"@type":"ReadAction","target":["https:\/\/educacao.cambe.pr.gov.br\/index.php\/aberta-as-inscricoes-para-o-curso-de-formacao-para-o-exercicio-da-funcao-de-diretor-escolar\/"]}]},{"@type":"BreadcrumbList","@id":"https:\/\/educacao.cambe.pr.gov.br\/index.php\/aberta-as-inscricoes-para-o-curso-de-formacao-para-o-exercicio-da-funcao-de-diretor-escolar\/#breadcrumb","itemListElement":[{"@type":"ListItem","position":1,"name":"In\u00edcio","item":"https:\/\/educacao.cambe.pr.gov.br\/"},{"@type":"ListItem","position":2,"name":"Abertas as inscri\u00e7\u00f5es para o Curso de Forma\u00e7\u00e3o para o Exerc\u00edcio da Fun\u00e7\u00e3o de Diretor Escolar"}]},{"@type":"WebSite","@id":"https:\/\/educacao.cambe.pr.gov.br\/#website","url":"https:\/\/educacao.cambe.pr.gov.br\/","name":"Secretaria de Educa\u00e7\u00e3o e Cultura","description":"Prefeitura de Camb\u00e9","publisher":{"@id":"https:\/\/educacao.cambe.pr.gov.br\/#organization"},"potentialAction":[{"@type":"SearchAction","target":{"@type":"EntryPoint","urlTemplate":"https:\/\/educacao.cambe.pr.gov.br\/?s={search_term_string}"},"query-input":{"@type":"PropertyValueSpecification","valueRequired":true,"valueName":"search_term_string"}}],"inLanguage":"pt-BR"},{"@type":"Organization","@id":"https:\/\/educacao.cambe.pr.gov.br\/#organization","name":"Secretaria de Educa\u00e7\u00e3o e Cultura","url":"https:\/\/educacao.cambe.pr.gov.br\/","logo":{"@type":"ImageObject","inLanguage":"pt-BR","@id":"https:\/\/educacao.cambe.pr.gov.br\/#\/schema\/logo\/image\/","url":"https:\/\/educacao.cambe.pr.gov.br\/wp-content\/uploads\/2020\/08\/cambe_rural_brazao-pq.png","contentUrl":"https:\/\/educacao.cambe.pr.gov.br\/wp-content\/uploads\/2020\/08\/cambe_rural_brazao-pq.png","width":150,"height":150,"caption":"Secretaria de Educa\u00e7\u00e3o e Cultura"},"image":{"@id":"https:\/\/educacao.cambe.pr.gov.br\/#\/schema\/logo\/image\/"}},{"@type":"Person","@id":"https:\/\/educacao.cambe.pr.gov.br\/#\/schema\/person\/a194ff5a99ad942628443f37e7b98c85","name":"Juliano Lopes da Silva","image":{"@type":"ImageObject","inLanguage":"pt-BR","@id":"https:\/\/educacao.cambe.pr.gov.br\/#\/schema\/person\/image\/","url":"https:\/\/secure.gravatar.com\/avatar\/6b2019b8516158d7cb6416618a3a2b45?s=96&d=mm&r=g","contentUrl":"https:\/\/secure.gravatar.com\/avatar\/6b2019b8516158d7cb6416618a3a2b45?s=96&d=mm&r=g","caption":"Juliano Lopes da Silva"},"url":"https:\/\/educacao.cambe.pr.gov.br\/index.php\/author\/jlsilva\/"}]}},"_links":{"self":[{"href":"https:\/\/educacao.cambe.pr.gov.br\/index.php\/wp-json\/wp\/v2\/posts\/1055","targetHints":{"allow":["GET"]}}],"collection":[{"href":"https:\/\/educacao.cambe.pr.gov.br\/index.php\/wp-json\/wp\/v2\/posts"}],"about":[{"href":"https:\/\/educacao.cambe.pr.gov.br\/index.php\/wp-json\/wp\/v2\/types\/post"}],"author":[{"embeddable":true,"href":"https:\/\/educacao.cambe.pr.gov.br\/index.php\/wp-json\/wp\/v2\/users\/7"}],"replies":[{"embeddable":true,"href":"https:\/\/educacao.cambe.pr.gov.br\/index.php\/wp-json\/wp\/v2\/comments?post=1055"}],"version-history":[{"count":2,"href":"https:\/\/educacao.cambe.pr.gov.br\/index.php\/wp-json\/wp\/v2\/posts\/1055\/revisions"}],"predecessor-version":[{"id":1057,"href":"https:\/\/educacao.cambe.pr.gov.br\/index.php\/wp-json\/wp\/v2\/posts\/1055\/revisions\/1057"}],"wp:attachment":[{"href":"https:\/\/educacao.cambe.pr.gov.br\/index.php\/wp-json\/wp\/v2\/media?parent=1055"}],"wp:term":[{"taxonomy":"category","embeddable":true,"href":"https:\/\/educacao.cambe.pr.gov.br\/index.php\/wp-json\/wp\/v2\/categories?post=1055"},{"taxonomy":"post_tag","embeddable":true,"href":"https:\/\/educacao.cambe.pr.gov.br\/index.php\/wp-json\/wp\/v2\/tags?post=1055"}],"curies":[{"name":"wp","href":"https:\/\/api.w.org\/{rel}","templated":true}]}}