{"id":1036,"date":"2021-09-23T09:32:21","date_gmt":"2021-09-23T12:32:21","guid":{"rendered":"http:\/\/educacao.cambe.pr.gov.br\/?p=1036"},"modified":"2024-10-08T08:26:23","modified_gmt":"2024-10-08T11:26:23","slug":"retificacao-da-inscricao-para-o-processo-de-consulta-a-comunidade-para-a-designacao-de-diretores","status":"publish","type":"post","link":"https:\/\/educacao.cambe.pr.gov.br\/index.php\/retificacao-da-inscricao-para-o-processo-de-consulta-a-comunidade-para-a-designacao-de-diretores\/","title":{"rendered":"Retifica\u00e7\u00e3o da Inscri\u00e7\u00e3o para o Processo de Consulta \u00e0 Comunidade para a Designa\u00e7\u00e3o de Diretores"},"content":{"rendered":"<p style=\"text-align: justify;\">Conforme documento anexo a esta postagem, publica-se o Extrato da Ata de Reuni\u00e3o da Comiss\u00e3o Organizadora Central (COC) do Processo de Consulta \u00e0 Comunidade Escolar para a Designa\u00e7\u00e3o de Diretores das Unidades Escolares Regida pelo DECRETO 518\/2021.<\/p>\n<p>Conforme documento, publica-se a chamada para que os 60 candidatos j\u00e1 inscritos no Processo de Consulta \u00e0 Comunidade Escolar para a Designa\u00e7\u00e3o de Diretores realizem a retifica\u00e7\u00e3o da sua inscri\u00e7\u00e3o na 1\u00ba etapa do processo.<\/p>\n<p>De acordo com o Extrato da Ata publicado, a partir das considera\u00e7\u00f5es l\u00e1 expostas, decide-se:<\/p>\n<ol>\n<li style=\"text-align: justify;\">Oportunizar a todos os 60 candidatos inscritos que promovam a retifica\u00e7\u00e3o da inscri\u00e7\u00e3o fazendo inserir novamente os documentos exigidos no Art. 3, Inciso II (diploma ou certificado ou declara\u00e7\u00e3o, todos acompanhados de hist\u00f3rico escolar)&nbsp;ao pedido <strong>at\u00e9 as 23:59 horas do dia 23 de setembro de 2021. <\/strong><\/li>\n<li style=\"text-align: justify;\">N\u00e3o ser\u00e3o aceitas novas inscri\u00e7\u00f5es, apenas a retifica\u00e7\u00e3o daquelas efetivadas tempestivamente.<\/li>\n<li style=\"text-align: justify;\">Caso o candidato inscrito tenha d\u00favidas se inseriu ou n\u00e3o todos os documentos, sugere-se que o fa\u00e7a no prazo ora assinalado, vez que n\u00e3o ser\u00e1 informado a cada candidato individualmente se sua inscri\u00e7\u00e3o est\u00e1 ou n\u00e3o com a documenta\u00e7\u00e3o completa.<\/li>\n<li style=\"text-align: justify;\">Fica mantido o cronograma das demais etapas do processo previsto no Art. 50 do DECRETO.<\/li>\n<li style=\"text-align: justify;\">Todos os candidatos ser\u00e3o comunicados individualmente pelo e-mail institucional,&nbsp;sem preju\u00edzo da publica\u00e7\u00e3o deste aviso no site da Secretaria da Educa\u00e7\u00e3o e no&nbsp;Jornal Oficial do Munic\u00edpio.<\/li>\n<li style=\"text-align: justify;\">Os candidatos que n\u00e3o apresentarem todos os documentos exigidos pelo Art. 3, II do DECRETO at\u00e9 o prazo informado neste aviso ter\u00e3o a inscri\u00e7\u00e3o indeferida e n\u00e3o&nbsp;haver\u00e1 nova prorroga\u00e7\u00e3o de prazo.<\/li>\n<\/ol>\n<p style=\"text-align: justify;\">A COC&nbsp; informa ainda que as d\u00favidas sobre o processo devem ser direcionada via e-mail &lt;<a href=\"mailto:cocsemed@educa.cambe.pr.gov.br\">cocsemed@educa.cambe.pr.gov.br<\/a>&gt; ou por telefone (43) 31740253. Esclarece tamb\u00e9m que, \u00e9&nbsp;obrigat\u00f3rio o login com o e-mail institucional para acessar o formul\u00e1rio.<\/p>\n<p>Link para o Extrato da Ata \u27a1\ufe0f <a href=\"https:\/\/drive.google.com\/file\/d\/1kzu6AtGwjcuPAW2SRXwZAVu1IyS352MD\/view?usp=sharing\">Extrato da Ata &#8211; clique aqui<\/a>&nbsp;<\/p>\n<p>Link para o formul\u00e1rio \u27a1\ufe0f <a href=\"https:\/\/forms.gle\/FEW5jBRCL7TDJeX2A\">Formul\u00e1rio de Retifica\u00e7\u00e3o &#8211; clique aqui<\/a><\/p>\n<p>&nbsp;<\/p>\n<p>&nbsp;<\/p>\n","protected":false},"excerpt":{"rendered":"<p>Conforme documento anexo a esta postagem, publica-se o Extrato da Ata de Reuni\u00e3o da Comiss\u00e3o Organizadora Central (COC) do Processo de Consulta \u00e0 Comunidade Escolar para a Designa\u00e7\u00e3o de Diretores das Unidades Escolares Regida pelo DECRETO 518\/2021. Conforme documento, publica-se a chamada para que os 60 candidatos j\u00e1 inscritos no Processo de Consulta \u00e0 Comunidade [&hellip;]<\/p>\n","protected":false},"author":7,"featured_media":0,"comment_status":"closed","ping_status":"open","sticky":false,"template":"","format":"standard","meta":{"ngg_post_thumbnail":0,"footnotes":""},"categories":[1],"tags":[],"class_list":["post-1036","post","type-post","status-publish","format-standard","hentry","category-educacao"],"yoast_head":"<!-- This site is optimized with the Yoast SEO plugin v24.4 - https:\/\/yoast.com\/wordpress\/plugins\/seo\/ -->\n<title>Retifica\u00e7\u00e3o da Inscri\u00e7\u00e3o para o Processo de Consulta \u00e0 Comunidade para a Designa\u00e7\u00e3o de Diretores - Secretaria de Educa\u00e7\u00e3o e Cultura<\/title>\n<meta name=\"robots\" content=\"index, follow, max-snippet:-1, max-image-preview:large, max-video-preview:-1\" \/>\n<link rel=\"canonical\" href=\"https:\/\/educacao.cambe.pr.gov.br\/index.php\/retificacao-da-inscricao-para-o-processo-de-consulta-a-comunidade-para-a-designacao-de-diretores\/\" \/>\n<meta property=\"og:locale\" content=\"pt_BR\" \/>\n<meta property=\"og:type\" content=\"article\" \/>\n<meta property=\"og:title\" content=\"Retifica\u00e7\u00e3o da Inscri\u00e7\u00e3o para o Processo de Consulta \u00e0 Comunidade para a Designa\u00e7\u00e3o de Diretores - Secretaria de Educa\u00e7\u00e3o e Cultura\" \/>\n<meta property=\"og:description\" content=\"Conforme documento anexo a esta postagem, publica-se o Extrato da Ata de Reuni\u00e3o da Comiss\u00e3o Organizadora Central (COC) do Processo de Consulta \u00e0 Comunidade Escolar para a Designa\u00e7\u00e3o de Diretores das Unidades Escolares Regida pelo DECRETO 518\/2021. Conforme documento, publica-se a chamada para que os 60 candidatos j\u00e1 inscritos no Processo de Consulta \u00e0 Comunidade [&hellip;]\" \/>\n<meta property=\"og:url\" content=\"https:\/\/educacao.cambe.pr.gov.br\/index.php\/retificacao-da-inscricao-para-o-processo-de-consulta-a-comunidade-para-a-designacao-de-diretores\/\" \/>\n<meta property=\"og:site_name\" content=\"Secretaria de Educa\u00e7\u00e3o e Cultura\" \/>\n<meta property=\"article:published_time\" content=\"2021-09-23T12:32:21+00:00\" \/>\n<meta property=\"article:modified_time\" content=\"2024-10-08T11:26:23+00:00\" \/>\n<meta name=\"author\" content=\"Juliano Lopes da Silva\" \/>\n<meta name=\"twitter:card\" content=\"summary_large_image\" \/>\n<meta name=\"twitter:label1\" content=\"Escrito por\" \/>\n\t<meta name=\"twitter:data1\" content=\"Juliano Lopes da Silva\" \/>\n\t<meta name=\"twitter:label2\" content=\"Est. tempo de leitura\" \/>\n\t<meta name=\"twitter:data2\" content=\"2 minutos\" \/>\n<script type=\"application\/ld+json\" class=\"yoast-schema-graph\">{\"@context\":\"https:\/\/schema.org\",\"@graph\":[{\"@type\":\"Article\",\"@id\":\"https:\/\/educacao.cambe.pr.gov.br\/index.php\/retificacao-da-inscricao-para-o-processo-de-consulta-a-comunidade-para-a-designacao-de-diretores\/#article\",\"isPartOf\":{\"@id\":\"https:\/\/educacao.cambe.pr.gov.br\/index.php\/retificacao-da-inscricao-para-o-processo-de-consulta-a-comunidade-para-a-designacao-de-diretores\/\"},\"author\":{\"name\":\"Juliano Lopes da Silva\",\"@id\":\"https:\/\/educacao.cambe.pr.gov.br\/#\/schema\/person\/a194ff5a99ad942628443f37e7b98c85\"},\"headline\":\"Retifica\u00e7\u00e3o da Inscri\u00e7\u00e3o para o Processo de Consulta \u00e0 Comunidade para a Designa\u00e7\u00e3o de Diretores\",\"datePublished\":\"2021-09-23T12:32:21+00:00\",\"dateModified\":\"2024-10-08T11:26:23+00:00\",\"mainEntityOfPage\":{\"@id\":\"https:\/\/educacao.cambe.pr.gov.br\/index.php\/retificacao-da-inscricao-para-o-processo-de-consulta-a-comunidade-para-a-designacao-de-diretores\/\"},\"wordCount\":374,\"publisher\":{\"@id\":\"https:\/\/educacao.cambe.pr.gov.br\/#organization\"},\"articleSection\":[\"Educa\u00e7\u00e3o\"],\"inLanguage\":\"pt-BR\"},{\"@type\":\"WebPage\",\"@id\":\"https:\/\/educacao.cambe.pr.gov.br\/index.php\/retificacao-da-inscricao-para-o-processo-de-consulta-a-comunidade-para-a-designacao-de-diretores\/\",\"url\":\"https:\/\/educacao.cambe.pr.gov.br\/index.php\/retificacao-da-inscricao-para-o-processo-de-consulta-a-comunidade-para-a-designacao-de-diretores\/\",\"name\":\"Retifica\u00e7\u00e3o da Inscri\u00e7\u00e3o para o Processo de Consulta \u00e0 Comunidade para a Designa\u00e7\u00e3o de Diretores - Secretaria de Educa\u00e7\u00e3o e Cultura\",\"isPartOf\":{\"@id\":\"https:\/\/educacao.cambe.pr.gov.br\/#website\"},\"datePublished\":\"2021-09-23T12:32:21+00:00\",\"dateModified\":\"2024-10-08T11:26:23+00:00\",\"breadcrumb\":{\"@id\":\"https:\/\/educacao.cambe.pr.gov.br\/index.php\/retificacao-da-inscricao-para-o-processo-de-consulta-a-comunidade-para-a-designacao-de-diretores\/#breadcrumb\"},\"inLanguage\":\"pt-BR\",\"potentialAction\":[{\"@type\":\"ReadAction\",\"target\":[\"https:\/\/educacao.cambe.pr.gov.br\/index.php\/retificacao-da-inscricao-para-o-processo-de-consulta-a-comunidade-para-a-designacao-de-diretores\/\"]}]},{\"@type\":\"BreadcrumbList\",\"@id\":\"https:\/\/educacao.cambe.pr.gov.br\/index.php\/retificacao-da-inscricao-para-o-processo-de-consulta-a-comunidade-para-a-designacao-de-diretores\/#breadcrumb\",\"itemListElement\":[{\"@type\":\"ListItem\",\"position\":1,\"name\":\"In\u00edcio\",\"item\":\"https:\/\/educacao.cambe.pr.gov.br\/\"},{\"@type\":\"ListItem\",\"position\":2,\"name\":\"Retifica\u00e7\u00e3o da Inscri\u00e7\u00e3o para o Processo de Consulta \u00e0 Comunidade para a Designa\u00e7\u00e3o de Diretores\"}]},{\"@type\":\"WebSite\",\"@id\":\"https:\/\/educacao.cambe.pr.gov.br\/#website\",\"url\":\"https:\/\/educacao.cambe.pr.gov.br\/\",\"name\":\"Secretaria de Educa\u00e7\u00e3o e Cultura\",\"description\":\"Prefeitura de Camb\u00e9\",\"publisher\":{\"@id\":\"https:\/\/educacao.cambe.pr.gov.br\/#organization\"},\"potentialAction\":[{\"@type\":\"SearchAction\",\"target\":{\"@type\":\"EntryPoint\",\"urlTemplate\":\"https:\/\/educacao.cambe.pr.gov.br\/?s={search_term_string}\"},\"query-input\":{\"@type\":\"PropertyValueSpecification\",\"valueRequired\":true,\"valueName\":\"search_term_string\"}}],\"inLanguage\":\"pt-BR\"},{\"@type\":\"Organization\",\"@id\":\"https:\/\/educacao.cambe.pr.gov.br\/#organization\",\"name\":\"Secretaria de Educa\u00e7\u00e3o e Cultura\",\"url\":\"https:\/\/educacao.cambe.pr.gov.br\/\",\"logo\":{\"@type\":\"ImageObject\",\"inLanguage\":\"pt-BR\",\"@id\":\"https:\/\/educacao.cambe.pr.gov.br\/#\/schema\/logo\/image\/\",\"url\":\"https:\/\/educacao.cambe.pr.gov.br\/wp-content\/uploads\/2020\/08\/cambe_rural_brazao-pq.png\",\"contentUrl\":\"https:\/\/educacao.cambe.pr.gov.br\/wp-content\/uploads\/2020\/08\/cambe_rural_brazao-pq.png\",\"width\":150,\"height\":150,\"caption\":\"Secretaria de Educa\u00e7\u00e3o e Cultura\"},\"image\":{\"@id\":\"https:\/\/educacao.cambe.pr.gov.br\/#\/schema\/logo\/image\/\"}},{\"@type\":\"Person\",\"@id\":\"https:\/\/educacao.cambe.pr.gov.br\/#\/schema\/person\/a194ff5a99ad942628443f37e7b98c85\",\"name\":\"Juliano Lopes da Silva\",\"image\":{\"@type\":\"ImageObject\",\"inLanguage\":\"pt-BR\",\"@id\":\"https:\/\/educacao.cambe.pr.gov.br\/#\/schema\/person\/image\/\",\"url\":\"https:\/\/secure.gravatar.com\/avatar\/6b2019b8516158d7cb6416618a3a2b45?s=96&d=mm&r=g\",\"contentUrl\":\"https:\/\/secure.gravatar.com\/avatar\/6b2019b8516158d7cb6416618a3a2b45?s=96&d=mm&r=g\",\"caption\":\"Juliano Lopes da Silva\"},\"url\":\"https:\/\/educacao.cambe.pr.gov.br\/index.php\/author\/jlsilva\/\"}]}<\/script>\n<!-- \/ Yoast SEO plugin. -->","yoast_head_json":{"title":"Retifica\u00e7\u00e3o da Inscri\u00e7\u00e3o para o Processo de Consulta \u00e0 Comunidade para a Designa\u00e7\u00e3o de Diretores - Secretaria de Educa\u00e7\u00e3o e Cultura","robots":{"index":"index","follow":"follow","max-snippet":"max-snippet:-1","max-image-preview":"max-image-preview:large","max-video-preview":"max-video-preview:-1"},"canonical":"https:\/\/educacao.cambe.pr.gov.br\/index.php\/retificacao-da-inscricao-para-o-processo-de-consulta-a-comunidade-para-a-designacao-de-diretores\/","og_locale":"pt_BR","og_type":"article","og_title":"Retifica\u00e7\u00e3o da Inscri\u00e7\u00e3o para o Processo de Consulta \u00e0 Comunidade para a Designa\u00e7\u00e3o de Diretores - Secretaria de Educa\u00e7\u00e3o e Cultura","og_description":"Conforme documento anexo a esta postagem, publica-se o Extrato da Ata de Reuni\u00e3o da Comiss\u00e3o Organizadora Central (COC) do Processo de Consulta \u00e0 Comunidade Escolar para a Designa\u00e7\u00e3o de Diretores das Unidades Escolares Regida pelo DECRETO 518\/2021. Conforme documento, publica-se a chamada para que os 60 candidatos j\u00e1 inscritos no Processo de Consulta \u00e0 Comunidade [&hellip;]","og_url":"https:\/\/educacao.cambe.pr.gov.br\/index.php\/retificacao-da-inscricao-para-o-processo-de-consulta-a-comunidade-para-a-designacao-de-diretores\/","og_site_name":"Secretaria de Educa\u00e7\u00e3o e Cultura","article_published_time":"2021-09-23T12:32:21+00:00","article_modified_time":"2024-10-08T11:26:23+00:00","author":"Juliano Lopes da Silva","twitter_card":"summary_large_image","twitter_misc":{"Escrito por":"Juliano Lopes da Silva","Est. tempo de leitura":"2 minutos"},"schema":{"@context":"https:\/\/schema.org","@graph":[{"@type":"Article","@id":"https:\/\/educacao.cambe.pr.gov.br\/index.php\/retificacao-da-inscricao-para-o-processo-de-consulta-a-comunidade-para-a-designacao-de-diretores\/#article","isPartOf":{"@id":"https:\/\/educacao.cambe.pr.gov.br\/index.php\/retificacao-da-inscricao-para-o-processo-de-consulta-a-comunidade-para-a-designacao-de-diretores\/"},"author":{"name":"Juliano Lopes da Silva","@id":"https:\/\/educacao.cambe.pr.gov.br\/#\/schema\/person\/a194ff5a99ad942628443f37e7b98c85"},"headline":"Retifica\u00e7\u00e3o da Inscri\u00e7\u00e3o para o Processo de Consulta \u00e0 Comunidade para a Designa\u00e7\u00e3o de Diretores","datePublished":"2021-09-23T12:32:21+00:00","dateModified":"2024-10-08T11:26:23+00:00","mainEntityOfPage":{"@id":"https:\/\/educacao.cambe.pr.gov.br\/index.php\/retificacao-da-inscricao-para-o-processo-de-consulta-a-comunidade-para-a-designacao-de-diretores\/"},"wordCount":374,"publisher":{"@id":"https:\/\/educacao.cambe.pr.gov.br\/#organization"},"articleSection":["Educa\u00e7\u00e3o"],"inLanguage":"pt-BR"},{"@type":"WebPage","@id":"https:\/\/educacao.cambe.pr.gov.br\/index.php\/retificacao-da-inscricao-para-o-processo-de-consulta-a-comunidade-para-a-designacao-de-diretores\/","url":"https:\/\/educacao.cambe.pr.gov.br\/index.php\/retificacao-da-inscricao-para-o-processo-de-consulta-a-comunidade-para-a-designacao-de-diretores\/","name":"Retifica\u00e7\u00e3o da Inscri\u00e7\u00e3o para o Processo de Consulta \u00e0 Comunidade para a Designa\u00e7\u00e3o de Diretores - Secretaria de Educa\u00e7\u00e3o e Cultura","isPartOf":{"@id":"https:\/\/educacao.cambe.pr.gov.br\/#website"},"datePublished":"2021-09-23T12:32:21+00:00","dateModified":"2024-10-08T11:26:23+00:00","breadcrumb":{"@id":"https:\/\/educacao.cambe.pr.gov.br\/index.php\/retificacao-da-inscricao-para-o-processo-de-consulta-a-comunidade-para-a-designacao-de-diretores\/#breadcrumb"},"inLanguage":"pt-BR","potentialAction":[{"@type":"ReadAction","target":["https:\/\/educacao.cambe.pr.gov.br\/index.php\/retificacao-da-inscricao-para-o-processo-de-consulta-a-comunidade-para-a-designacao-de-diretores\/"]}]},{"@type":"BreadcrumbList","@id":"https:\/\/educacao.cambe.pr.gov.br\/index.php\/retificacao-da-inscricao-para-o-processo-de-consulta-a-comunidade-para-a-designacao-de-diretores\/#breadcrumb","itemListElement":[{"@type":"ListItem","position":1,"name":"In\u00edcio","item":"https:\/\/educacao.cambe.pr.gov.br\/"},{"@type":"ListItem","position":2,"name":"Retifica\u00e7\u00e3o da Inscri\u00e7\u00e3o para o Processo de Consulta \u00e0 Comunidade para a Designa\u00e7\u00e3o de Diretores"}]},{"@type":"WebSite","@id":"https:\/\/educacao.cambe.pr.gov.br\/#website","url":"https:\/\/educacao.cambe.pr.gov.br\/","name":"Secretaria de Educa\u00e7\u00e3o e Cultura","description":"Prefeitura de Camb\u00e9","publisher":{"@id":"https:\/\/educacao.cambe.pr.gov.br\/#organization"},"potentialAction":[{"@type":"SearchAction","target":{"@type":"EntryPoint","urlTemplate":"https:\/\/educacao.cambe.pr.gov.br\/?s={search_term_string}"},"query-input":{"@type":"PropertyValueSpecification","valueRequired":true,"valueName":"search_term_string"}}],"inLanguage":"pt-BR"},{"@type":"Organization","@id":"https:\/\/educacao.cambe.pr.gov.br\/#organization","name":"Secretaria de Educa\u00e7\u00e3o e Cultura","url":"https:\/\/educacao.cambe.pr.gov.br\/","logo":{"@type":"ImageObject","inLanguage":"pt-BR","@id":"https:\/\/educacao.cambe.pr.gov.br\/#\/schema\/logo\/image\/","url":"https:\/\/educacao.cambe.pr.gov.br\/wp-content\/uploads\/2020\/08\/cambe_rural_brazao-pq.png","contentUrl":"https:\/\/educacao.cambe.pr.gov.br\/wp-content\/uploads\/2020\/08\/cambe_rural_brazao-pq.png","width":150,"height":150,"caption":"Secretaria de Educa\u00e7\u00e3o e Cultura"},"image":{"@id":"https:\/\/educacao.cambe.pr.gov.br\/#\/schema\/logo\/image\/"}},{"@type":"Person","@id":"https:\/\/educacao.cambe.pr.gov.br\/#\/schema\/person\/a194ff5a99ad942628443f37e7b98c85","name":"Juliano Lopes da Silva","image":{"@type":"ImageObject","inLanguage":"pt-BR","@id":"https:\/\/educacao.cambe.pr.gov.br\/#\/schema\/person\/image\/","url":"https:\/\/secure.gravatar.com\/avatar\/6b2019b8516158d7cb6416618a3a2b45?s=96&d=mm&r=g","contentUrl":"https:\/\/secure.gravatar.com\/avatar\/6b2019b8516158d7cb6416618a3a2b45?s=96&d=mm&r=g","caption":"Juliano Lopes da Silva"},"url":"https:\/\/educacao.cambe.pr.gov.br\/index.php\/author\/jlsilva\/"}]}},"_links":{"self":[{"href":"https:\/\/educacao.cambe.pr.gov.br\/index.php\/wp-json\/wp\/v2\/posts\/1036","targetHints":{"allow":["GET"]}}],"collection":[{"href":"https:\/\/educacao.cambe.pr.gov.br\/index.php\/wp-json\/wp\/v2\/posts"}],"about":[{"href":"https:\/\/educacao.cambe.pr.gov.br\/index.php\/wp-json\/wp\/v2\/types\/post"}],"author":[{"embeddable":true,"href":"https:\/\/educacao.cambe.pr.gov.br\/index.php\/wp-json\/wp\/v2\/users\/7"}],"replies":[{"embeddable":true,"href":"https:\/\/educacao.cambe.pr.gov.br\/index.php\/wp-json\/wp\/v2\/comments?post=1036"}],"version-history":[{"count":1,"href":"https:\/\/educacao.cambe.pr.gov.br\/index.php\/wp-json\/wp\/v2\/posts\/1036\/revisions"}],"predecessor-version":[{"id":1037,"href":"https:\/\/educacao.cambe.pr.gov.br\/index.php\/wp-json\/wp\/v2\/posts\/1036\/revisions\/1037"}],"wp:attachment":[{"href":"https:\/\/educacao.cambe.pr.gov.br\/index.php\/wp-json\/wp\/v2\/media?parent=1036"}],"wp:term":[{"taxonomy":"category","embeddable":true,"href":"https:\/\/educacao.cambe.pr.gov.br\/index.php\/wp-json\/wp\/v2\/categories?post=1036"},{"taxonomy":"post_tag","embeddable":true,"href":"https:\/\/educacao.cambe.pr.gov.br\/index.php\/wp-json\/wp\/v2\/tags?post=1036"}],"curies":[{"name":"wp","href":"https:\/\/api.w.org\/{rel}","templated":true}]}}